{"id":21236,"date":"2024-05-21T19:59:33","date_gmt":"2024-05-21T22:59:33","guid":{"rendered":"https:\/\/masfm.com\/emisora\/?p=21236"},"modified":"2024-05-21T19:59:37","modified_gmt":"2024-05-21T22:59:37","slug":"ca7riel-y-paco-amoroso-en-santa-fe-tribus-bar-y-arte-mas-fm","status":"publish","type":"post","link":"https:\/\/masfm.com\/emisora\/ca7riel-y-paco-amoroso-en-santa-fe-tribus-bar-y-arte-mas-fm\/","title":{"rendered":"CA7RIEL Y PACO AMOROSO EN SANTA FE"},"content":{"rendered":"\n<figure class=\"wp-block-image size-full\"><img loading=\"lazy\" decoding=\"async\" width=\"690\" height=\"330\" src=\"https:\/\/masfm.com\/emisora\/wp-content\/uploads\/2024\/05\/ca7riel-y-paco-amoroso-en-santa-fe-tribus-bar-y-arte-mas-fm.webp\" alt=\"ca7riel-y-paco-amoroso-en-santa-fe-tribus-bar-y-arte-mas-fm\" class=\"wp-image-21241\" title=\"Los artistas Ca7riel y Paco Amoroso presentan &quot;Ba\u00f1o Mar\u00eda&quot; en Santa Fe: toda la info est\u00e1 ac\u00e1!\" srcset=\"https:\/\/masfm.com\/emisora\/wp-content\/uploads\/2024\/05\/ca7riel-y-paco-amoroso-en-santa-fe-tribus-bar-y-arte-mas-fm.webp 690w, https:\/\/masfm.com\/emisora\/wp-content\/uploads\/2024\/05\/ca7riel-y-paco-amoroso-en-santa-fe-tribus-bar-y-arte-mas-fm-600x287.webp 600w, https:\/\/masfm.com\/emisora\/wp-content\/uploads\/2024\/05\/ca7riel-y-paco-amoroso-en-santa-fe-tribus-bar-y-arte-mas-fm-190x91.webp 190w, https:\/\/masfm.com\/emisora\/wp-content\/uploads\/2024\/05\/ca7riel-y-paco-amoroso-en-santa-fe-tribus-bar-y-arte-mas-fm-70x33.webp 70w, https:\/\/masfm.com\/emisora\/wp-content\/uploads\/2024\/05\/ca7riel-y-paco-amoroso-en-santa-fe-tribus-bar-y-arte-mas-fm-523x250.webp 523w, https:\/\/masfm.com\/emisora\/wp-content\/uploads\/2024\/05\/ca7riel-y-paco-amoroso-en-santa-fe-tribus-bar-y-arte-mas-fm-418x200.webp 418w, https:\/\/masfm.com\/emisora\/wp-content\/uploads\/2024\/05\/ca7riel-y-paco-amoroso-en-santa-fe-tribus-bar-y-arte-mas-fm-350x167.webp 350w, https:\/\/masfm.com\/emisora\/wp-content\/uploads\/2024\/05\/ca7riel-y-paco-amoroso-en-santa-fe-tribus-bar-y-arte-mas-fm-60x29.webp 60w\" sizes=\"auto, (max-width: 690px) 100vw, 690px\" \/><\/figure>\n\n\n\n<h2 class=\"wp-block-heading\">Los artistas Ca7riel y Paco Amoroso presentan &#8220;Ba\u00f1o Mar\u00eda&#8221; en Santa Fe: toda la info est\u00e1 ac\u00e1!<\/h2>\n\n\n\n<p>Ca7riel y Paco Amoroso en Santa Fe presentando \u201cBa\u00f1o Mar\u00eda\u201d. La cita es para el viernes 23 de agosto a las 21 hs. en Tribus Club de Arte.<\/p>\n\n\n\n<p>Las entradas est\u00e1n a la venta en la boleter\u00eda de Tribus (mi\u00e9rcoles a domingo de 18 a 00 hs) y a trav\u00e9s del sistema <a href=\"https:\/\/www.ticketway.com.ar\/#\/cartelera\" target=\"_blank\" rel=\"noopener\">Ticketway<\/a> y sus puntos de venta:<\/p>\n\n\n\n<ol class=\"wp-block-list\">\n<li>Credife Santa Fe | 25 de Mayo 2610\u00a0<\/li>\n\n\n\n<li>NEXON Peatonal Santa Fe | San Mart\u00edn 2637<\/li>\n\n\n\n<li>NEXON Arist\u00f3bulo del Valle | Arist\u00f3bulo del Valle 6780<\/li>\n\n\n\n<li>NEXON Santo Tom\u00e9 | Av. 7 de Marzo 2091<\/li>\n\n\n\n<li>NEXON Blas Parera | Av. Blas Parera 6980<\/li>\n\n\n\n<li>NEXON Paran\u00e1 | Urquiza 1031 \u00a0\u00a0<\/li>\n\n\n\n<li>Terco Tour Paran\u00e1 | 25 de Mayo 453 Paran\u00e1<\/li>\n\n\n\n<li>Credife Esperanza | Sarmiento 1960 \u00a0\u00a0<\/li>\n\n\n\n<li>Credife Rafaela | 9 de Julio 114 \u00a0 \u00a0<br>\u00a0<br><strong>VENTA TELEF\u00d3NICA<\/strong> \u00a0| 0342-155-764161<br><\/li>\n<\/ol>\n\n\n\n<h2 class=\"wp-block-heading\">La gira de CA7RIEL &amp; Paco Amoros.<\/h2>\n\n\n\n<p>BA\u00d1O MAR\u00cdA se fue mundial: despu\u00e9s de confirmar su show en el Movistar Arena, <a href=\"https:\/\/masfm.com\/emisora\/?s=CA7RIEL\" target=\"_blank\" rel=\"noreferrer noopener\">CA7RIEL<\/a> &amp; <a href=\"https:\/\/masfm.com\/emisora\/?s=Paco+Amoroso\" target=\"_blank\" rel=\"noreferrer noopener\">Paco Amoroso<\/a> anuncian ahora la gira presentaci\u00f3n de su primer disco juntos en un tour que se extender\u00e1 con m\u00e1s de 30 shows en 14 pa\u00edses de Am\u00e9rica Latina y Europa. <\/p>\n\n\n\n<p>El 22 de agosto en C\u00f3rdoba (Argentina) ser\u00e1 el primer paso de la seguidilla de shows que el d\u00fao dar\u00e1 en el tramo final de a\u00f1o, con el 14 de diciembre en Granada (Espa\u00f1a) como \u00faltima parada hasta el momento.<\/p>\n\n\n\n<p>En el medio, CA7RIEL &amp; Paco Amoroso tendr\u00e1n presentaciones en m\u00e1s de 10 ciudades argentinas y pa\u00edses como M\u00e9xico, Colombia, Francia, Alemania, el Reino Unido y M\u00e1s.<\/p>\n\n\n\n<p>El anuncio del Movistar Arena en la Ciudad de Buenos Aires no pod\u00eda ser suficiente. BA\u00d1O MAR\u00cdA se consolid\u00f3 como uno de los lanzamientos del a\u00f1o y por eso se merec\u00eda una gira a la altura. <\/p>\n\n\n\n<p>As\u00ed es que CA7RIEL &amp; Paco Amoroso decidieron embarcarse en un tour internacional. El d\u00fao llevar\u00e1 a cada escenario su propuesta visual que se convirti\u00f3 en complemento clave a la hora de plasmar el concepto del disco. <\/p>\n\n\n\n<p>Desde la presentaci\u00f3n en Lollapalooza Argentina en donde convirtieron su show en una listening party con ellos dos en un jacuzzi, hasta la publicaci\u00f3n del shortfilm y cada videoclip o story de Instagram. <\/p>\n\n\n\n<p>Todo es parte del concepto y solo falta el vivo, el lugar en el que hacen de su despliegue esc\u00e9nico otra de sus marcas registradas.<\/p>\n\n\n\n<h2 class=\"wp-block-heading\">Sobre BA\u00d1O MAR\u00cdA de CA7RIEL &amp; Paco Amoroso.<\/h2>\n\n\n\n<p>BA\u00d1O MAR\u00cdA es el primer disco en conjunto de CA7RIEL &amp; Paco Amoroso. <\/p>\n\n\n\n<p>Celebrado por los fans y la prensa como uno de los lanzamientos M\u00e1s esperados del a\u00f1o, el \u00e1lbum est\u00e1 conformado por 12 canciones que se mueven dentro de la m\u00fasica electr\u00f3nica pero con sonidos que van desde el dembow de \u201cDUMBAI\u201d al pop raver de \u201cSUPERS\u00d3NICO\u201d ft. <a href=\"https:\/\/masfm.com\/emisora\/?s=LALI\" target=\"_blank\" rel=\"noreferrer noopener\">LALI<\/a>, o el r&amp;b con base Drum &amp; Bass de \u201cBABY GANGSTA\u201d, o el EDM industrial de \u201cLA QUE PUEDE, PUEDE\u201d.<\/p>\n\n\n\n<p>Adem\u00e1s, BA\u00d1O MAR\u00cdA cuenta con un short film de 10 minutos que se puede ver en YouTube y que fue presentado el martes 9 de abril en el C Complejo Art Media de Chacarita, en exclusiva para sus fans. <\/p>\n\n\n\n<p>El cortometraje, con direcci\u00f3n creativa de Terrivle y direcci\u00f3n de Brian Kazez (Pantera) muestra a CA7RIEL &amp; Paco Amoroso en un d\u00eda completo de gira y baj\u00f3n por Buenos Aires.<\/p>\n\n\n\n<h2 class=\"wp-block-heading\">M\u00e1s sobre CA7RIEL &amp; Paco Amoroso<\/h2>\n\n\n\n<p>Conformados como un d\u00fao capaz de, literalmente cualquier cosa, CA7RIEL &amp; Paco Amoroso delinearon su marca de estilo a partir de una combinaci\u00f3n que tiene al trap, el rock y la m\u00fasica electr\u00f3nica como principales ingredientes pero que puede sumar sonidos de cualquier lado para dar con una est\u00e9tica maximalista, que desde lo visual se complementa con vestuario, videos, im\u00e1genes y una performance tan intensa como sus canciones. <\/p>\n\n\n\n<p>Una suerte de h\u00edper todo en el que conviven pasajes de rock progresivo con im\u00e1genes kitsch de la cultura popular. Tanto CA7RIEL como Paco Amoroso son capaces de hacer convivir referencias, citas y una diversidad de sonidos en pocos minutos, con la fluidez de quienes se saben m\u00e1s all\u00e1 de todo.<\/p>\n\n\n\n<h4 class=\"wp-block-heading\">En 2019, el d\u00fao irrumpi\u00f3 en la escena sin pedir permiso, y los lanzamientos de \u201cJala Jala\u201d, \u201cOUKE\u201d y \u201cOLA MINA XD\u201d se convirtieron en \u00e9xitos instant\u00e1neos al borde de lo bizarro, pero tambi\u00e9n de lo experimental.<\/h4>\n\n\n\n<p>Extendiendo el sonido de \u00e9poca hasta los l\u00edmites de lo imposible, cada tema se impon\u00eda como una novedad en la escena musical argentina. Jugar en el mainstream con una est\u00e9tica outsider no es algo que le funcione a cualquiera, y ellos lo lograron. <\/p>\n\n\n\n<p>La pandemia y los proyectos solistas pusieron pausa al trabajo en conjunto de ambos, que retomaron en 2022 con m\u00e1s shows y m\u00e1s singles (PAGA DIOS y EN EL AFTER). Este a\u00f1o, entonces, los tiene en actividad y con novedades. El lanzamiento de BA\u00d1O MAR\u00cdA, sus singles y su presentaci\u00f3n en vivo marcar\u00e1n la agenda del d\u00fao este a\u00f1o.<\/p>\n\n\n\n<h2 class=\"wp-block-heading\">Ya estamos manija!<\/h2>\n\n\n\n<p>Ca7riel y Paco Amoroso en Santa Fe y mientras los esperamos, vemos todos sus videos que ya forman parte de nuestra programaci\u00f3n, la cual desde hace a\u00f1os, la disfrut\u00e1s 100 % con im\u00e1genes.<\/p>\n\n\n\n<p>Acordate, pod\u00e9s mirarnos desde tu compu, tablet, notebook o Smart TV con s\u00f3lo&nbsp;<a href=\"https:\/\/masfm.com\/emisora\/#section-custom-content-2\" target=\"_blank\" rel=\"noreferrer noopener\">entrar ac\u00e1<\/a>.<\/p>\n\n\n\n<p>Si prefer\u00eds que la experiencia sea por medio de tu celular, bajate la App gratuitamente&nbsp;<a href=\"https:\/\/masfm.pryx.com.ar\/install\/\" target=\"_blank\" rel=\"noreferrer noopener\">desde ac\u00e1<\/a>&nbsp;y miranos desde cualquier parte del mundo, a la hora que quieras!<\/p>\n\n\n\n<p>Estamos las 24 horas con la mejor m\u00fasica y sus clips.<\/p>\n\n\n\n<h2 class=\"wp-block-heading\">Registrate a M\u00e1s FM 95 9!<\/h2>\n\n\n  \n  \n  <div class=\"\n    mailpoet_form_popup_overlay\n      \"><\/div>\n  <div\n    id=\"mailpoet_form_3\"\n    class=\"\n      mailpoet_form\n      mailpoet_form_html\n      mailpoet_form_position_\n      mailpoet_form_animation_\n    \"\n      >\n\n    <style type=\"text\/css\">\n     #mailpoet_form_3 .mailpoet_form {  }\n#mailpoet_form_3 .mailpoet_column_with_background { padding: 10px; }\n#mailpoet_form_3 .mailpoet_form_column:not(:first-child) { margin-left: 20px; }\n#mailpoet_form_3 .mailpoet_paragraph { line-height: 20px; margin-bottom: 20px; }\n#mailpoet_form_3 .mailpoet_segment_label, #mailpoet_form_3 .mailpoet_text_label, #mailpoet_form_3 .mailpoet_textarea_label, #mailpoet_form_3 .mailpoet_select_label, #mailpoet_form_3 .mailpoet_radio_label, #mailpoet_form_3 .mailpoet_checkbox_label, #mailpoet_form_3 .mailpoet_list_label, #mailpoet_form_3 .mailpoet_date_label { display: block; font-weight: normal; }\n#mailpoet_form_3 .mailpoet_text, #mailpoet_form_3 .mailpoet_textarea, #mailpoet_form_3 .mailpoet_select, #mailpoet_form_3 .mailpoet_date_month, #mailpoet_form_3 .mailpoet_date_day, #mailpoet_form_3 .mailpoet_date_year, #mailpoet_form_3 .mailpoet_date { display: block; }\n#mailpoet_form_3 .mailpoet_text, #mailpoet_form_3 .mailpoet_textarea { width: 200px; }\n#mailpoet_form_3 .mailpoet_checkbox {  }\n#mailpoet_form_3 .mailpoet_submit {  }\n#mailpoet_form_3 .mailpoet_divider {  }\n#mailpoet_form_3 .mailpoet_message {  }\n#mailpoet_form_3 .mailpoet_form_loading { width: 30px; text-align: center; line-height: normal; }\n#mailpoet_form_3 .mailpoet_form_loading > span { width: 5px; height: 5px; background-color: #5b5b5b; }#mailpoet_form_3{border-radius: 0px;text-align: left;}#mailpoet_form_3 form.mailpoet_form {padding: 20px;}#mailpoet_form_3{width: 100%;}#mailpoet_form_3 .mailpoet_message {margin: 0; padding: 0 20px;}#mailpoet_form_3 .mailpoet_paragraph.last {margin-bottom: 0} @media (max-width: 500px) {#mailpoet_form_3 {background-image: none;}} @media (min-width: 500px) {#mailpoet_form_3 .last .mailpoet_paragraph:last-child {margin-bottom: 0}}  @media (max-width: 500px) {#mailpoet_form_3 .mailpoet_form_column:last-child .mailpoet_paragraph:last-child {margin-bottom: 0}} \n    <\/style>\n\n    <form\n      target=\"_self\"\n      method=\"post\"\n      action=\"https:\/\/masfm.com\/emisora\/wp-admin\/admin-post.php?action=mailpoet_subscription_form\"\n      class=\"mailpoet_form mailpoet_form_form mailpoet_form_html\"\n      novalidate\n      data-delay=\"\"\n      data-exit-intent-enabled=\"\"\n      data-trigger-mode=\"\"\n      data-click-trigger-selector=\"\"\n      data-font-family=\"\"\n      data-cookie-expiration-time=\"\"\n    >\n      <input type=\"hidden\" name=\"data[form_id]\" value=\"3\" \/>\n      <input type=\"hidden\" name=\"token\" value=\"f13e444c72\" \/>\n      <input type=\"hidden\" name=\"api_version\" value=\"v1\" \/>\n      <input type=\"hidden\" name=\"endpoint\" value=\"subscribers\" \/>\n      <input type=\"hidden\" name=\"mailpoet_method\" value=\"subscribe\" \/>\n\n      <label class=\"mailpoet_hp_email_label\" style=\"display: none !important;\">Please leave this field empty<input type=\"email\" name=\"data[email]\"\/><\/label><div class='mailpoet_form_columns_container'><div class=\"mailpoet_form_columns mailpoet_paragraph mailpoet_stack_on_mobile\"><div class=\"mailpoet_form_column\"><div class=\"mailpoet_paragraph \"><input type=\"text\" autocomplete=\"given-name\" class=\"mailpoet_text\" id=\"form_first_name_3\" name=\"data[form_field_Mjg5ZDFmYWM5ZDQ5X2ZpcnN0X25hbWU=]\" title=\"Nombre\" value=\"\" style=\"width:100%;box-sizing:border-box;padding:5px;margin: 0 auto 0 0;\" data-automation-id=\"form_first_name\"  placeholder=\"Nombre\" aria-label=\"Nombre\" data-parsley-errors-container=\".mailpoet_error_p326p\" data-parsley-names='[&quot;Please specify a valid name.&quot;,&quot;Addresses in names are not permitted, please add your name instead.&quot;]'\/><span class=\"mailpoet_error_p326p\"><\/span><\/div>\n<\/div>\n<div class=\"mailpoet_form_column\"><div class=\"mailpoet_paragraph \"><input type=\"email\" autocomplete=\"email\" class=\"mailpoet_text\" id=\"form_email_3\" name=\"data[form_field_OGY2ODJhNTQxZjUxX2VtYWls]\" title=\"TU MAIL:\" value=\"\" style=\"width:100%;box-sizing:border-box;padding:5px;margin: 0 auto 0 0;\" data-automation-id=\"form_email\"  placeholder=\"TU MAIL: *\" aria-label=\"TU MAIL: *\" data-parsley-errors-container=\".mailpoet_error_4rtyn\" data-parsley-required=\"true\" required aria-required=\"true\" data-parsley-minlength=\"6\" data-parsley-maxlength=\"150\" data-parsley-type-message=\"This value should be a valid email.\" data-parsley-required-message=\"This field is required.\"\/><span class=\"mailpoet_error_4rtyn\"><\/span><\/div>\n<\/div>\n<div class=\"mailpoet_form_column\"><div class=\"mailpoet_paragraph \"><input type=\"submit\" class=\"mailpoet_submit\" value=\"SUMATE YA!\" data-automation-id=\"subscribe-submit-button\" style=\"width:100%;box-sizing:border-box;padding:5px;margin: 0 auto 0 0;border-color:transparent;\" \/><span class=\"mailpoet_form_loading\"><span class=\"mailpoet_bounce1\"><\/span><span class=\"mailpoet_bounce2\"><\/span><span class=\"mailpoet_bounce3\"><\/span><\/span><\/div>\n<\/div>\n<\/div><\/div>\n<div class='mailpoet_form_columns_container'><div class=\"mailpoet_form_columns mailpoet_paragraph mailpoet_stack_on_mobile\"><div class=\"mailpoet_form_column\"><\/div>\n<div class=\"mailpoet_form_column\"><\/div>\n<\/div><\/div>\n\n      <div class=\"mailpoet_message\">\n        <p class=\"mailpoet_validate_success\"\n                style=\"display:none;\"\n                >Revisa tu bandeja de entrada o la carpeta de spam para confirmar tu suscripci\u00f3n.\n        <\/p>\n        <p class=\"mailpoet_validate_error\"\n                style=\"display:none;\"\n                >        <\/p>\n      <\/div>\n    <\/form>\n\n      <\/div>\n\n  \n\n\n<figure class=\"wp-block-image size-full\"><img loading=\"lazy\" decoding=\"async\" width=\"690\" height=\"330\" src=\"https:\/\/masfm.com\/emisora\/wp-content\/uploads\/2024\/05\/ca7riel-y-paco-amoroso-en-santa-fe-tribus-bar-y-arte-mas-fm.webp\" alt=\"ca7riel-y-paco-amoroso-en-santa-fe-tribus-bar-y-arte-mas-fm\" class=\"wp-image-21241\" title=\"Los artistas Ca7riel y Paco Amoroso presentan &quot;Ba\u00f1o Mar\u00eda&quot; en Santa Fe: toda la info est\u00e1 ac\u00e1!\" srcset=\"https:\/\/masfm.com\/emisora\/wp-content\/uploads\/2024\/05\/ca7riel-y-paco-amoroso-en-santa-fe-tribus-bar-y-arte-mas-fm.webp 690w, https:\/\/masfm.com\/emisora\/wp-content\/uploads\/2024\/05\/ca7riel-y-paco-amoroso-en-santa-fe-tribus-bar-y-arte-mas-fm-600x287.webp 600w, https:\/\/masfm.com\/emisora\/wp-content\/uploads\/2024\/05\/ca7riel-y-paco-amoroso-en-santa-fe-tribus-bar-y-arte-mas-fm-190x91.webp 190w, https:\/\/masfm.com\/emisora\/wp-content\/uploads\/2024\/05\/ca7riel-y-paco-amoroso-en-santa-fe-tribus-bar-y-arte-mas-fm-70x33.webp 70w, https:\/\/masfm.com\/emisora\/wp-content\/uploads\/2024\/05\/ca7riel-y-paco-amoroso-en-santa-fe-tribus-bar-y-arte-mas-fm-523x250.webp 523w, https:\/\/masfm.com\/emisora\/wp-content\/uploads\/2024\/05\/ca7riel-y-paco-amoroso-en-santa-fe-tribus-bar-y-arte-mas-fm-418x200.webp 418w, https:\/\/masfm.com\/emisora\/wp-content\/uploads\/2024\/05\/ca7riel-y-paco-amoroso-en-santa-fe-tribus-bar-y-arte-mas-fm-350x167.webp 350w, https:\/\/masfm.com\/emisora\/wp-content\/uploads\/2024\/05\/ca7riel-y-paco-amoroso-en-santa-fe-tribus-bar-y-arte-mas-fm-60x29.webp 60w\" sizes=\"auto, (max-width: 690px) 100vw, 690px\" \/><\/figure>\n","protected":false},"excerpt":{"rendered":"<p>Los artistas Ca7riel y Paco Amoroso presentan &#8220;Ba\u00f1o Mar\u00eda&#8221; en Santa Fe: toda la info est\u00e1 ac\u00e1! Ca7riel y Paco Amoroso en Santa Fe presentando \u201cBa\u00f1o Mar\u00eda\u201d. La cita es para el viernes 23 de agosto a las 21 hs. en Tribus Club de Arte. Las entradas est\u00e1n a la venta en la boleter\u00eda de&hellip;<\/p>\n","protected":false},"author":4,"featured_media":21241,"comment_status":"closed","ping_status":"open","sticky":false,"template":"","format":"video","meta":{"footnotes":""},"categories":[2],"tags":[510,48,47,46,13,14,861,278,45,24],"class_list":["post-21236","post","type-post","status-publish","format-video","has-post-thumbnail","hentry","category-noticias","tag-ca7riel","tag-esporaca","tag-laradioqueseve","tag-masfm959","tag-musica","tag-noticias","tag-paco-amoroso","tag-recital","tag-shows","tag-videos","post_format-post-format-video"],"amp_enabled":true,"_links":{"self":[{"href":"https:\/\/masfm.com\/emisora\/wp-json\/wp\/v2\/posts\/21236","targetHints":{"allow":["GET"]}}],"collection":[{"href":"https:\/\/masfm.com\/emisora\/wp-json\/wp\/v2\/posts"}],"about":[{"href":"https:\/\/masfm.com\/emisora\/wp-json\/wp\/v2\/types\/post"}],"author":[{"embeddable":true,"href":"https:\/\/masfm.com\/emisora\/wp-json\/wp\/v2\/users\/4"}],"replies":[{"embeddable":true,"href":"https:\/\/masfm.com\/emisora\/wp-json\/wp\/v2\/comments?post=21236"}],"version-history":[{"count":0,"href":"https:\/\/masfm.com\/emisora\/wp-json\/wp\/v2\/posts\/21236\/revisions"}],"wp:featuredmedia":[{"embeddable":true,"href":"https:\/\/masfm.com\/emisora\/wp-json\/wp\/v2\/media\/21241"}],"wp:attachment":[{"href":"https:\/\/masfm.com\/emisora\/wp-json\/wp\/v2\/media?parent=21236"}],"wp:term":[{"taxonomy":"category","embeddable":true,"href":"https:\/\/masfm.com\/emisora\/wp-json\/wp\/v2\/categories?post=21236"},{"taxonomy":"post_tag","embeddable":true,"href":"https:\/\/masfm.com\/emisora\/wp-json\/wp\/v2\/tags?post=21236"}],"curies":[{"name":"wp","href":"https:\/\/api.w.org\/{rel}","templated":true}]}}