{"id":21628,"date":"2024-07-19T16:36:06","date_gmt":"2024-07-19T19:36:06","guid":{"rendered":"https:\/\/masfm.com\/emisora\/?p=21628"},"modified":"2024-07-19T16:36:10","modified_gmt":"2024-07-19T19:36:10","slug":"lobel-y-los-tipitos-la-marca-de-los-amigos-video-letra-completa-estreno-2024","status":"publish","type":"post","link":"https:\/\/masfm.com\/emisora\/lobel-y-los-tipitos-la-marca-de-los-amigos-video-letra-completa-estreno-2024\/","title":{"rendered":"LOBEL Y LOS TIPITOS"},"content":{"rendered":"\n<figure class=\"wp-block-image size-full\"><img loading=\"lazy\" decoding=\"async\" width=\"690\" height=\"330\" src=\"https:\/\/masfm.com\/emisora\/wp-content\/uploads\/2024\/07\/lobel-y-los-tipitos-la-marca-de-los-amigos-video-letra-completa-estreno-2024-1.webp\" alt=\"lobel-y-los-tipitos-la-marca-de-los-amigos-video-letra-completa-estreno-2024-1\" class=\"wp-image-21637\" title=\"El artista argentino Lobel, se une a Los Tipitos en La marca de los amigos: toda la info, la letra completa y el video est\u00e1 ac\u00e1!\" srcset=\"https:\/\/masfm.com\/emisora\/wp-content\/uploads\/2024\/07\/lobel-y-los-tipitos-la-marca-de-los-amigos-video-letra-completa-estreno-2024-1.webp 690w, https:\/\/masfm.com\/emisora\/wp-content\/uploads\/2024\/07\/lobel-y-los-tipitos-la-marca-de-los-amigos-video-letra-completa-estreno-2024-1-600x287.webp 600w\" sizes=\"auto, (max-width: 690px) 100vw, 690px\" \/><\/figure>\n\n\n\n<h2 class=\"wp-block-heading\">El artista argentino Lobel, se une a Los Tipitos en La marca de los amigos: toda la info, la letra completa y el video est\u00e1 ac\u00e1!<\/h2>\n\n\n\n<p>Lobel y Los Tipitos lanzan una s\u00faper versi\u00f3n en vivo de La marca de los amigos.<\/p>\n\n\n\n<p>Luego de haber presentado Almagro Studio Sessions y haber dado un c\u00e1lido y esperado show en su vuelta a Buenos Aires, <a href=\"https:\/\/masfm.com\/emisora\/?s=Lobel\" target=\"_blank\" rel=\"noreferrer noopener\">Lobel<\/a> presenta una versi\u00f3n en vivo de &#8220;La marca de los amigos&#8221; junto a <a href=\"https:\/\/masfm.com\/emisora\/?s=Los+Tipitos\" target=\"_blank\" rel=\"noreferrer noopener\">Los Tipitos<\/a>.<\/p>\n\n\n\n<p>Esta nueva versi\u00f3n, fue grabada en la emblem\u00e1tica sala de Buenos Aires, La Trastienda. <\/p>\n\n\n\n<p>Los m\u00fasicos se juntaron nada M\u00e1s y nada menos para regalarnos una hermosa versi\u00f3n del himno rockero que celebra unos de los valores m\u00e1s importantes: La amistad.<\/p>\n\n\n\n<blockquote class=\"wp-block-quote is-layout-flow wp-block-quote-is-layout-flow\">\n<p>&#8220;La marca de los amigos es una canci\u00f3n que tard\u00f3 su tiempo en ver la luz. Para m\u00ed haberla grabado con Los Tipitos, que son mis maestros, familia y amigos, le termin\u00f3 de dar un cierre y de convertirla en otro sue\u00f1o hecho realidad\u201d Dijo Lobel.<\/p>\n<\/blockquote>\n\n\n\n<p>Nada parece m\u00e1s apropiado que el artista argentino uni\u00e9ndose a Los Tipitos, una de sus bandas M\u00e1s influyentes, para invitarnos a brindar por aquellas amistades que quedaron marcadas en la piel.<\/p>\n\n\n\n<h2 class=\"wp-block-heading\">Letra de La marca de los amigos de Lobel y Los Tipitos.<\/h2>\n\n\n\n<p>Estoy aqu\u00ed y sigo all\u00e1<br>A veces bien y a veces mal<br>Ya no puedo recordar que fue lo que pas\u00f3<br>Y ya lo s\u00e9 te sigo igual<br>Que est\u00e1s muy bien y a veces mal<br>Pero me pregunto como fue que no nos vimos m\u00e1s<\/p>\n\n\n\n<p>Es lo que pasa<br>El tiempo pasa<br>Lo que nos une nos separa<br>Luego terminamos sintiendo que no queda nada<\/p>\n\n\n\n<p>Ya no se nada de t\u00ed, no sabes nada de m\u00ed<br>Y eso es una l\u00e1stima porque sol\u00edamos ser tan buenos amigos<br>Y deber\u00edamos salir igual, deber\u00edamos poder brindar<br>Por esta vida que dej\u00f3 en la piel la marca de los amigos<\/p>\n\n\n\n<p>Te vi doler, te o\u00ed llorar<br>Te vi crecer y vos igual<br>Y ahora me pregunto que pas\u00f3 que no nos vimos m\u00e1s<\/p>\n\n\n\n<p>Es lo que pasa<br>El tiempo pasa<br>Lo que nos une nos separa<br>Luego terminamos sintiendo que no queda nada<\/p>\n\n\n\n<p>Ya no se nada de t\u00ed, no sabes nada de m\u00ed<br>Y eso es una l\u00e1stima porque sol\u00edamos ser tan buenos amigos<br>Y deber\u00edamos salir igual, deber\u00edamos volver a brindar<br>Por esta vida que dej\u00f3 en la piel la marca de los amigos<\/p>\n\n\n\n<p>Ya no se nada de t\u00ed, no sabes nada de m\u00ed<br>Y eso es una l\u00e1stima porque sol\u00edamos ser tan buenos amigos<br>Y deber\u00edamos salir igual, deber\u00edamos poder brindar<br>Por esta vida que dej\u00f3 en la piel la marca de los amigos<\/p>\n\n\n\n<p>Lo s\u00e9, ninguno sabe bien porque<br>Y eso es una l\u00e1stima porque podr\u00edamos ser tan buenos amigos<br>Y deber\u00edamos salir igual, deber\u00edamos volver a brindar<br>Por esta vida que dej\u00f3 en la piel la marca de los amigos<\/p>\n\n\n\n<p>La marca de los amigos (x2)<\/p>\n\n\n\n<h2 class=\"wp-block-heading\">M\u00e1s sobre Lobel.<\/h2>\n\n\n\n<p>LOBEL es el proyecto solista del mu\u0301sico compositor y productor argentino, Facundo Bugallo. <\/p>\n\n\n\n<p>Con letras profundas y una mu\u0301sica fuertemente influenciada por lo mejor del rock anglo (<a href=\"https:\/\/masfm.com\/emisora\/?s=Coldplay\" target=\"_blank\" rel=\"noreferrer noopener\">Coldplay<\/a>, <a href=\"https:\/\/masfm.com\/emisora\/?s=Keane\" target=\"_blank\" rel=\"noreferrer noopener\">Keane<\/a>, <a href=\"https:\/\/masfm.com\/emisora\/?s=Muse\" target=\"_blank\" rel=\"noreferrer noopener\">Muse<\/a>) y latino (<a href=\"https:\/\/masfm.com\/emisora\/?s=Fito+paez\" target=\"_blank\" rel=\"noreferrer noopener\">Fito<\/a>, <a href=\"https:\/\/masfm.com\/emisora\/?s=Charly+garcia\" target=\"_blank\" rel=\"noreferrer noopener\">Charly<\/a>, <a href=\"https:\/\/masfm.com\/emisora\/?s=Gustavo+Cerati\" target=\"_blank\" rel=\"noreferrer noopener\">Cerati<\/a>), lleva en alto el estandarte de la cancio\u0301n y pone al rock argentino en un nuevo nivel.<\/p>\n\n\n\n<p>Hasta 2018, lidero\u0301 como compositor y vocalista de Conexionistas, una banda que se gano\u0301 su lugar en la escena emergente del rock argentino, y con la que edito\u0301 dos discos de estudio (el segundo grabado en Abbey Road Studios, UK). <\/p>\n\n\n\n<p>Desde sus comienzos como solista, en 2019, radico\u0301 en Lima, Peru\u0301, y se ha presentado asiduamente en vivo compartiendo escenario con renombrados grupos de la escena peruana, como Libido, Ame\u0301n, Mar de Copas, entre otros. <\/p>\n\n\n\n<p>Tambie\u0301n ha participado en importantes festivales como Selva\u0301monos (Per) y Vaive\u0301n (Me\u0301x). <\/p>\n\n\n\n<p>Adema\u0301s, ha debutado en el imponente Teatro Metropolitan (Me\u0301x) para ejecutar \u201cLa superaccio\u0301n\u201d, una de sus canciones ma\u0301s populares, junto a Comisario Pantera (Me\u0301x).<\/p>\n\n\n\n<p>En su haber cuenta con dos a\u0301lbumes de estudio (\u201cTodos los que vimos en Hollywood\u201d en 2020 y \u201cEspejismos\u201d en 2021) y tres EP (\u201cLa cuenta del placer\u201d en 2022, \u201cEl muchacho de los ojos tristes\u201d en 2023 y \u201cAlmagro Studio Session\u201d en 2024). <\/p>\n\n\n\n<p>Actualmente prepara su tercer disco.<\/p>\n\n\n\n<h2 class=\"wp-block-heading\">\u00a1Ya lo sumamos!<\/h2>\n\n\n\n<p>Lobel y Los Tipitos en La marca de los amigos y el video ya forma parte de nuestra programaci\u00f3n, la cual desde M\u00e1s de dos d\u00e9cada, la disfrut\u00e1s 100 % con im\u00e1genes.<\/p>\n\n\n\n<p>Acordate, pod\u00e9s mirarnos desde tu compu, tablet, notebook o Smart TV con s\u00f3lo&nbsp;<a href=\"https:\/\/masfm.com\/emisora\/#section-custom-content-2\" target=\"_blank\" rel=\"noreferrer noopener\">entrar ac\u00e1<\/a>.<\/p>\n\n\n\n<p>Si prefer\u00eds que la experiencia sea por medio de tu celular, bajate la App gratuitamente&nbsp;<a href=\"https:\/\/masfm.pryx.com.ar\/install\/\" target=\"_blank\" rel=\"noreferrer noopener\">desde ac\u00e1<\/a>&nbsp;y miranos desde cualquier parte del mundo, a la hora que quieras!<\/p>\n\n\n\n<p>Estamos las 24 horas con la mejor m\u00fasica y sus clips.<\/p>\n\n\n\n<h2 class=\"wp-block-heading\">\u00a1Registrate a M\u00e1s FM 95 9!<\/h2>\n\n\n  \n  \n  <div class=\"\n    mailpoet_form_popup_overlay\n      \"><\/div>\n  <div\n    id=\"mailpoet_form_3\"\n    class=\"\n      mailpoet_form\n      mailpoet_form_html\n      mailpoet_form_position_\n      mailpoet_form_animation_\n    \"\n      >\n\n    <style type=\"text\/css\">\n     #mailpoet_form_3 .mailpoet_form {  }\n#mailpoet_form_3 .mailpoet_column_with_background { padding: 10px; }\n#mailpoet_form_3 .mailpoet_form_column:not(:first-child) { margin-left: 20px; }\n#mailpoet_form_3 .mailpoet_paragraph { line-height: 20px; margin-bottom: 20px; }\n#mailpoet_form_3 .mailpoet_segment_label, #mailpoet_form_3 .mailpoet_text_label, #mailpoet_form_3 .mailpoet_textarea_label, #mailpoet_form_3 .mailpoet_select_label, #mailpoet_form_3 .mailpoet_radio_label, #mailpoet_form_3 .mailpoet_checkbox_label, #mailpoet_form_3 .mailpoet_list_label, #mailpoet_form_3 .mailpoet_date_label { display: block; font-weight: normal; }\n#mailpoet_form_3 .mailpoet_text, #mailpoet_form_3 .mailpoet_textarea, #mailpoet_form_3 .mailpoet_select, #mailpoet_form_3 .mailpoet_date_month, #mailpoet_form_3 .mailpoet_date_day, #mailpoet_form_3 .mailpoet_date_year, #mailpoet_form_3 .mailpoet_date { display: block; }\n#mailpoet_form_3 .mailpoet_text, #mailpoet_form_3 .mailpoet_textarea { width: 200px; }\n#mailpoet_form_3 .mailpoet_checkbox {  }\n#mailpoet_form_3 .mailpoet_submit {  }\n#mailpoet_form_3 .mailpoet_divider {  }\n#mailpoet_form_3 .mailpoet_message {  }\n#mailpoet_form_3 .mailpoet_form_loading { width: 30px; text-align: center; line-height: normal; }\n#mailpoet_form_3 .mailpoet_form_loading > span { width: 5px; height: 5px; background-color: #5b5b5b; }#mailpoet_form_3{border-radius: 0px;text-align: left;}#mailpoet_form_3 form.mailpoet_form {padding: 20px;}#mailpoet_form_3{width: 100%;}#mailpoet_form_3 .mailpoet_message {margin: 0; padding: 0 20px;}#mailpoet_form_3 .mailpoet_paragraph.last {margin-bottom: 0} @media (max-width: 500px) {#mailpoet_form_3 {background-image: none;}} @media (min-width: 500px) {#mailpoet_form_3 .last .mailpoet_paragraph:last-child {margin-bottom: 0}}  @media (max-width: 500px) {#mailpoet_form_3 .mailpoet_form_column:last-child .mailpoet_paragraph:last-child {margin-bottom: 0}} \n    <\/style>\n\n    <form\n      target=\"_self\"\n      method=\"post\"\n      action=\"https:\/\/masfm.com\/emisora\/wp-admin\/admin-post.php?action=mailpoet_subscription_form\"\n      class=\"mailpoet_form mailpoet_form_form mailpoet_form_html\"\n      novalidate\n      data-delay=\"\"\n      data-exit-intent-enabled=\"\"\n      data-trigger-mode=\"\"\n      data-click-trigger-selector=\"\"\n      data-font-family=\"\"\n      data-cookie-expiration-time=\"\"\n    >\n      <input type=\"hidden\" name=\"data[form_id]\" value=\"3\" \/>\n      <input type=\"hidden\" name=\"token\" value=\"cfc138f969\" \/>\n      <input type=\"hidden\" name=\"api_version\" value=\"v1\" \/>\n      <input type=\"hidden\" name=\"endpoint\" value=\"subscribers\" \/>\n      <input type=\"hidden\" name=\"mailpoet_method\" value=\"subscribe\" \/>\n\n      <label class=\"mailpoet_hp_email_label\" style=\"display: none !important;\">Please leave this field empty<input type=\"email\" name=\"data[email]\"\/><\/label><div class='mailpoet_form_columns_container'><div class=\"mailpoet_form_columns mailpoet_paragraph mailpoet_stack_on_mobile\"><div class=\"mailpoet_form_column\"><div class=\"mailpoet_paragraph \"><input type=\"text\" autocomplete=\"given-name\" class=\"mailpoet_text\" id=\"form_first_name_3\" name=\"data[form_field_Mjg5ZDFmYWM5ZDQ5X2ZpcnN0X25hbWU=]\" title=\"Nombre\" value=\"\" style=\"width:100%;box-sizing:border-box;padding:5px;margin: 0 auto 0 0;\" data-automation-id=\"form_first_name\"  placeholder=\"Nombre\" aria-label=\"Nombre\" data-parsley-errors-container=\".mailpoet_error_ci2cg\" data-parsley-names='[&quot;Please specify a valid name.&quot;,&quot;Addresses in names are not permitted, please add your name instead.&quot;]'\/><span class=\"mailpoet_error_ci2cg\"><\/span><\/div>\n<\/div>\n<div class=\"mailpoet_form_column\"><div class=\"mailpoet_paragraph \"><input type=\"email\" autocomplete=\"email\" class=\"mailpoet_text\" id=\"form_email_3\" name=\"data[form_field_OGY2ODJhNTQxZjUxX2VtYWls]\" title=\"TU MAIL:\" value=\"\" style=\"width:100%;box-sizing:border-box;padding:5px;margin: 0 auto 0 0;\" data-automation-id=\"form_email\"  placeholder=\"TU MAIL: *\" aria-label=\"TU MAIL: *\" data-parsley-errors-container=\".mailpoet_error_1hf35\" data-parsley-required=\"true\" required aria-required=\"true\" data-parsley-minlength=\"6\" data-parsley-maxlength=\"150\" data-parsley-type-message=\"This value should be a valid email.\" data-parsley-required-message=\"This field is required.\"\/><span class=\"mailpoet_error_1hf35\"><\/span><\/div>\n<\/div>\n<div class=\"mailpoet_form_column\"><div class=\"mailpoet_paragraph \"><input type=\"submit\" class=\"mailpoet_submit\" value=\"SUMATE YA!\" data-automation-id=\"subscribe-submit-button\" style=\"width:100%;box-sizing:border-box;padding:5px;margin: 0 auto 0 0;border-color:transparent;\" \/><span class=\"mailpoet_form_loading\"><span class=\"mailpoet_bounce1\"><\/span><span class=\"mailpoet_bounce2\"><\/span><span class=\"mailpoet_bounce3\"><\/span><\/span><\/div>\n<\/div>\n<\/div><\/div>\n<div class='mailpoet_form_columns_container'><div class=\"mailpoet_form_columns mailpoet_paragraph mailpoet_stack_on_mobile\"><div class=\"mailpoet_form_column\"><\/div>\n<div class=\"mailpoet_form_column\"><\/div>\n<\/div><\/div>\n\n      <div class=\"mailpoet_message\">\n        <p class=\"mailpoet_validate_success\"\n                style=\"display:none;\"\n                >Revisa tu bandeja de entrada o la carpeta de spam para confirmar tu suscripci\u00f3n.\n        <\/p>\n        <p class=\"mailpoet_validate_error\"\n                style=\"display:none;\"\n                >        <\/p>\n      <\/div>\n    <\/form>\n\n      <\/div>\n\n  \n\n\n<figure class=\"wp-block-image size-full\"><img loading=\"lazy\" decoding=\"async\" width=\"690\" height=\"330\" src=\"https:\/\/masfm.com\/emisora\/wp-content\/uploads\/2024\/07\/lobel-y-los-tipitos-la-marca-de-los-amigos-video-letra-completa-estreno-2024-2.webp\" alt=\"lobel-y-los-tipitos-la-marca-de-los-amigos-video-letra-completa-estreno-2024-2\" class=\"wp-image-21638\" title=\"El artista argentino Lobel, se une a Los Tipitos en La marca de los amigos: toda la info, la letra completa y el video est\u00e1 ac\u00e1!\" srcset=\"https:\/\/masfm.com\/emisora\/wp-content\/uploads\/2024\/07\/lobel-y-los-tipitos-la-marca-de-los-amigos-video-letra-completa-estreno-2024-2.webp 690w, https:\/\/masfm.com\/emisora\/wp-content\/uploads\/2024\/07\/lobel-y-los-tipitos-la-marca-de-los-amigos-video-letra-completa-estreno-2024-2-600x287.webp 600w\" sizes=\"auto, (max-width: 690px) 100vw, 690px\" \/><\/figure>\n","protected":false},"excerpt":{"rendered":"<p>El artista argentino Lobel, se une a Los Tipitos en La marca de los amigos: toda la info, la letra completa y el video est\u00e1 ac\u00e1! Lobel y Los Tipitos lanzan una s\u00faper versi\u00f3n en vivo de La marca de los amigos. Luego de haber presentado Almagro Studio Sessions y haber dado un c\u00e1lido y&hellip;<\/p>\n","protected":false},"author":4,"featured_media":21637,"comment_status":"closed","ping_status":"open","sticky":false,"template":"","format":"video","meta":{"footnotes":""},"categories":[2],"tags":[48,47,657,745,916,250,46,13,14,51,24,23],"class_list":["post-21628","post","type-post","status-publish","format-video","has-post-thumbnail","hentry","category-noticias","tag-esporaca","tag-laradioqueseve","tag-letra","tag-letra-completa","tag-lobel","tag-los-tipitos","tag-masfm959","tag-musica","tag-noticias","tag-nuevo","tag-videos","tag-video","post_format-post-format-video"],"amp_enabled":true,"_links":{"self":[{"href":"https:\/\/masfm.com\/emisora\/wp-json\/wp\/v2\/posts\/21628","targetHints":{"allow":["GET"]}}],"collection":[{"href":"https:\/\/masfm.com\/emisora\/wp-json\/wp\/v2\/posts"}],"about":[{"href":"https:\/\/masfm.com\/emisora\/wp-json\/wp\/v2\/types\/post"}],"author":[{"embeddable":true,"href":"https:\/\/masfm.com\/emisora\/wp-json\/wp\/v2\/users\/4"}],"replies":[{"embeddable":true,"href":"https:\/\/masfm.com\/emisora\/wp-json\/wp\/v2\/comments?post=21628"}],"version-history":[{"count":0,"href":"https:\/\/masfm.com\/emisora\/wp-json\/wp\/v2\/posts\/21628\/revisions"}],"wp:featuredmedia":[{"embeddable":true,"href":"https:\/\/masfm.com\/emisora\/wp-json\/wp\/v2\/media\/21637"}],"wp:attachment":[{"href":"https:\/\/masfm.com\/emisora\/wp-json\/wp\/v2\/media?parent=21628"}],"wp:term":[{"taxonomy":"category","embeddable":true,"href":"https:\/\/masfm.com\/emisora\/wp-json\/wp\/v2\/categories?post=21628"},{"taxonomy":"post_tag","embeddable":true,"href":"https:\/\/masfm.com\/emisora\/wp-json\/wp\/v2\/tags?post=21628"}],"curies":[{"name":"wp","href":"https:\/\/api.w.org\/{rel}","templated":true}]}}