{"id":21833,"date":"2024-09-13T21:12:43","date_gmt":"2024-09-14T00:12:43","guid":{"rendered":"https:\/\/masfm.com\/emisora\/?p=21833"},"modified":"2024-09-13T21:12:47","modified_gmt":"2024-09-14T00:12:47","slug":"ntvg-lanza-memorias-del-olvido-en-vivo-info-video-y-letra-completa-estreno-2024","status":"publish","type":"post","link":"https:\/\/masfm.com\/emisora\/ntvg-lanza-memorias-del-olvido-en-vivo-info-video-y-letra-completa-estreno-2024\/","title":{"rendered":"NTVG LANZA MEMORIAS DEL OLVIDO"},"content":{"rendered":"\n<figure class=\"wp-block-image size-full\"><img loading=\"lazy\" decoding=\"async\" width=\"690\" height=\"330\" src=\"https:\/\/masfm.com\/emisora\/wp-content\/uploads\/2024\/09\/ntvg-lanza-memorias-del-olvido-en-vivo-info-video-y-letra-completa-estreno-2024.webp\" alt=\"ntvg-lanza-memorias-del-olvido-en-vivo-info-video-y-letra-completa-estreno-2024\" class=\"wp-image-21838\" title=\"La banda uruguaya No Te Va Gustar presenta Memorias del Olvido en vivo: toda la data, el video y la letra completa est\u00e1n ac\u00e1!\" srcset=\"https:\/\/masfm.com\/emisora\/wp-content\/uploads\/2024\/09\/ntvg-lanza-memorias-del-olvido-en-vivo-info-video-y-letra-completa-estreno-2024.webp 690w, https:\/\/masfm.com\/emisora\/wp-content\/uploads\/2024\/09\/ntvg-lanza-memorias-del-olvido-en-vivo-info-video-y-letra-completa-estreno-2024-600x287.webp 600w\" sizes=\"auto, (max-width: 690px) 100vw, 690px\" \/><\/figure>\n\n\n\n<h2 class=\"wp-block-heading\">La banda uruguaya No Te Va Gustar presenta Memorias del Olvido en vivo: toda la data, el video y la letra completa est\u00e1n ac\u00e1!<\/h2>\n\n\n\n<p>NTVG lanza Memorias del Olvido, primer adelanto de su nuevo disco en vivo titulado &#8220;Desde ac\u00e1 qu\u00e9 cerca queda el cielo&#8221;.<\/p>\n\n\n\n<p>La banda uruguaya <a href=\"https:\/\/masfm.com\/emisora\/?s=No+Te+Va+Gustar\" target=\"_blank\" rel=\"noreferrer noopener\">No Te Va Gustar<\/a> presenta la nueva versi\u00f3n de &#8220;Memorias del Olvido&#8221;, que ser\u00e1 parte de su nuevo disco en vivo grabado y filmado en Bogot\u00e1, Colombia: &#8220;Desde ac\u00e1 qu\u00e9 cerca queda el cielo&#8221;.<\/p>\n\n\n\n<p>Esta versi\u00f3n de &#8220;Memorias Del Olvido&#8221; capta a la perfecci\u00f3n la eufor\u00eda que se sinti\u00f3 en lo que sin dudas fue uno de los momentos M\u00e1s altos del show.<\/p>\n\n\n\n<p>Dicha canci\u00f3n tiene un lugar muy especial en el coraz\u00f3n de los seguidores colombianos de la banda y lo demostraron cantando a todo pulm\u00f3n.<\/p>\n\n\n\n<h2 class=\"wp-block-heading\">Un  poco M\u00e1s sobre Memorias del olvideo de NTVG.<\/h2>\n\n\n\n<p>Memorias del olvido de NTVG, es uno de los temas M\u00e1s pedidos por el p\u00fablico en lo que viene siendo la gira de este a\u00f1o, cuya letra desgarradora invita a cantar a los gritos a la vez que genera un clima \u00edntimo y emotivo.<\/p>\n\n\n\n<p>El especial audiovisual del show entero cuenta con 18 canciones, fue dirigido por Oliver Lee Garland y se estrenar\u00e1 completo en <a href=\"https:\/\/www.youtube.com\/@masfm959\" target=\"_blank\" rel=\"noreferrer noopener\">YouTube<\/a> el 10 de octubre.<\/p>\n\n\n\n<p>El \u00e1lbum fue grabado y filmado en vivo en el concierto que la banda dio el 22 de febrero de este 2024 en el Arena de Bogot\u00e1, con el show de la Gira 30 A\u00f1os.<\/p>\n\n\n\n<p>Ese mismo tour ya tiene casi 70 shows anunciados para este 2024, con paradas en 15 pa\u00edses incluidos Uruguay, Argentina, Chile, Per\u00fa, M\u00e9xico, Paraguay, Ecuador, Colombia, USA, Espa\u00f1a, Irlanda, Reino Unido, Dinamarca, Costa Rica y Alemania.<\/p>\n\n\n\n<h2 class=\"wp-block-heading\">Letra de Memorias del Olvido de NTVG.<\/h2>\n\n\n\n<p>Me pasaron tantas cosas<br>Y no me acuerdo de nada<br>S\u00f3lo del viento y tus ojos<br>De llorar a carcajadas<\/p>\n\n\n\n<p>No s\u00e9 cu\u00e1nto habr\u00e1 pasado<br>Desde cu\u00e1ndo te ve\u00eda<br>Nunca quise darme cuenta<br>Que no era idea m\u00eda<\/p>\n\n\n\n<p>Hoy no es que rompa cadenas<br>S\u00f3lo me doy por vencido<br>Y te perdono por todo<br>Por venir y haberte ido<\/p>\n\n\n\n<p>Si la pena se supera<br>A m\u00ed me importa muy poco<br>No esperaba que as\u00ed fuera mi amor<br>Si a\u00fan sue\u00f1o que te toco<\/p>\n\n\n\n<p>No s\u00e9 de un tiempo a esta parte<br>No entiendo como pude desarmarme<\/p>\n\n\n\n<p>Me sobraron tantas cosas<br>Que no pude darte a tiempo<br>O tal vez nunca exististe<br>Fuiste mi mejor invento<\/p>\n\n\n\n<p>Hoy mis ojos no te ven<br>Hoy mi boca no te nombra<br>Nadie sabe que me hiciste<br>S\u00f3lo mi cuerpo y tu sombra<br>No s\u00e9 de un tiempo a esta parte<br>No entiendo como pude desarmarme<br>Yo no s\u00e9 de un tiempo a esta parte<br>No entiendo como pude desarmarme o como termin\u00f3<br>No no no<br>O como termin\u00f3.<\/p>\n\n\n\n<h2 class=\"wp-block-heading\">\u00a1Ya lo sumamos!<\/h2>\n\n\n\n<p>NTVG lanza Memorias del Olvido en vivo y el video ya forma parte de nuestra programaci\u00f3n, la cual desde hace M\u00e1s de dos d\u00e9cada, la disfrut\u00e1s 100 % con im\u00e1genes.<\/p>\n\n\n\n<p>Acordate, pod\u00e9s mirarnos desde tu compu, tablet, notebook o Smart TV con s\u00f3lo&nbsp;<a href=\"https:\/\/masfm.com\/emisora\/#section-custom-content-2\" target=\"_blank\" rel=\"noreferrer noopener\">entrar ac\u00e1<\/a>.<\/p>\n\n\n\n<p>Si prefer\u00eds que la experiencia sea por medio de tu celular, bajate la App gratuitamente&nbsp;<a href=\"https:\/\/masfm.pryx.com.ar\/install\/\" target=\"_blank\" rel=\"noreferrer noopener\">desde ac\u00e1<\/a>&nbsp;y miranos desde cualquier parte del mundo, a la hora que quieras!<\/p>\n\n\n\n<p>Estamos las 24 horas con la mejor m\u00fasica y sus clips.<\/p>\n\n\n\n<h2 class=\"wp-block-heading\">\u00a1Registrate a M\u00e1s FM 95 9!<\/h2>\n\n\n  \n  \n  <div class=\"\n    mailpoet_form_popup_overlay\n      \"><\/div>\n  <div\n    id=\"mailpoet_form_3\"\n    class=\"\n      mailpoet_form\n      mailpoet_form_html\n      mailpoet_form_position_\n      mailpoet_form_animation_\n    \"\n      >\n\n    <style type=\"text\/css\">\n     #mailpoet_form_3 .mailpoet_form {  }\n#mailpoet_form_3 .mailpoet_column_with_background { padding: 10px; }\n#mailpoet_form_3 .mailpoet_form_column:not(:first-child) { margin-left: 20px; }\n#mailpoet_form_3 .mailpoet_paragraph { line-height: 20px; margin-bottom: 20px; }\n#mailpoet_form_3 .mailpoet_segment_label, #mailpoet_form_3 .mailpoet_text_label, #mailpoet_form_3 .mailpoet_textarea_label, #mailpoet_form_3 .mailpoet_select_label, #mailpoet_form_3 .mailpoet_radio_label, #mailpoet_form_3 .mailpoet_checkbox_label, #mailpoet_form_3 .mailpoet_list_label, #mailpoet_form_3 .mailpoet_date_label { display: block; font-weight: normal; }\n#mailpoet_form_3 .mailpoet_text, #mailpoet_form_3 .mailpoet_textarea, #mailpoet_form_3 .mailpoet_select, #mailpoet_form_3 .mailpoet_date_month, #mailpoet_form_3 .mailpoet_date_day, #mailpoet_form_3 .mailpoet_date_year, #mailpoet_form_3 .mailpoet_date { display: block; }\n#mailpoet_form_3 .mailpoet_text, #mailpoet_form_3 .mailpoet_textarea { width: 200px; }\n#mailpoet_form_3 .mailpoet_checkbox {  }\n#mailpoet_form_3 .mailpoet_submit {  }\n#mailpoet_form_3 .mailpoet_divider {  }\n#mailpoet_form_3 .mailpoet_message {  }\n#mailpoet_form_3 .mailpoet_form_loading { width: 30px; text-align: center; line-height: normal; }\n#mailpoet_form_3 .mailpoet_form_loading > span { width: 5px; height: 5px; background-color: #5b5b5b; }#mailpoet_form_3{border-radius: 0px;text-align: left;}#mailpoet_form_3 form.mailpoet_form {padding: 20px;}#mailpoet_form_3{width: 100%;}#mailpoet_form_3 .mailpoet_message {margin: 0; padding: 0 20px;}#mailpoet_form_3 .mailpoet_paragraph.last {margin-bottom: 0} @media (max-width: 500px) {#mailpoet_form_3 {background-image: none;}} @media (min-width: 500px) {#mailpoet_form_3 .last .mailpoet_paragraph:last-child {margin-bottom: 0}}  @media (max-width: 500px) {#mailpoet_form_3 .mailpoet_form_column:last-child .mailpoet_paragraph:last-child {margin-bottom: 0}} \n    <\/style>\n\n    <form\n      target=\"_self\"\n      method=\"post\"\n      action=\"https:\/\/masfm.com\/emisora\/wp-admin\/admin-post.php?action=mailpoet_subscription_form\"\n      class=\"mailpoet_form mailpoet_form_form mailpoet_form_html\"\n      novalidate\n      data-delay=\"\"\n      data-exit-intent-enabled=\"\"\n      data-font-family=\"\"\n      data-cookie-expiration-time=\"\"\n    >\n      <input type=\"hidden\" name=\"data[form_id]\" value=\"3\" \/>\n      <input type=\"hidden\" name=\"token\" value=\"732d20f8c9\" \/>\n      <input type=\"hidden\" name=\"api_version\" value=\"v1\" \/>\n      <input type=\"hidden\" name=\"endpoint\" value=\"subscribers\" \/>\n      <input type=\"hidden\" name=\"mailpoet_method\" value=\"subscribe\" \/>\n\n      <label class=\"mailpoet_hp_email_label\" style=\"display: none !important;\">Please leave this field empty<input type=\"email\" name=\"data[email]\"\/><\/label><div class='mailpoet_form_columns_container'><div class=\"mailpoet_form_columns mailpoet_paragraph mailpoet_stack_on_mobile\"><div class=\"mailpoet_form_column\"><div class=\"mailpoet_paragraph \"><input type=\"text\" autocomplete=\"given-name\" class=\"mailpoet_text\" id=\"form_first_name_3\" name=\"data[form_field_Mjg5ZDFmYWM5ZDQ5X2ZpcnN0X25hbWU=]\" title=\"Nombre\" value=\"\" style=\"width:100%;box-sizing:border-box;padding:5px;margin: 0 auto 0 0;\" data-automation-id=\"form_first_name\"  placeholder=\"Nombre\" aria-label=\"Nombre\" data-parsley-errors-container=\".mailpoet_error_vbx69\" data-parsley-names='[&quot;Please specify a valid name.&quot;,&quot;Addresses in names are not permitted, please add your name instead.&quot;]'\/><span class=\"mailpoet_error_vbx69\"><\/span><\/div>\n<\/div>\n<div class=\"mailpoet_form_column\"><div class=\"mailpoet_paragraph \"><input type=\"email\" autocomplete=\"email\" class=\"mailpoet_text\" id=\"form_email_3\" name=\"data[form_field_OGY2ODJhNTQxZjUxX2VtYWls]\" title=\"TU MAIL:\" value=\"\" style=\"width:100%;box-sizing:border-box;padding:5px;margin: 0 auto 0 0;\" data-automation-id=\"form_email\"  placeholder=\"TU MAIL: *\" aria-label=\"TU MAIL: *\" data-parsley-errors-container=\".mailpoet_error_q2j4x\" data-parsley-required=\"true\" required aria-required=\"true\" data-parsley-minlength=\"6\" data-parsley-maxlength=\"150\" data-parsley-type-message=\"This value should be a valid email.\" data-parsley-required-message=\"This field is required.\"\/><span class=\"mailpoet_error_q2j4x\"><\/span><\/div>\n<\/div>\n<div class=\"mailpoet_form_column\"><div class=\"mailpoet_paragraph \"><input type=\"submit\" class=\"mailpoet_submit\" value=\"SUMATE YA!\" data-automation-id=\"subscribe-submit-button\" style=\"width:100%;box-sizing:border-box;padding:5px;margin: 0 auto 0 0;border-color:transparent;\" \/><span class=\"mailpoet_form_loading\"><span class=\"mailpoet_bounce1\"><\/span><span class=\"mailpoet_bounce2\"><\/span><span class=\"mailpoet_bounce3\"><\/span><\/span><\/div>\n<\/div>\n<\/div><\/div>\n<div class='mailpoet_form_columns_container'><div class=\"mailpoet_form_columns mailpoet_paragraph mailpoet_stack_on_mobile\"><div class=\"mailpoet_form_column\"><\/div>\n<div class=\"mailpoet_form_column\"><\/div>\n<\/div><\/div>\n\n      <div class=\"mailpoet_message\">\n        <p class=\"mailpoet_validate_success\"\n                style=\"display:none;\"\n                >Revisa tu bandeja de entrada o la carpeta de spam para confirmar tu suscripci\u00f3n.\n        <\/p>\n        <p class=\"mailpoet_validate_error\"\n                style=\"display:none;\"\n                >        <\/p>\n      <\/div>\n    <\/form>\n\n      <\/div>\n\n  \n\n\n<figure class=\"wp-block-image size-full\"><img loading=\"lazy\" decoding=\"async\" width=\"690\" height=\"330\" src=\"https:\/\/masfm.com\/emisora\/wp-content\/uploads\/2024\/09\/ntvg-lanza-memorias-del-olvido-en-vivo-info-video-y-letra-completa-estreno-2024.webp\" alt=\"ntvg-lanza-memorias-del-olvido-en-vivo-info-video-y-letra-completa-estreno-2024\" class=\"wp-image-21838\" title=\"La banda uruguaya No Te Va Gustar presenta Memorias del Olvido en vivo: toda la data, el video y la letra completa est\u00e1n ac\u00e1!\" srcset=\"https:\/\/masfm.com\/emisora\/wp-content\/uploads\/2024\/09\/ntvg-lanza-memorias-del-olvido-en-vivo-info-video-y-letra-completa-estreno-2024.webp 690w, https:\/\/masfm.com\/emisora\/wp-content\/uploads\/2024\/09\/ntvg-lanza-memorias-del-olvido-en-vivo-info-video-y-letra-completa-estreno-2024-600x287.webp 600w\" sizes=\"auto, (max-width: 690px) 100vw, 690px\" \/><\/figure>\n","protected":false},"excerpt":{"rendered":"<p>La banda uruguaya No Te Va Gustar presenta Memorias del Olvido en vivo: toda la data, el video y la letra completa est\u00e1n ac\u00e1! NTVG lanza Memorias del Olvido, primer adelanto de su nuevo disco en vivo titulado &#8220;Desde ac\u00e1 qu\u00e9 cerca queda el cielo&#8221;. La banda uruguaya No Te Va Gustar presenta la nueva&hellip;<\/p>\n","protected":false},"author":4,"featured_media":21838,"comment_status":"closed","ping_status":"open","sticky":false,"template":"","format":"video","meta":{"footnotes":""},"categories":[2],"tags":[48,47,46,13,205,14,24,23],"class_list":["post-21833","post","type-post","status-publish","format-video","has-post-thumbnail","hentry","category-noticias","tag-esporaca","tag-laradioqueseve","tag-masfm959","tag-musica","tag-no-te-va-gustar","tag-noticias","tag-videos","tag-video","post_format-post-format-video"],"amp_enabled":true,"_links":{"self":[{"href":"https:\/\/masfm.com\/emisora\/wp-json\/wp\/v2\/posts\/21833","targetHints":{"allow":["GET"]}}],"collection":[{"href":"https:\/\/masfm.com\/emisora\/wp-json\/wp\/v2\/posts"}],"about":[{"href":"https:\/\/masfm.com\/emisora\/wp-json\/wp\/v2\/types\/post"}],"author":[{"embeddable":true,"href":"https:\/\/masfm.com\/emisora\/wp-json\/wp\/v2\/users\/4"}],"replies":[{"embeddable":true,"href":"https:\/\/masfm.com\/emisora\/wp-json\/wp\/v2\/comments?post=21833"}],"version-history":[{"count":0,"href":"https:\/\/masfm.com\/emisora\/wp-json\/wp\/v2\/posts\/21833\/revisions"}],"wp:featuredmedia":[{"embeddable":true,"href":"https:\/\/masfm.com\/emisora\/wp-json\/wp\/v2\/media\/21838"}],"wp:attachment":[{"href":"https:\/\/masfm.com\/emisora\/wp-json\/wp\/v2\/media?parent=21833"}],"wp:term":[{"taxonomy":"category","embeddable":true,"href":"https:\/\/masfm.com\/emisora\/wp-json\/wp\/v2\/categories?post=21833"},{"taxonomy":"post_tag","embeddable":true,"href":"https:\/\/masfm.com\/emisora\/wp-json\/wp\/v2\/tags?post=21833"}],"curies":[{"name":"wp","href":"https:\/\/api.w.org\/{rel}","templated":true}]}}