{"id":22417,"date":"2024-11-08T13:18:22","date_gmt":"2024-11-08T16:18:22","guid":{"rendered":"https:\/\/masfm.com\/emisora\/?p=22417"},"modified":"2024-11-08T13:19:08","modified_gmt":"2024-11-08T16:19:08","slug":"nahuel-pennisi-y-los-palmeras-en-mala-letra-video-estreno-2024","status":"publish","type":"post","link":"https:\/\/masfm.com\/emisora\/nahuel-pennisi-y-los-palmeras-en-mala-letra-video-estreno-2024\/","title":{"rendered":"NAHUEL PENNISI Y LOS PALMERAS EN &#8220;MALA&#8221;"},"content":{"rendered":"\n<figure class=\"wp-block-image size-full\"><img loading=\"lazy\" decoding=\"async\" width=\"690\" height=\"330\" src=\"https:\/\/masfm.com\/emisora\/wp-content\/uploads\/2024\/11\/nahuel-pennisi-y-los-palmeras-en-mala-letra-video-estreno-2024.webp\" alt=\"\" class=\"wp-image-22420\" title=\"Nahuel Pennisi y Los Palmeras estrenan el video de \u201cMALA\u201d, una destacada colaboraci\u00f3n de su \u00e1lbum Momentos: toda la info, el video y la letra completa est\u00e1n ac\u00e1!\" srcset=\"https:\/\/masfm.com\/emisora\/wp-content\/uploads\/2024\/11\/nahuel-pennisi-y-los-palmeras-en-mala-letra-video-estreno-2024.webp 690w, https:\/\/masfm.com\/emisora\/wp-content\/uploads\/2024\/11\/nahuel-pennisi-y-los-palmeras-en-mala-letra-video-estreno-2024-600x287.webp 600w\" sizes=\"auto, (max-width: 690px) 100vw, 690px\" \/><\/figure>\n\n\n\n<h2 class=\"wp-block-heading\">Nahuel Pennisi y Los Palmeras estrenan el video de \u201cMALA\u201d, una destacada colaboraci\u00f3n de su \u00e1lbum Momentos: toda la info, el video y la letra completa est\u00e1n ac\u00e1!<\/h2>\n\n\n\n<p>Nahuel Pennisi y Los Palmeras en &#8220;Mala&#8221;, una cumbia para bailar todo el verano bajo las estrellas.<\/p>\n\n\n\n<p>El artista <a href=\"https:\/\/masfm.com\/emisora\/?s=Nahuel+Pennisi\" target=\"_blank\" rel=\"noreferrer noopener\">Nahuel Pennisi<\/a> contin\u00faa explorando su universo musical y emocional en su \u00faltimo \u00e1lbum, \u201cMomentos\u201d, un proyecto que captura instantes profundos de su vida y carrera. <\/p>\n\n\n\n<p>Como parte de este recorrido, lanza junto a <a href=\"https:\/\/masfm.com\/emisora\/?s=Los+Palmeras\" target=\"_blank\" rel=\"noreferrer noopener\">Los Palmeras<\/a> un nuevo single y video que fusiona su sensibilidad con el estilo inconfundible de la hist\u00f3rica banda santafesina.<\/p>\n\n\n\n<p>Esta canci\u00f3n, integrada en Momentos, muestra el encuentro de dos estilos que, aunque diferentes, logran una conexi\u00f3n poderosa a trav\u00e9s de la m\u00fasica popular argentina. <\/p>\n\n\n\n<p>Con la voz y el carisma de Nahuel, junto a la energ\u00eda contagiosa de Los Palmeras, el single invita al oyente a celebrar y compartir momentos que se transforman en recuerdos inolvidables.<\/p>\n\n\n\n<h2 class=\"wp-block-heading\">En boca de Nahuel Pennisi.<\/h2>\n\n\n\n<blockquote class=\"wp-block-quote is-layout-flow wp-block-quote-is-layout-flow\">\n<p>\u201cMala es una canci\u00f3n que fue como pensada para los Palmeras, con la idea de la letra, de hablar en este caso de una mujer que fue una mala experiencia, de la ilusi\u00f3n, sabiendo que Los Palmeras tienen canciones con ese perfil. Fue muy linda la forma que se dio de grabar. Habl\u00e9 con Marcos Camino (uno de los referentes de la banda que toca el acorde\u00f3n) y le mand\u00e9 el demo para que lo escuche, me dijo que le encantaba: \u00b4tiene gancho, ahora vamos a palmerizarlo\u00b4, una frase que me la lo guardo para siempre. Ellos grabaron su parte desde Santa Fe con toda la banda y yo la produje con Pato Resico con quien hicimos la mayor parte de las canciones del disco y el tema es de mi amigo Leon (Cuye) con quien venimos trabajando hace a\u00f1os juntos. Es una canci\u00f3n que si bien no es de mi perfil, me encanta cantarla y el video fue muy divertido porque compartimos linda energ\u00eda con Cacho con Marcos y con todos los m\u00fasicos\u201d, cuenta Nahuel.<\/p>\n<\/blockquote>\n\n\n\n<p>El video fue dirigido por Juan Rippari y filmado en el barrio de Almagro, en Buenos Aires. <\/p>\n\n\n\n<p>Captura im\u00e1genes de Nahuel y Los Palmeras en una celebraci\u00f3n de m\u00fasica, ra\u00edces y amistad, en un ambiente festivo que resalta la diversidad y riqueza cultural de Argentina. <\/p>\n\n\n\n<p>Este lanzamiento refleja un clima especial en \u201cMomentos\u201d, \u00e1lbum que ya se posiciona como uno de los trabajos m\u00e1s representativos de Nahuel, conectando con su p\u00fablico en un nivel M\u00e1s personal y cercano.<\/p>\n\n\n\n<p>Nahuel Pennisi y Los Palmeras invitan a sumarse a esta experiencia \u00fanica y a descubrir juntos este nuevo cap\u00edtulo de Momentos, disponible en todas las plataformas digitales.<\/p>\n\n\n\n<h2 class=\"wp-block-heading\">Letra de &#8220;Mala&#8221; de Nahuel Pennisi y Los Palmeras.<\/h2>\n\n\n\n<p>Yo viv\u00eda en un sue\u00f1o, era todo perfecto<br>Me robaste los besos, las pasiones y el fuego<br>Pero todo no fue M\u00e1s que un juego para vos<\/p>\n\n\n\n<p>Y me fui dando cuenta, de lo que estabas hecha<br>De todas tus mentiras, coraz\u00f3n de madera<br>Porque todo no fue M\u00e1s que un juego para vos<\/p>\n\n\n\n<p>Por eso dale, que dale que dale, que dale<br>Y dale que dale<br>Por M\u00e1s que lo intentes tu maldad se siente<br>Entonces dale, que dale que dale, que dale<br>Y dale que dale<br>Por M\u00e1s que lo intentes tu maldad se siente<\/p>\n\n\n\n<p>En este mundo hay gente buena y tambi\u00e9n hay<br>Gente que como vos tiene oscuro el coraz\u00f3n<\/p>\n\n\n\n<h4 class=\"wp-block-heading\">Porque sos mala (mala)<br>Te portaste mal porque sos mala (mala)<br>Me fallaste mal porque sos mala (mala)<br>Ojal\u00e1 no te vuelva a encontrar<\/h4>\n\n\n\n<p>Mala, te portaste mal porque sos mala (mala)<br>Me hiciste tan mal porque sos mala (mala)<br>Ojal\u00e1 no te vuelva a encontrar<\/p>\n\n\n\n<p>Yo viv\u00eda una ilusi\u00f3n, una ilusi\u00f3n de papel<br>Con el viento se perdi\u00f3<br>Yo cre\u00eda en el amor que te he dado pero todo<br>No fue M\u00e1s que un juego para vos<\/p>\n\n\n\n<p>Entonces dale, que dale que dale, que dale<br>Y dale que dale<br>Por M\u00e1s que lo intentes tu maldad se siente<br>En este mundo hay gente buena y tambi\u00e9n hay<br>Gente que como vos tiene oscuro el coraz\u00f3n<\/p>\n\n\n\n<p>Porque sos mala (mala)<br>Te portaste mal porque sos mala (mala)<br>Me fallaste mal porque sos mala (mala)<br>Ojal\u00e1 no te vuelva a encontrar<\/p>\n\n\n\n<p>Mala, te portaste mal porque sos mala (mala)<br>Me hiciste tan mal porque sos mala (mala)<br>Ojal\u00e1 no te vuelva a encontrar<\/p>\n\n\n\n<h2 class=\"wp-block-heading\">\u00a1Ya lo sumamos!<\/h2>\n\n\n\n<p>Nahuel Pennisi y Los Palmeras en &#8220;Mala&#8221; y el video ya forma parte de nuestra programaci\u00f3n, la cual desde hace M\u00e1s de dos d\u00e9cada, la disfrut\u00e1s 100 % con im\u00e1genes.<\/p>\n\n\n\n<p>Acordate, pod\u00e9s mirarnos desde tu compu, tablet, notebook o Smart TV con s\u00f3lo&nbsp;<a href=\"https:\/\/masfm.com\/emisora\/#section-custom-content-2\" target=\"_blank\" rel=\"noreferrer noopener\">entrar ac\u00e1<\/a>.<\/p>\n\n\n\n<p>Si prefer\u00eds que la experiencia sea por medio de tu celular, bajate la App gratuitamente&nbsp;<a href=\"https:\/\/masfm.pryx.com.ar\/install\/\" target=\"_blank\" rel=\"noreferrer noopener\">desde ac\u00e1<\/a>&nbsp;y miranos desde cualquier parte del mundo, a la hora que quieras!<\/p>\n\n\n\n<p>Estamos las 24 horas con la mejor m\u00fasica y sus clips.<\/p>\n\n\n\n<h2 class=\"wp-block-heading\">\u00a1Registrate a M\u00e1s FM 95 9!<\/h2>\n\n\n  \n  \n  <div class=\"\n    mailpoet_form_popup_overlay\n      \"><\/div>\n  <div\n    id=\"mailpoet_form_3\"\n    class=\"\n      mailpoet_form\n      mailpoet_form_html\n      mailpoet_form_position_\n      mailpoet_form_animation_\n    \"\n      >\n\n    <style type=\"text\/css\">\n     #mailpoet_form_3 .mailpoet_form {  }\n#mailpoet_form_3 .mailpoet_column_with_background { padding: 10px; }\n#mailpoet_form_3 .mailpoet_form_column:not(:first-child) { margin-left: 20px; }\n#mailpoet_form_3 .mailpoet_paragraph { line-height: 20px; margin-bottom: 20px; }\n#mailpoet_form_3 .mailpoet_segment_label, #mailpoet_form_3 .mailpoet_text_label, #mailpoet_form_3 .mailpoet_textarea_label, #mailpoet_form_3 .mailpoet_select_label, #mailpoet_form_3 .mailpoet_radio_label, #mailpoet_form_3 .mailpoet_checkbox_label, #mailpoet_form_3 .mailpoet_list_label, #mailpoet_form_3 .mailpoet_date_label { display: block; font-weight: normal; }\n#mailpoet_form_3 .mailpoet_text, #mailpoet_form_3 .mailpoet_textarea, #mailpoet_form_3 .mailpoet_select, #mailpoet_form_3 .mailpoet_date_month, #mailpoet_form_3 .mailpoet_date_day, #mailpoet_form_3 .mailpoet_date_year, #mailpoet_form_3 .mailpoet_date { display: block; }\n#mailpoet_form_3 .mailpoet_text, #mailpoet_form_3 .mailpoet_textarea { width: 200px; }\n#mailpoet_form_3 .mailpoet_checkbox {  }\n#mailpoet_form_3 .mailpoet_submit {  }\n#mailpoet_form_3 .mailpoet_divider {  }\n#mailpoet_form_3 .mailpoet_message {  }\n#mailpoet_form_3 .mailpoet_form_loading { width: 30px; text-align: center; line-height: normal; }\n#mailpoet_form_3 .mailpoet_form_loading > span { width: 5px; height: 5px; background-color: #5b5b5b; }#mailpoet_form_3{border-radius: 0px;text-align: left;}#mailpoet_form_3 form.mailpoet_form {padding: 20px;}#mailpoet_form_3{width: 100%;}#mailpoet_form_3 .mailpoet_message {margin: 0; padding: 0 20px;}#mailpoet_form_3 .mailpoet_paragraph.last {margin-bottom: 0} @media (max-width: 500px) {#mailpoet_form_3 {background-image: none;}} @media (min-width: 500px) {#mailpoet_form_3 .last .mailpoet_paragraph:last-child {margin-bottom: 0}}  @media (max-width: 500px) {#mailpoet_form_3 .mailpoet_form_column:last-child .mailpoet_paragraph:last-child {margin-bottom: 0}} \n    <\/style>\n\n    <form\n      target=\"_self\"\n      method=\"post\"\n      action=\"https:\/\/masfm.com\/emisora\/wp-admin\/admin-post.php?action=mailpoet_subscription_form\"\n      class=\"mailpoet_form mailpoet_form_form mailpoet_form_html\"\n      novalidate\n      data-delay=\"\"\n      data-exit-intent-enabled=\"\"\n      data-trigger-mode=\"\"\n      data-click-trigger-selector=\"\"\n      data-font-family=\"\"\n      data-cookie-expiration-time=\"\"\n    >\n      <input type=\"hidden\" name=\"data[form_id]\" value=\"3\" \/>\n      <input type=\"hidden\" name=\"token\" value=\"a4ce824dd0\" \/>\n      <input type=\"hidden\" name=\"api_version\" value=\"v1\" \/>\n      <input type=\"hidden\" name=\"endpoint\" value=\"subscribers\" \/>\n      <input type=\"hidden\" name=\"mailpoet_method\" value=\"subscribe\" \/>\n\n      <label class=\"mailpoet_hp_email_label\" style=\"display: none !important;\">Please leave this field empty<input type=\"email\" name=\"data[email]\"\/><\/label><div class='mailpoet_form_columns_container'><div class=\"mailpoet_form_columns mailpoet_paragraph mailpoet_stack_on_mobile\"><div class=\"mailpoet_form_column\"><div class=\"mailpoet_paragraph \"><input type=\"text\" autocomplete=\"given-name\" class=\"mailpoet_text\" id=\"form_first_name_3\" name=\"data[form_field_Mjg5ZDFmYWM5ZDQ5X2ZpcnN0X25hbWU=]\" title=\"Nombre\" value=\"\" style=\"width:100%;box-sizing:border-box;padding:5px;margin: 0 auto 0 0;\" data-automation-id=\"form_first_name\"  placeholder=\"Nombre\" aria-label=\"Nombre\" data-parsley-errors-container=\".mailpoet_error_zjwlm\" data-parsley-names='[&quot;Please specify a valid name.&quot;,&quot;Addresses in names are not permitted, please add your name instead.&quot;]'\/><span class=\"mailpoet_error_zjwlm\"><\/span><\/div>\n<\/div>\n<div class=\"mailpoet_form_column\"><div class=\"mailpoet_paragraph \"><input type=\"email\" autocomplete=\"email\" class=\"mailpoet_text\" id=\"form_email_3\" name=\"data[form_field_OGY2ODJhNTQxZjUxX2VtYWls]\" title=\"TU MAIL:\" value=\"\" style=\"width:100%;box-sizing:border-box;padding:5px;margin: 0 auto 0 0;\" data-automation-id=\"form_email\"  placeholder=\"TU MAIL: *\" aria-label=\"TU MAIL: *\" data-parsley-errors-container=\".mailpoet_error_1fr55\" data-parsley-required=\"true\" required aria-required=\"true\" data-parsley-minlength=\"6\" data-parsley-maxlength=\"150\" data-parsley-type-message=\"This value should be a valid email.\" data-parsley-required-message=\"This field is required.\"\/><span class=\"mailpoet_error_1fr55\"><\/span><\/div>\n<\/div>\n<div class=\"mailpoet_form_column\"><div class=\"mailpoet_paragraph \"><input type=\"submit\" class=\"mailpoet_submit\" value=\"SUMATE YA!\" data-automation-id=\"subscribe-submit-button\" style=\"width:100%;box-sizing:border-box;padding:5px;margin: 0 auto 0 0;border-color:transparent;\" \/><span class=\"mailpoet_form_loading\"><span class=\"mailpoet_bounce1\"><\/span><span class=\"mailpoet_bounce2\"><\/span><span class=\"mailpoet_bounce3\"><\/span><\/span><\/div>\n<\/div>\n<\/div><\/div>\n<div class='mailpoet_form_columns_container'><div class=\"mailpoet_form_columns mailpoet_paragraph mailpoet_stack_on_mobile\"><div class=\"mailpoet_form_column\"><\/div>\n<div class=\"mailpoet_form_column\"><\/div>\n<\/div><\/div>\n\n      <div class=\"mailpoet_message\">\n        <p class=\"mailpoet_validate_success\"\n                style=\"display:none;\"\n                >Revisa tu bandeja de entrada o la carpeta de spam para confirmar tu suscripci\u00f3n.\n        <\/p>\n        <p class=\"mailpoet_validate_error\"\n                style=\"display:none;\"\n                >        <\/p>\n      <\/div>\n    <\/form>\n\n      <\/div>\n\n  \n\n\n<figure class=\"wp-block-image size-full\"><img loading=\"lazy\" decoding=\"async\" width=\"690\" height=\"330\" src=\"https:\/\/masfm.com\/emisora\/wp-content\/uploads\/2024\/11\/nahuel-pennisi-y-los-palmeras-en-mala-letra-video-estreno-2024.webp\" alt=\"\" class=\"wp-image-22420\" title=\"Nahuel Pennisi y Los Palmeras estrenan el video de \u201cMALA\u201d, una destacada colaboraci\u00f3n de su \u00e1lbum Momentos: toda la info, el video y la letra completa est\u00e1n ac\u00e1!\" srcset=\"https:\/\/masfm.com\/emisora\/wp-content\/uploads\/2024\/11\/nahuel-pennisi-y-los-palmeras-en-mala-letra-video-estreno-2024.webp 690w, https:\/\/masfm.com\/emisora\/wp-content\/uploads\/2024\/11\/nahuel-pennisi-y-los-palmeras-en-mala-letra-video-estreno-2024-600x287.webp 600w\" sizes=\"auto, (max-width: 690px) 100vw, 690px\" \/><\/figure>\n","protected":false},"excerpt":{"rendered":"<p>Nahuel Pennisi y Los Palmeras estrenan el video de \u201cMALA\u201d, una destacada colaboraci\u00f3n de su \u00e1lbum Momentos: toda la info, el video y la letra completa est\u00e1n ac\u00e1! Nahuel Pennisi y Los Palmeras en &#8220;Mala&#8221;, una cumbia para bailar todo el verano bajo las estrellas. El artista Nahuel Pennisi contin\u00faa explorando su universo musical y&hellip;<\/p>\n","protected":false},"author":4,"featured_media":0,"comment_status":"closed","ping_status":"open","sticky":false,"template":"","format":"video","meta":{"footnotes":""},"categories":[2],"tags":[48,47,318,46,13,358,14,24,23],"class_list":["post-22417","post","type-post","status-publish","format-video","hentry","category-noticias","tag-esporaca","tag-laradioqueseve","tag-los-palmeras","tag-masfm959","tag-musica","tag-nahuel-pennisi","tag-noticias","tag-videos","tag-video","post_format-post-format-video"],"amp_enabled":true,"_links":{"self":[{"href":"https:\/\/masfm.com\/emisora\/wp-json\/wp\/v2\/posts\/22417","targetHints":{"allow":["GET"]}}],"collection":[{"href":"https:\/\/masfm.com\/emisora\/wp-json\/wp\/v2\/posts"}],"about":[{"href":"https:\/\/masfm.com\/emisora\/wp-json\/wp\/v2\/types\/post"}],"author":[{"embeddable":true,"href":"https:\/\/masfm.com\/emisora\/wp-json\/wp\/v2\/users\/4"}],"replies":[{"embeddable":true,"href":"https:\/\/masfm.com\/emisora\/wp-json\/wp\/v2\/comments?post=22417"}],"version-history":[{"count":0,"href":"https:\/\/masfm.com\/emisora\/wp-json\/wp\/v2\/posts\/22417\/revisions"}],"wp:attachment":[{"href":"https:\/\/masfm.com\/emisora\/wp-json\/wp\/v2\/media?parent=22417"}],"wp:term":[{"taxonomy":"category","embeddable":true,"href":"https:\/\/masfm.com\/emisora\/wp-json\/wp\/v2\/categories?post=22417"},{"taxonomy":"post_tag","embeddable":true,"href":"https:\/\/masfm.com\/emisora\/wp-json\/wp\/v2\/tags?post=22417"}],"curies":[{"name":"wp","href":"https:\/\/api.w.org\/{rel}","templated":true}]}}