{"id":22769,"date":"2025-01-23T22:19:57","date_gmt":"2025-01-24T01:19:57","guid":{"rendered":"https:\/\/masfm.com\/emisora\/?p=22769"},"modified":"2025-01-23T22:22:29","modified_gmt":"2025-01-24T01:22:29","slug":"alejandro-sanz-junto-a-grupo-frontera-hoy-no-me-siento-bien-letra-video-estreno-2025","status":"publish","type":"post","link":"https:\/\/masfm.com\/emisora\/alejandro-sanz-junto-a-grupo-frontera-hoy-no-me-siento-bien-letra-video-estreno-2025\/","title":{"rendered":"ALEJANDRO SANZ JUNTO A GRUPO FRONTERA"},"content":{"rendered":"\n<figure class=\"wp-block-image size-full\"><img loading=\"lazy\" decoding=\"async\" width=\"690\" height=\"330\" src=\"https:\/\/masfm.com\/emisora\/wp-content\/uploads\/2025\/01\/alejandro-sanz-junto-a-grupo-frontera-hoy-no-me-siento-bien-letra-video-estreno-2025.webp\" alt=\"alejandro-sanz-junto-a-grupo-frontera-hoy-no-me-siento-bien-letra-video-estreno-2025\" class=\"wp-image-22781\" title=\"Alejandro Sanz presenta &quot;Hoy no me siento bien&quot; junto a Grupo Frontera: toda al info, la letra y el video est\u00e1n ac\u00e1!\" srcset=\"https:\/\/masfm.com\/emisora\/wp-content\/uploads\/2025\/01\/alejandro-sanz-junto-a-grupo-frontera-hoy-no-me-siento-bien-letra-video-estreno-2025.webp 690w, https:\/\/masfm.com\/emisora\/wp-content\/uploads\/2025\/01\/alejandro-sanz-junto-a-grupo-frontera-hoy-no-me-siento-bien-letra-video-estreno-2025-600x287.webp 600w\" sizes=\"auto, (max-width: 690px) 100vw, 690px\" \/><\/figure>\n\n\n\n<h2 class=\"wp-block-heading\">Alejandro Sanz presenta &#8220;Hoy no me siento bien&#8221; junto a Grupo Frontera: toda al info, la letra y el video est\u00e1n ac\u00e1!<\/h2>\n\n\n\n<p>Alejandro Sanz junto a Grupo Frontera es un feat que seguramente no te esperabas pero no vas a parar de cantar y bailar.<\/p>\n\n\n\n<p>&#8220;Hoy no me siento bien&#8221; es el segundo adelanto de lo que ser\u00e1 el nuevo y esperado trabajo de <a href=\"https:\/\/masfm.com\/emisora\/?s=Alejandro+Sanz\" target=\"_blank\" rel=\"noreferrer noopener\">Alejandro Sanz<\/a> y cuyos detalles se ir\u00e1n desvelando en las pr\u00f3ximas semanas<\/p>\n\n\n\n<p>A Alejandro Sanz le ha gustado siempre el universo mexicano y por esta raz\u00f3n, era cuesti\u00f3n de tiempo que cuajara una colaboraci\u00f3n como la de &#8220;Hoy no me siento bien&#8221;, el nuevo tema con <a href=\"https:\/\/masfm.com\/emisora\/?s=Grupo+Frontera\" target=\"_blank\" rel=\"noreferrer noopener\">Grupo Frontera<\/a>.<\/p>\n\n\n\n<p>Grupo Frontera es uno de los m\u00e1ximos exponentes de la m\u00fasica de M\u00e9xico, un pa\u00eds muy querido y admirado por Alejandro en todos los sentidos. <\/p>\n\n\n\n<p>El esfuerzo constante por alcanzar nuevas alturas creativas, es una de las principales caracter\u00edsticas de esta formaci\u00f3n que ha trabajado con artistas como <a href=\"https:\/\/masfm.com\/emisora\/?s=Peso+Pluma\" target=\"_blank\" rel=\"noreferrer noopener\">Peso Pluma<\/a>, <a href=\"https:\/\/masfm.com\/emisora\/?s=Shakira\" target=\"_blank\" rel=\"noreferrer noopener\">Shakira<\/a>, <a href=\"https:\/\/masfm.com\/emisora\/?s=Carin+Leon\" target=\"_blank\" rel=\"noreferrer noopener\">Carin Leon<\/a> o <a href=\"https:\/\/masfm.com\/emisora\/?s=Bad+Bunny\" target=\"_blank\" rel=\"noreferrer noopener\">Bad Bunny<\/a>, con quien lanz\u00f3 el hit un x100to. <\/p>\n\n\n\n<h3 class=\"wp-block-heading\">Recientemente lograron su primer Latin Grammy al Mejor \u00c1lbum Norte\u00f1o por El Comienzo.<\/h3>\n\n\n\n<p>La colaboraci\u00f3n en &#8220;Hoy no me siento bien&#8221; surgi\u00f3 de forma org\u00e1nica y natural por ambos artistas. En palabras de Grupo Frontera:<\/p>\n\n\n\n<blockquote class=\"wp-block-quote is-layout-flow wp-block-quote-is-layout-flow\">\n<p>\u201cPara nosotros trabajar una canci\u00f3n como Hoy no me siento bien con un artista de la talla de Alejandro Sanz nos da mucho orgullo porque le tenemos un respeto infinito (\u2026) Estamos encantados con el resultado final. La fusi\u00f3n de g\u00e9neros le da una dimensi\u00f3n brutal al tema y el hecho de haberlo podido trabajar mano a mano con \u00e9l y Edgard nos permit\u00f3 a\u00f1adir un trocito de nuestro imaginario musical en la canci\u00f3n de una manera muy natural.\u201d<\/p>\n<\/blockquote>\n\n\n\n<p>Del mismo modo que con &#8220;Palmeras en el jard\u00edn&#8221;, &#8220;Hoy no me siento bien&#8221; viene acompa\u00f1ado por un videoclip muy especial dirigido por el realizador Greg Ohrel.<\/p>\n\n\n\n<p>Ohrel ya dirigi\u00f3 la brillante pieza audiovisual del anterior lanzamiento y por esta raz\u00f3n no resulta extra\u00f1o que el cantante y compositor espa\u00f1ol haya querido volver a contar con \u00e9l. <\/p>\n\n\n\n<p>En esta ocasi\u00f3n la intenci\u00f3n de Sanz pasaba por recrear una fiesta de barrio al M\u00e1s puro estilo mexicano.<\/p>\n\n\n\n<h2 class=\"wp-block-heading\">&#8220;Hoy no me siento bien&#8221;, lo nuevo de Ale Sanz.<\/h2>\n\n\n\n<p>El nuevo tema \u2013el segundo de Sanz desde su incorporaci\u00f3n a Sony Music\u2013 cuenta con la producci\u00f3n de Edgar Barrera, probablemente el productor n\u00famero uno en el contexto del mercado Latino actual.<\/p>\n\n\n\n<p>Tambi\u00e9n destaca la participaci\u00f3n en los arreglos de Luis Miguel G\u00f3mez Casta\u00f1o Casta, que poco a poco se va convirtiendo en uno de los \u201csospechosos habituales\u201d del equipo del artista espa\u00f1ol.<\/p>\n\n\n\n<p>El estreno de Alejandro Sanz en su nueva casa fue con &#8220;Palmeras en el jard\u00edn&#8221;, un tema con el inconfundible sello de un artista reconocido internacionalmente como una leyenda de la m\u00fasica. <\/p>\n\n\n\n<p>Con ese lanzamiento, iniciaba el camino del que pronto se convertir\u00e1 en su nuevo trabajo discogr\u00e1fico del que iremos conociendo M\u00e1s detalles en las pr\u00f3ximas semanas.<\/p>\n\n\n\n<p>Sanz es uno de los artistas espa\u00f1oles M\u00e1s admirados del panorama internacional y el M\u00e1s premiado de todos los tiempos, con 22 Latin Grammy, cuatro Grammy en su palmar\u00e9s y un Billboard por su trayectoria, entre otros muchos galardones.<\/p>\n\n\n\n<p>Desde su debut en 1991 con &#8220;Viviendo deprisa&#8221; hasta su \u00faltimo disco de estudio, SANZ, de diciembre de 2021, ha conquistado los escenarios del mundo, con m\u00e1s de 25 millones de discos vendidos y todos sus \u00e1lbumes certificados con m\u00faltiples Discos de Platino.<\/p>\n\n\n\n<h2 class=\"wp-block-heading\">Letra de &#8220;Hoy no me siento bien&#8221; de Alejandro Sanz y Grupo Frontera.<\/h2>\n\n\n\n<p>Si me ves llorando, <br>no es que no sea feliz<br>Tampoco es por amor, <br>a veces uno solo llora porque s\u00ed<\/p>\n\n\n\n<p>Yo ya sufr\u00ed por alguien<br>Que solo dec\u00eda mentiras, nom\u00e1s<br>Me dec\u00eda &#8220;Buen d\u00edas&#8221;<br>Y ten\u00eda que salir pa&#8217; ver si era verdad<\/p>\n\n\n\n<p>Yo ya super\u00e9 esto<br>No estoy llorando por eso<br>T\u00fa ya no me haces falta<br>Y ma\u00f1ana se me pasa<\/p>\n\n\n\n<p>Pero hoy no me siento bien<br>No quiero ni hablar con la gente<br>Sentirse mal tambi\u00e9n est\u00e1 bien<br>Porque no hay mal que dure pa&#8217; siempre, y menos t\u00fa<\/p>\n\n\n\n<h4 class=\"wp-block-heading\">Hoy no me siento bien<br>No quiero ni hablar con la gente<br>Sentirse mal tambi\u00e9n est\u00e1 bien<br>Porque no hay mal que dure pa&#8217; siempre, y menos t\u00fa<\/h4>\n\n\n\n<p>Que nunca me diste na&#8217; de na&#8217;, de na&#8217;, de nada<br>\u00bfC\u00f3mo te voy a extra\u00f1ar? Si nunca diste na&#8217;<\/p>\n\n\n\n<p>Ese cien que t\u00fa me dabas parec\u00eda M\u00e1s un veinte<br>Yo creo que t\u00fa le dabas m\u00e1s amor a la gente<br>Que no te quer\u00eda como te quer\u00eda<br>Lo echabas en cara y luego te re\u00edas<\/p>\n\n\n\n<p>Ay, como yo no hay<br>Busca por ah\u00ed<br>Ya perd\u00ed mi tiempo buscando, ni\u00f1a, donde no hay<\/p>\n\n\n\n<p>Como yo no hay<br>Busca por ah\u00ed<br>Y si me ven mal, <br>no es que no sea feliz<\/p>\n\n\n\n<p>Pero hoy no me siento bien<br>No quiero ni hablar con la gente<br>Sentirse mal tambi\u00e9n est\u00e1 bien<br>Porque no hay mal que dure pa&#8217; siempre, y menos t\u00fa<br><br>Hoy no me siento bien<br>No quiero ni hablar con la gente<br>Sentirse mal tambi\u00e9n est\u00e1 bien<br>Porque no hay mal que dure pa&#8217; siempre, y menos t\u00fa<\/p>\n\n\n\n<p>Que nunca me diste na&#8217; de na&#8217;, de na&#8217;, de nada<br>\u00bfC\u00f3mo te voy a extra\u00f1ar? Si nunca diste na&#8217;<\/p>\n\n\n\n<p>Si me ves llorando, no es que no sea feliz<br>Tampoco es por amor, a veces uno llora porque s\u00ed<\/p>\n\n\n\n<h2 class=\"wp-block-heading\">\u00a1Ya lo sumamos!<\/h2>\n\n\n\n<p>Alejandro Sanz junto a Grupo Frontera en &#8220;Hoy no me siento bien&#8221; y el video ya forma parte de nuestra programaci\u00f3n, la cual desde hace M\u00e1s de dos d\u00e9cada, la disfrut\u00e1s 100 % con im\u00e1genes.<\/p>\n\n\n\n<p>Acordate, pod\u00e9s mirarnos desde tu compu, tablet, notebook o Smart TV con s\u00f3lo&nbsp;<a href=\"https:\/\/masfm.com\/emisora\/#section-custom-content-2\" target=\"_blank\" rel=\"noreferrer noopener\">entrar ac\u00e1<\/a>.<\/p>\n\n\n\n<p>Si prefer\u00eds que la experiencia sea por medio de tu celular, bajate la App gratuitamente&nbsp;<a href=\"https:\/\/masfm.pryx.com.ar\/install\/\" target=\"_blank\" rel=\"noreferrer noopener\">desde ac\u00e1<\/a>&nbsp;y miranos desde cualquier parte del mundo, a la hora que quieras!<\/p>\n\n\n\n<p>Estamos las 24 horas con la mejor m\u00fasica y sus clips.<\/p>\n\n\n\n<h2 class=\"wp-block-heading\">\u00a1Registrate a M\u00e1s FM 95 9!<\/h2>\n\n\n  \n  \n  <div class=\"\n    mailpoet_form_popup_overlay\n      \"><\/div>\n  <div\n    id=\"mailpoet_form_3\"\n    class=\"\n      mailpoet_form\n      mailpoet_form_html\n      mailpoet_form_position_\n      mailpoet_form_animation_\n    \"\n      >\n\n    <style type=\"text\/css\">\n     #mailpoet_form_3 .mailpoet_form {  }\n#mailpoet_form_3 .mailpoet_column_with_background { padding: 10px; }\n#mailpoet_form_3 .mailpoet_form_column:not(:first-child) { margin-left: 20px; }\n#mailpoet_form_3 .mailpoet_paragraph { line-height: 20px; margin-bottom: 20px; }\n#mailpoet_form_3 .mailpoet_segment_label, #mailpoet_form_3 .mailpoet_text_label, #mailpoet_form_3 .mailpoet_textarea_label, #mailpoet_form_3 .mailpoet_select_label, #mailpoet_form_3 .mailpoet_radio_label, #mailpoet_form_3 .mailpoet_checkbox_label, #mailpoet_form_3 .mailpoet_list_label, #mailpoet_form_3 .mailpoet_date_label { display: block; font-weight: normal; }\n#mailpoet_form_3 .mailpoet_text, #mailpoet_form_3 .mailpoet_textarea, #mailpoet_form_3 .mailpoet_select, #mailpoet_form_3 .mailpoet_date_month, #mailpoet_form_3 .mailpoet_date_day, #mailpoet_form_3 .mailpoet_date_year, #mailpoet_form_3 .mailpoet_date { display: block; }\n#mailpoet_form_3 .mailpoet_text, #mailpoet_form_3 .mailpoet_textarea { width: 200px; }\n#mailpoet_form_3 .mailpoet_checkbox {  }\n#mailpoet_form_3 .mailpoet_submit {  }\n#mailpoet_form_3 .mailpoet_divider {  }\n#mailpoet_form_3 .mailpoet_message {  }\n#mailpoet_form_3 .mailpoet_form_loading { width: 30px; text-align: center; line-height: normal; }\n#mailpoet_form_3 .mailpoet_form_loading > span { width: 5px; height: 5px; background-color: #5b5b5b; }#mailpoet_form_3{border-radius: 0px;text-align: left;}#mailpoet_form_3 form.mailpoet_form {padding: 20px;}#mailpoet_form_3{width: 100%;}#mailpoet_form_3 .mailpoet_message {margin: 0; padding: 0 20px;}#mailpoet_form_3 .mailpoet_paragraph.last {margin-bottom: 0} @media (max-width: 500px) {#mailpoet_form_3 {background-image: none;}} @media (min-width: 500px) {#mailpoet_form_3 .last .mailpoet_paragraph:last-child {margin-bottom: 0}}  @media (max-width: 500px) {#mailpoet_form_3 .mailpoet_form_column:last-child .mailpoet_paragraph:last-child {margin-bottom: 0}} \n    <\/style>\n\n    <form\n      target=\"_self\"\n      method=\"post\"\n      action=\"https:\/\/masfm.com\/emisora\/wp-admin\/admin-post.php?action=mailpoet_subscription_form\"\n      class=\"mailpoet_form mailpoet_form_form mailpoet_form_html\"\n      novalidate\n      data-delay=\"\"\n      data-exit-intent-enabled=\"\"\n      data-trigger-mode=\"\"\n      data-click-trigger-selector=\"\"\n      data-font-family=\"\"\n      data-cookie-expiration-time=\"\"\n    >\n      <input type=\"hidden\" name=\"data[form_id]\" value=\"3\" \/>\n      <input type=\"hidden\" name=\"token\" value=\"a4ce824dd0\" \/>\n      <input type=\"hidden\" name=\"api_version\" value=\"v1\" \/>\n      <input type=\"hidden\" name=\"endpoint\" value=\"subscribers\" \/>\n      <input type=\"hidden\" name=\"mailpoet_method\" value=\"subscribe\" \/>\n\n      <label class=\"mailpoet_hp_email_label\" style=\"display: none !important;\">Please leave this field empty<input type=\"email\" name=\"data[email]\"\/><\/label><div class='mailpoet_form_columns_container'><div class=\"mailpoet_form_columns mailpoet_paragraph mailpoet_stack_on_mobile\"><div class=\"mailpoet_form_column\"><div class=\"mailpoet_paragraph \"><input type=\"text\" autocomplete=\"given-name\" class=\"mailpoet_text\" id=\"form_first_name_3\" name=\"data[form_field_Mjg5ZDFmYWM5ZDQ5X2ZpcnN0X25hbWU=]\" title=\"Nombre\" value=\"\" style=\"width:100%;box-sizing:border-box;padding:5px;margin: 0 auto 0 0;\" data-automation-id=\"form_first_name\"  placeholder=\"Nombre\" aria-label=\"Nombre\" data-parsley-errors-container=\".mailpoet_error_54frv\" data-parsley-names='[&quot;Please specify a valid name.&quot;,&quot;Addresses in names are not permitted, please add your name instead.&quot;]'\/><span class=\"mailpoet_error_54frv\"><\/span><\/div>\n<\/div>\n<div class=\"mailpoet_form_column\"><div class=\"mailpoet_paragraph \"><input type=\"email\" autocomplete=\"email\" class=\"mailpoet_text\" id=\"form_email_3\" name=\"data[form_field_OGY2ODJhNTQxZjUxX2VtYWls]\" title=\"TU MAIL:\" value=\"\" style=\"width:100%;box-sizing:border-box;padding:5px;margin: 0 auto 0 0;\" data-automation-id=\"form_email\"  placeholder=\"TU MAIL: *\" aria-label=\"TU MAIL: *\" data-parsley-errors-container=\".mailpoet_error_u9r6o\" data-parsley-required=\"true\" required aria-required=\"true\" data-parsley-minlength=\"6\" data-parsley-maxlength=\"150\" data-parsley-type-message=\"This value should be a valid email.\" data-parsley-required-message=\"This field is required.\"\/><span class=\"mailpoet_error_u9r6o\"><\/span><\/div>\n<\/div>\n<div class=\"mailpoet_form_column\"><div class=\"mailpoet_paragraph \"><input type=\"submit\" class=\"mailpoet_submit\" value=\"SUMATE YA!\" data-automation-id=\"subscribe-submit-button\" style=\"width:100%;box-sizing:border-box;padding:5px;margin: 0 auto 0 0;border-color:transparent;\" \/><span class=\"mailpoet_form_loading\"><span class=\"mailpoet_bounce1\"><\/span><span class=\"mailpoet_bounce2\"><\/span><span class=\"mailpoet_bounce3\"><\/span><\/span><\/div>\n<\/div>\n<\/div><\/div>\n<div class='mailpoet_form_columns_container'><div class=\"mailpoet_form_columns mailpoet_paragraph mailpoet_stack_on_mobile\"><div class=\"mailpoet_form_column\"><\/div>\n<div class=\"mailpoet_form_column\"><\/div>\n<\/div><\/div>\n\n      <div class=\"mailpoet_message\">\n        <p class=\"mailpoet_validate_success\"\n                style=\"display:none;\"\n                >Revisa tu bandeja de entrada o la carpeta de spam para confirmar tu suscripci\u00f3n.\n        <\/p>\n        <p class=\"mailpoet_validate_error\"\n                style=\"display:none;\"\n                >        <\/p>\n      <\/div>\n    <\/form>\n\n      <\/div>\n\n  \n\n\n<figure class=\"wp-block-image size-full\"><img loading=\"lazy\" decoding=\"async\" width=\"690\" height=\"330\" src=\"https:\/\/masfm.com\/emisora\/wp-content\/uploads\/2025\/01\/alejandro-sanz-junto-a-grupo-frontera-hoy-no-me-siento-bien-letra-video-estreno-2025.webp\" alt=\"alejandro-sanz-junto-a-grupo-frontera-hoy-no-me-siento-bien-letra-video-estreno-2025\" class=\"wp-image-22781\" title=\"Alejandro Sanz presenta &quot;Hoy no me siento bien&quot; junto a Grupo Frontera: toda al info, la letra y el video est\u00e1n ac\u00e1!\" srcset=\"https:\/\/masfm.com\/emisora\/wp-content\/uploads\/2025\/01\/alejandro-sanz-junto-a-grupo-frontera-hoy-no-me-siento-bien-letra-video-estreno-2025.webp 690w, https:\/\/masfm.com\/emisora\/wp-content\/uploads\/2025\/01\/alejandro-sanz-junto-a-grupo-frontera-hoy-no-me-siento-bien-letra-video-estreno-2025-600x287.webp 600w\" sizes=\"auto, (max-width: 690px) 100vw, 690px\" \/><\/figure>\n","protected":false},"excerpt":{"rendered":"<p>Alejandro Sanz presenta &#8220;Hoy no me siento bien&#8221; junto a Grupo Frontera: toda al info, la letra y el video est\u00e1n ac\u00e1! Alejandro Sanz junto a Grupo Frontera es un feat que seguramente no te esperabas pero no vas a parar de cantar y bailar. &#8220;Hoy no me siento bien&#8221; es el segundo adelanto de&hellip;<\/p>\n","protected":false},"author":4,"featured_media":22781,"comment_status":"closed","ping_status":"open","sticky":false,"template":"","format":"video","meta":{"footnotes":""},"categories":[2],"tags":[439,179,48,578,47,46,13,14,24,23],"class_list":["post-22769","post","type-post","status-publish","format-video","has-post-thumbnail","hentry","category-noticias","tag-ale-sanz","tag-alejandro-sanz","tag-esporaca","tag-grupo-frontera","tag-laradioqueseve","tag-masfm959","tag-musica","tag-noticias","tag-videos","tag-video","post_format-post-format-video"],"amp_enabled":true,"_links":{"self":[{"href":"https:\/\/masfm.com\/emisora\/wp-json\/wp\/v2\/posts\/22769","targetHints":{"allow":["GET"]}}],"collection":[{"href":"https:\/\/masfm.com\/emisora\/wp-json\/wp\/v2\/posts"}],"about":[{"href":"https:\/\/masfm.com\/emisora\/wp-json\/wp\/v2\/types\/post"}],"author":[{"embeddable":true,"href":"https:\/\/masfm.com\/emisora\/wp-json\/wp\/v2\/users\/4"}],"replies":[{"embeddable":true,"href":"https:\/\/masfm.com\/emisora\/wp-json\/wp\/v2\/comments?post=22769"}],"version-history":[{"count":0,"href":"https:\/\/masfm.com\/emisora\/wp-json\/wp\/v2\/posts\/22769\/revisions"}],"wp:featuredmedia":[{"embeddable":true,"href":"https:\/\/masfm.com\/emisora\/wp-json\/wp\/v2\/media\/22781"}],"wp:attachment":[{"href":"https:\/\/masfm.com\/emisora\/wp-json\/wp\/v2\/media?parent=22769"}],"wp:term":[{"taxonomy":"category","embeddable":true,"href":"https:\/\/masfm.com\/emisora\/wp-json\/wp\/v2\/categories?post=22769"},{"taxonomy":"post_tag","embeddable":true,"href":"https:\/\/masfm.com\/emisora\/wp-json\/wp\/v2\/tags?post=22769"}],"curies":[{"name":"wp","href":"https:\/\/api.w.org\/{rel}","templated":true}]}}