{"id":23259,"date":"2025-04-02T21:22:18","date_gmt":"2025-04-03T00:22:18","guid":{"rendered":"https:\/\/masfm.com\/emisora\/?p=23259"},"modified":"2025-07-09T14:14:45","modified_gmt":"2025-07-09T17:14:45","slug":"silvestre-y-la-naranja-lanzo-invencibles-letra-video-estreno-2025","status":"publish","type":"post","link":"https:\/\/masfm.com\/emisora\/silvestre-y-la-naranja-lanzo-invencibles-letra-video-estreno-2025\/","title":{"rendered":"SILVESTRE Y LA NARANJA LANZ\u00d3 &#8220;INVENCIBLES&#8221;"},"content":{"rendered":"\n<figure class=\"wp-block-image size-full\"><img loading=\"lazy\" decoding=\"async\" width=\"690\" height=\"330\" src=\"https:\/\/masfm.com\/emisora\/wp-content\/uploads\/2025\/04\/silvestre-y-la-naranja-lanzo-invencibles-letra-video-estreno-2025.webp\" alt=\"La banda Silvestre y La Naranja presenta &quot;Invencibles&quot;, su nuevo corte: toda la info, la letra y el video est\u00e1n ac\u00e1!\n\nSilvestre y La Naranja lanz\u00f3 &quot;Invencibles&quot;, su nuevo single adelanto de su pr\u00f3ximo disco \u201cAlter Ego\u201d, y de esta forma contin\u00faa con su gran a\u00f1o musical.\" class=\"wp-image-23267\" title=\"La banda Silvestre y La Naranja presenta &quot;Invencibles&quot;, su nuevo corte: toda la info, la letra y el video est\u00e1n ac\u00e1!  Silvestre y La Naranja lanz\u00f3 &quot;Invencibles&quot;, su nuevo single adelanto de su pr\u00f3ximo disco \u201cAlter Ego\u201d, y de esta forma contin\u00faa con su gran a\u00f1o musical.\" srcset=\"https:\/\/masfm.com\/emisora\/wp-content\/uploads\/2025\/04\/silvestre-y-la-naranja-lanzo-invencibles-letra-video-estreno-2025.webp 690w, https:\/\/masfm.com\/emisora\/wp-content\/uploads\/2025\/04\/silvestre-y-la-naranja-lanzo-invencibles-letra-video-estreno-2025-600x287.webp 600w\" sizes=\"auto, (max-width: 690px) 100vw, 690px\" \/><\/figure>\n\n\n\n<h2 class=\"wp-block-heading\" id=\"la-banda-silvestre-y-la-naranja-presenta-invencibles-su-nuevo-corte-toda-la-info-la-letra-y-el-video-estan-aca\">La banda Silvestre y La Naranja presenta &#8220;Invencibles&#8221;, su nuevo corte: toda la info, la letra y el video est\u00e1n ac\u00e1!<\/h2>\n\n\n\n<p>Silvestre y La Naranja lanz\u00f3 &#8220;Invencibles&#8221;, su nuevo single adelanto de su pr\u00f3ximo disco \u201cAlter Ego\u201d, y de esta forma contin\u00faa con su gran a\u00f1o musical.<\/p>\n\n\n\n<div class=\"wp-block-rank-math-toc-block\" id=\"rank-math-toc\"><h4>Contenidos de la nota.<\/h4><nav><ul><li class=\"\"><a href=\"#la-banda-silvestre-y-la-naranja-presenta-invencibles-su-nuevo-corte-toda-la-info-la-letra-y-el-video-estan-aca\">La banda Silvestre y La Naranja presenta &#8220;Invencibles&#8221;, su nuevo corte: toda la info, la letra y el video est\u00e1n ac\u00e1!<\/a><\/li><li class=\"\"><a href=\"#mas-acerca-de-silvestre-y-la-naranja\">M\u00e1s acerca de Silvestre y La Naranja.<\/a><\/li><li class=\"\"><a href=\"#letra-de-invencibles-de-silvestre-y-la-naranja\">Letra de &#8220;Invencibles&#8221;.<\/a><\/li><li class=\"\"><a href=\"#ya-lo-sumamos\">\u00a1Ya lo sumamos!<\/a><\/li><li class=\"\"><a href=\"#registrate-a-mas-fm-95-9\">\u00a1Registrate a M\u00e1s FM 95 9!<\/a><\/li><\/ul><\/nav><\/div>\n\n\n\n<p>&#8220;Invencibles&#8221; es una balada indie pop que promete adue\u00f1arse de los corazones anaranjados y fue producida por el talentoso Mateo Rodo (<a href=\"https:\/\/masfm.com\/emisora\/?s=mya\" target=\"_blank\" rel=\"noreferrer noopener\">MYA<\/a>, <a href=\"https:\/\/masfm.com\/emisora\/?s=Abel+Pintos\" target=\"_blank\" rel=\"noreferrer noopener\">Abel Pintos<\/a>, <a href=\"https:\/\/masfm.com\/emisora\/?s=Indios\" target=\"_blank\" rel=\"noreferrer noopener\">Indios<\/a>).<\/p>\n\n\n\n<p>Cuenta con un espectacular videoclip producido por MUERDE, que los muestra realizando una gran performance dentro de un cuarto con diferentes colores.<\/p>\n\n\n\n<p>La letra de la canci\u00f3n hace referencia a dejar ir una relaci\u00f3n que no funcion\u00f3, por M\u00e1s que se pens\u00f3 todo lo contrario: se sumerge en lo complicado que conlleva decir adi\u00f3s a alguien con quien todav\u00eda segu\u00eds teniendo afecto, por M\u00e1s que se sepa que las cosas no funcionan.<\/p>\n\n\n\n<p>Con un tono fresco, nost\u00e1lgico y pop, que combina sintetizadores con guitarras y melod\u00edas \u00fanicas, la canci\u00f3n tiene todo para ser un \u00e9xito que no saldr\u00e1 de la cabeza de sus oyentes.<\/p>\n\n\n\n<p>Luego de finalizar el 2024 presentando su single inicial \u201cPrisionero Perfecto\u201d y agotando su segundo Estadio Obras con invitados de lujo como <a href=\"https:\/\/masfm.com\/emisora\/?s=Fabiana+Cantilo\" target=\"_blank\" rel=\"noreferrer noopener\">Fabiana Cantilo<\/a> y <a href=\"https:\/\/masfm.com\/emisora\/?s=zoe+gotusso\" target=\"_blank\" rel=\"noreferrer noopener\">Zoe Gotusso<\/a>, los Silvestre iniciaron este a\u00f1o dando un espectacular show en el Festival Cosqu\u00edn Rock, compartiendo cartel con artistas como <a href=\"https:\/\/masfm.com\/emisora\/?s=Los+Piojos\" target=\"_blank\" rel=\"noreferrer noopener\">Los Piojos<\/a>, <a href=\"https:\/\/masfm.com\/emisora\/?s=peces+raros\" target=\"_blank\" rel=\"noreferrer noopener\">Peces Raros<\/a> o <a href=\"https:\/\/masfm.com\/emisora\/?s=CA7RIEL+%26+Paco+Amoroso\" target=\"_blank\" rel=\"noreferrer noopener\">Ca7riel &amp; Paco Amoroso<\/a>.<\/p>\n\n\n\n<p>Tambi\u00e9n presentaron &#8220;Oc\u00e9ano&#8221;, el segundo single de esta nueva etapa, y anunciaron su regreso a los escenarios porte\u00f1os en el esperado Festival Quilmes Rock, que tendr\u00e1 lugar el domingo 6 de abril donde presentar\u00e1n por primera vez en vivo \u00a8Invencibles\u00a8<\/p>\n\n\n\n<h2 class=\"wp-block-heading\" id=\"mas-acerca-de-silvestre-y-la-naranja\">M\u00e1s acerca de Silvestre y La Naranja.<\/h2>\n\n\n\n<p><a href=\"https:\/\/masfm.com\/emisora\/?s=syslvestre+y+la+naranja\" target=\"_blank\" rel=\"noreferrer noopener\">Silvestre y La Naranja<\/a> (SYLN) es una banda bonaerense que ha emergido como una de las propuestas M\u00e1s atractivas e innovadoras de la escena musical latinoamericana. <\/p>\n\n\n\n<p>Posee influencias del funk, soul &amp; R&amp;B, y est\u00e1 formada por Justo FM (voz), Fran Nicholson (guitarra), Luco Grasso (bajo) y Ferla Laprida (bater\u00eda).<\/p>\n\n\n\n<p>Tienen editados cinco \u00e1lbumes de estudio, han girado a lo largo del pa\u00eds y llevan M\u00e1s de 40 shows internacionales por toda Latinoam\u00e9rica y Espa\u00f1a. <\/p>\n\n\n\n<p>La banda ha sido parte del lineup de los festivales M\u00e1s importantes de Argentina, como tambi\u00e9n de encuentros internacionales como Lollapalooza (Chile), Vive Latino y Pal\u2019 Norte (M\u00e9xico), Cordillera (Colombia), Cosqu\u00edn Rock (Uruguay), entre otros.<\/p>\n\n\n\n<p>El grupo estuvo nominado en los Premios Gardel 2024 en la categor\u00eda de \u201cMejor \u00c1lbum Pop Alternativo\u201d (\u201cSue\u00f1o c\u00edtrico\u201d), y se present\u00f3 en la entrega llevada a cabo en el Movistar Arena Buenos Aires junto a Fabiana Cantilo, para una explosiva reinterpretaci\u00f3n del cl\u00e1sico de <a href=\"https:\/\/masfm.com\/emisora\/?s=charly+garcia\" target=\"_blank\" rel=\"noreferrer noopener\">Charly Garc\u00eda<\/a> \u201cDemoliendo Hoteles\u201d.<\/p>\n\n\n\n<h2 class=\"wp-block-heading\" id=\"letra-de-invencibles-de-silvestre-y-la-naranja\">Letra de &#8220;Invencibles&#8221;.<\/h2>\n\n\n\n<p>Fueron d\u00edas incre\u00edbles<br>Nuestros nombres brillando en ne\u00f3n.<br>Coronados, invencibles.<br>Reyes de un castillo de algod\u00f3n.<\/p>\n\n\n\n<p>Inocentes luces del amor.<br>Decorando noches de pasi\u00f3n.<br>Tal vez te promet\u00ed M\u00e1s de lo que deb\u00eda.<br>Y s\u00e9 que te fall\u00e9.<\/p>\n\n\n\n<p>No fue personal.<br>La desiluci\u00f3n.<br>No fue intencional.<br>El camino que nos queda es decir adi\u00f3s.<\/p>\n\n\n\n<p>Parece una premonici\u00f3n ??? Algo invisible<br>Lo que el viento se llev\u00f3.<br>Siempre fuimos suceptibles.<br>Al poder de la raz\u00f3n.<\/p>\n\n\n\n<p>Inocentes luces del amor.<br>Decorando noches de pasi\u00f3n.<br>Tal vez te promet\u00ed M\u00e1s de lo que deb\u00eda.<br>Y s\u00e9 que te fall\u00e9.<\/p>\n\n\n\n<p>No fue personal.<br>La desiluci\u00f3n.<br>No fue intencional.<br>El camino que nos queda\u2026.<\/p>\n\n\n\n<p>Nos cre\u00edmos invencibles los dos.<br>Queman las cicatrices.<br>Invencibles los dos.<br>Queman las cicatrices\u2026<\/p>\n\n\n\n<p>No fue intencional.<br>El camino que nos queda es decir adi\u00f3s.<\/p>\n\n\n\n<h2 class=\"wp-block-heading\" id=\"ya-lo-sumamos\">\u00a1Ya lo sumamos!<\/h2>\n\n\n\n<p>La banda lanz\u00f3 &#8220;Invencibles&#8221; y el video ya forma parte de nuestra programaci\u00f3n, la cual desde hace M\u00e1s de dos d\u00e9cada, la disfrut\u00e1s 100 % con im\u00e1genes.<\/p>\n\n\n\n<p>Acordate, pod\u00e9s mirarnos desde tu compu, tablet, notebook o Smart TV con s\u00f3lo&nbsp;<a href=\"https:\/\/masfm.com\/emisora\/#section-custom-content-2\" target=\"_blank\" rel=\"noreferrer noopener\">entrar ac\u00e1<\/a>.<\/p>\n\n\n\n<p>Si prefer\u00eds que la experiencia sea por medio de tu celular, bajate la App gratuitamente&nbsp;<a href=\"https:\/\/masfm.pryx.com.ar\/install\/\" target=\"_blank\" rel=\"noreferrer noopener\">desde ac\u00e1<\/a>&nbsp;y miranos desde cualquier parte del mundo, a la hora que quieras!<\/p>\n\n\n\n<p>Estamos las 24 horas con la mejor m\u00fasica y sus clips.<\/p>\n\n\n\n<h2 class=\"wp-block-heading\" id=\"registrate-a-mas-fm-95-9\">\u00a1Registrate a M\u00e1s FM 95 9!<\/h2>\n\n\n  \n  \n  <div class=\"\n    mailpoet_form_popup_overlay\n      \"><\/div>\n  <div\n    id=\"mailpoet_form_3\"\n    class=\"\n      mailpoet_form\n      mailpoet_form_html\n      mailpoet_form_position_\n      mailpoet_form_animation_\n    \"\n      >\n\n    <style type=\"text\/css\">\n     #mailpoet_form_3 .mailpoet_form {  }\n#mailpoet_form_3 .mailpoet_column_with_background { padding: 10px; }\n#mailpoet_form_3 .mailpoet_form_column:not(:first-child) { margin-left: 20px; }\n#mailpoet_form_3 .mailpoet_paragraph { line-height: 20px; margin-bottom: 20px; }\n#mailpoet_form_3 .mailpoet_segment_label, #mailpoet_form_3 .mailpoet_text_label, #mailpoet_form_3 .mailpoet_textarea_label, #mailpoet_form_3 .mailpoet_select_label, #mailpoet_form_3 .mailpoet_radio_label, #mailpoet_form_3 .mailpoet_checkbox_label, #mailpoet_form_3 .mailpoet_list_label, #mailpoet_form_3 .mailpoet_date_label { display: block; font-weight: normal; }\n#mailpoet_form_3 .mailpoet_text, #mailpoet_form_3 .mailpoet_textarea, #mailpoet_form_3 .mailpoet_select, #mailpoet_form_3 .mailpoet_date_month, #mailpoet_form_3 .mailpoet_date_day, #mailpoet_form_3 .mailpoet_date_year, #mailpoet_form_3 .mailpoet_date { display: block; }\n#mailpoet_form_3 .mailpoet_text, #mailpoet_form_3 .mailpoet_textarea { width: 200px; }\n#mailpoet_form_3 .mailpoet_checkbox {  }\n#mailpoet_form_3 .mailpoet_submit {  }\n#mailpoet_form_3 .mailpoet_divider {  }\n#mailpoet_form_3 .mailpoet_message {  }\n#mailpoet_form_3 .mailpoet_form_loading { width: 30px; text-align: center; line-height: normal; }\n#mailpoet_form_3 .mailpoet_form_loading > span { width: 5px; height: 5px; background-color: #5b5b5b; }#mailpoet_form_3{border-radius: 0px;text-align: left;}#mailpoet_form_3 form.mailpoet_form {padding: 20px;}#mailpoet_form_3{width: 100%;}#mailpoet_form_3 .mailpoet_message {margin: 0; padding: 0 20px;}#mailpoet_form_3 .mailpoet_paragraph.last {margin-bottom: 0} @media (max-width: 500px) {#mailpoet_form_3 {background-image: none;}} @media (min-width: 500px) {#mailpoet_form_3 .last .mailpoet_paragraph:last-child {margin-bottom: 0}}  @media (max-width: 500px) {#mailpoet_form_3 .mailpoet_form_column:last-child .mailpoet_paragraph:last-child {margin-bottom: 0}} \n    <\/style>\n\n    <form\n      target=\"_self\"\n      method=\"post\"\n      action=\"https:\/\/masfm.com\/emisora\/wp-admin\/admin-post.php?action=mailpoet_subscription_form\"\n      class=\"mailpoet_form mailpoet_form_form mailpoet_form_html\"\n      novalidate\n      data-delay=\"\"\n      data-exit-intent-enabled=\"\"\n      data-trigger-mode=\"\"\n      data-click-trigger-selector=\"\"\n      data-font-family=\"\"\n      data-cookie-expiration-time=\"\"\n    >\n      <input type=\"hidden\" name=\"data[form_id]\" value=\"3\" \/>\n      <input type=\"hidden\" name=\"token\" value=\"15609c62e5\" \/>\n      <input type=\"hidden\" name=\"api_version\" value=\"v1\" \/>\n      <input type=\"hidden\" name=\"endpoint\" value=\"subscribers\" \/>\n      <input type=\"hidden\" name=\"mailpoet_method\" value=\"subscribe\" \/>\n\n      <label class=\"mailpoet_hp_email_label\" style=\"display: none !important;\">Please leave this field empty<input type=\"email\" name=\"data[email]\"\/><\/label><div class='mailpoet_form_columns_container'><div class=\"mailpoet_form_columns mailpoet_paragraph mailpoet_stack_on_mobile\"><div class=\"mailpoet_form_column\"><div class=\"mailpoet_paragraph \"><input type=\"text\" autocomplete=\"given-name\" class=\"mailpoet_text\" id=\"form_first_name_3\" name=\"data[form_field_Mjg5ZDFmYWM5ZDQ5X2ZpcnN0X25hbWU=]\" title=\"Nombre\" value=\"\" style=\"width:100%;box-sizing:border-box;padding:5px;margin: 0 auto 0 0;\" data-automation-id=\"form_first_name\"  placeholder=\"Nombre\" aria-label=\"Nombre\" data-parsley-errors-container=\".mailpoet_error_15s2f\" data-parsley-names='[&quot;Please specify a valid name.&quot;,&quot;Addresses in names are not permitted, please add your name instead.&quot;]'\/><span class=\"mailpoet_error_15s2f\"><\/span><\/div>\n<\/div>\n<div class=\"mailpoet_form_column\"><div class=\"mailpoet_paragraph \"><input type=\"email\" autocomplete=\"email\" class=\"mailpoet_text\" id=\"form_email_3\" name=\"data[form_field_OGY2ODJhNTQxZjUxX2VtYWls]\" title=\"TU MAIL:\" value=\"\" style=\"width:100%;box-sizing:border-box;padding:5px;margin: 0 auto 0 0;\" data-automation-id=\"form_email\"  placeholder=\"TU MAIL: *\" aria-label=\"TU MAIL: *\" data-parsley-errors-container=\".mailpoet_error_d4b6m\" data-parsley-required=\"true\" required aria-required=\"true\" data-parsley-minlength=\"6\" data-parsley-maxlength=\"150\" data-parsley-type-message=\"This value should be a valid email.\" data-parsley-required-message=\"This field is required.\"\/><span class=\"mailpoet_error_d4b6m\"><\/span><\/div>\n<\/div>\n<div class=\"mailpoet_form_column\"><div class=\"mailpoet_paragraph \"><input type=\"submit\" class=\"mailpoet_submit\" value=\"SUMATE YA!\" data-automation-id=\"subscribe-submit-button\" style=\"width:100%;box-sizing:border-box;padding:5px;margin: 0 auto 0 0;border-color:transparent;\" \/><span class=\"mailpoet_form_loading\"><span class=\"mailpoet_bounce1\"><\/span><span class=\"mailpoet_bounce2\"><\/span><span class=\"mailpoet_bounce3\"><\/span><\/span><\/div>\n<\/div>\n<\/div><\/div>\n<div class='mailpoet_form_columns_container'><div class=\"mailpoet_form_columns mailpoet_paragraph mailpoet_stack_on_mobile\"><div class=\"mailpoet_form_column\"><\/div>\n<div class=\"mailpoet_form_column\"><\/div>\n<\/div><\/div>\n\n      <div class=\"mailpoet_message\">\n        <p class=\"mailpoet_validate_success\"\n                style=\"display:none;\"\n                >Revisa tu bandeja de entrada o la carpeta de spam para confirmar tu suscripci\u00f3n.\n        <\/p>\n        <p class=\"mailpoet_validate_error\"\n                style=\"display:none;\"\n                >        <\/p>\n      <\/div>\n    <\/form>\n\n      <\/div>\n\n  \n\n\n<figure class=\"wp-block-image size-full\"><img loading=\"lazy\" decoding=\"async\" width=\"690\" height=\"330\" src=\"https:\/\/masfm.com\/emisora\/wp-content\/uploads\/2025\/04\/silvestre-y-la-naranja-lanzo-invencibles-letra-video-estreno-2025.webp\" alt=\"silvestre-y-la-naranja-lanzo-invencibles-letra-video-estreno-2025\" class=\"wp-image-23267\" title=\"La banda Silvestre y La Naranja presenta &quot;Invencibles&quot;, su nuevo corte: toda la info, la letra y el video est\u00e1n ac\u00e1!\" srcset=\"https:\/\/masfm.com\/emisora\/wp-content\/uploads\/2025\/04\/silvestre-y-la-naranja-lanzo-invencibles-letra-video-estreno-2025.webp 690w, https:\/\/masfm.com\/emisora\/wp-content\/uploads\/2025\/04\/silvestre-y-la-naranja-lanzo-invencibles-letra-video-estreno-2025-600x287.webp 600w\" sizes=\"auto, (max-width: 690px) 100vw, 690px\" \/><\/figure>\n","protected":false},"excerpt":{"rendered":"<p>La banda Silvestre y La Naranja presenta &#8220;Invencibles&#8221;, su nuevo corte: toda la info, la letra y el video est\u00e1n ac\u00e1! Silvestre y La Naranja lanz\u00f3 &#8220;Invencibles&#8221;, su nuevo single adelanto de su pr\u00f3ximo disco \u201cAlter Ego\u201d, y de esta forma contin\u00faa con su gran a\u00f1o musical. &#8220;Invencibles&#8221; es una balada indie pop que promete&hellip;<\/p>\n","protected":false},"author":4,"featured_media":23267,"comment_status":"closed","ping_status":"open","sticky":false,"template":"","format":"video","meta":{"footnotes":""},"categories":[2],"tags":[48,47,46,13,14,955,24,23],"class_list":["post-23259","post","type-post","status-publish","format-video","has-post-thumbnail","hentry","category-noticias","tag-esporaca","tag-laradioqueseve","tag-masfm959","tag-musica","tag-noticias","tag-silvestre-y-la-naranja","tag-videos","tag-video","post_format-post-format-video"],"amp_enabled":true,"_links":{"self":[{"href":"https:\/\/masfm.com\/emisora\/wp-json\/wp\/v2\/posts\/23259","targetHints":{"allow":["GET"]}}],"collection":[{"href":"https:\/\/masfm.com\/emisora\/wp-json\/wp\/v2\/posts"}],"about":[{"href":"https:\/\/masfm.com\/emisora\/wp-json\/wp\/v2\/types\/post"}],"author":[{"embeddable":true,"href":"https:\/\/masfm.com\/emisora\/wp-json\/wp\/v2\/users\/4"}],"replies":[{"embeddable":true,"href":"https:\/\/masfm.com\/emisora\/wp-json\/wp\/v2\/comments?post=23259"}],"version-history":[{"count":0,"href":"https:\/\/masfm.com\/emisora\/wp-json\/wp\/v2\/posts\/23259\/revisions"}],"wp:featuredmedia":[{"embeddable":true,"href":"https:\/\/masfm.com\/emisora\/wp-json\/wp\/v2\/media\/23267"}],"wp:attachment":[{"href":"https:\/\/masfm.com\/emisora\/wp-json\/wp\/v2\/media?parent=23259"}],"wp:term":[{"taxonomy":"category","embeddable":true,"href":"https:\/\/masfm.com\/emisora\/wp-json\/wp\/v2\/categories?post=23259"},{"taxonomy":"post_tag","embeddable":true,"href":"https:\/\/masfm.com\/emisora\/wp-json\/wp\/v2\/tags?post=23259"}],"curies":[{"name":"wp","href":"https:\/\/api.w.org\/{rel}","templated":true}]}}