{"id":23556,"date":"2025-04-24T22:29:42","date_gmt":"2025-04-25T01:29:42","guid":{"rendered":"https:\/\/masfm.com\/emisora\/?p=23556"},"modified":"2025-08-17T12:39:55","modified_gmt":"2025-08-17T15:39:55","slug":"lali-y-dillom-en-33-letra-y-video-estreno-2025","status":"publish","type":"post","link":"https:\/\/masfm.com\/emisora\/lali-y-dillom-en-33-letra-y-video-estreno-2025\/","title":{"rendered":"LALI Y DILLOM EN &#8220;33&#8221;"},"content":{"rendered":"\n<figure class=\"wp-block-image size-full\"><img loading=\"lazy\" decoding=\"async\" width=\"690\" height=\"330\" src=\"https:\/\/masfm.com\/emisora\/wp-content\/uploads\/2025\/04\/lali-y-dillom-en-33-letra-y-video-estreno-2025.webp\" alt=\"lali-y-dillom-en-33-letra-y-video-estreno-2025\" class=\"wp-image-23567\" title=\"Los artistas Lali y Dillom se unen en &quot;33&quot;, una colaboraci\u00f3n muy rockera: toda la info, la letra de &quot;33&quot; de Lali y el video 33 de Lali est\u00e1n ac\u00e1!\" srcset=\"https:\/\/masfm.com\/emisora\/wp-content\/uploads\/2025\/04\/lali-y-dillom-en-33-letra-y-video-estreno-2025.webp 690w, https:\/\/masfm.com\/emisora\/wp-content\/uploads\/2025\/04\/lali-y-dillom-en-33-letra-y-video-estreno-2025-600x287.webp 600w\" sizes=\"auto, (max-width: 690px) 100vw, 690px\" \/><\/figure>\n\n\n\n<h2 class=\"wp-block-heading\" id=\"los-artistas-lali-y-dillom-se-unen-en-33-una-colaboracion-muy-rockera-toda-la-info-la-letra-y-el-video-estan-aca\">Los artistas Lali y Dillom se unen en &#8220;33&#8221;, una colaboraci\u00f3n muy rockera: toda la info, la letra y el video est\u00e1n ac\u00e1!<\/h2>\n\n\n\n<p>Lali y Dillom en &#8220;33&#8221;, para desorientar a un p\u00fablico que, seguramente, esperaba otra cosa.<\/p>\n\n\n\n<div class=\"wp-block-rank-math-toc-block\" id=\"rank-math-toc\"><h4>Contenido de la nota.<\/h4><nav><ul><li class=\"\"><a href=\"#los-artistas-lali-y-dillom-se-unen-en-33-una-colaboracion-muy-rockera-toda-la-info-la-letra-y-el-video-estan-aca\">Los artistas Lali y Dillom se unen en &#8220;33&#8221;, una colaboraci\u00f3n muy rockera: toda la info, la letra y el video est\u00e1n ac\u00e1!<\/a><\/li><li class=\"\"><a href=\"#un-poco-mas-de-33-de-lali-y-dillom\">Un poco M\u00e1s de &#8220;33&#8221; de Lali y Dillom.<\/a><\/li><li class=\"\"><a href=\"#en-boca-de-lali-sobre-dillom\">En boca de Lali sobre Dillom:<\/a><\/li><li class=\"\"><a href=\"#letra-de-33-de-lali-y-dillom\">Letra de &#8220;33&#8221; de Lali y Dillom.<\/a><ul><\/ul><\/li><li class=\"\"><a href=\"#ya-lo-sumamos\">\u00a1Ya lo sumamos!<\/a><\/li><li class=\"\"><a href=\"#registrate-a-mas-fm-95-9\">\u00a1Registrate a M\u00e1s FM 95 9!<\/a><\/li><\/ul><\/nav><\/div>\n\n\n\n<p>Es que ya sabemos de lo que es capaz de hacer <a href=\"https:\/\/masfm.com\/emisora\/?s=lali\" target=\"_blank\" rel=\"noreferrer noopener\">Lali<\/a> y cada una de sus canciones, es una caja de sorpresas.<\/p>\n\n\n\n<p>Por otro lado, si el invitado es <a href=\"https:\/\/masfm.com\/emisora\/?s=dillom\" target=\"_blank\" rel=\"noreferrer noopener\">Dillom<\/a>, ser\u00e1 muy dif\u00edcil adividar por d\u00f3nde va la estructura de la canci\u00f3n.<\/p>\n\n\n\n<p>Pero basta de especular y a disfrutar &#8220;33&#8221;, un rock and roll que une a dos potencias musicales como son Lali y Dillom.<\/p>\n\n\n\n<p>La artista pop M\u00e1s influyente de la escena, Lali, lanza \u201c33\u201d, su nuevo single en colaboraci\u00f3n con Dillom, uno de los referentes M\u00e1s disruptivos y provocadores del momento. <\/p>\n\n\n\n<p>Esta uni\u00f3n, celebrada por los fans de ambos artistas, llega como el \u00faltimo adelanto de su sexto \u00e1lbum de estudio, \u201cNo Vayas a Atender Cuando El Demonio Llama\u201d, disponible desde el 29 de abril.<\/p>\n\n\n\n<h2 class=\"wp-block-heading\" id=\"un-poco-mas-de-33-de-lali-y-dillom\">Un poco M\u00e1s de &#8220;33&#8221; de Lali y Dillom.<\/h2>\n\n\n\n<p>\u201c33\u201d representa un punto de encuentro entre dos universos musicales muy distintos pero complementarios: el pop provocador y camale\u00f3nico de Lali y la oscuridad vanguardista de Dillom.<\/p>\n\n\n\n<p>El resultado es una canci\u00f3n intensa, visceral y conceptual, que se diferencia y eleva la vara musical. <\/p>\n\n\n\n<p>El single fue escrito por Lali, Dilllom, BB Asul y Mauro de Tomasso, quien tambi\u00e9n lo produjo junto a Don Barreto.<\/p>\n\n\n\n<p>El videoclip que acompa\u00f1a el lanzamiento, dirigido por Lautaro Esp\u00f3sito, fue filmado en una f\u00e1brica abandonada, un escenario que refuerza el clima introspectivo y existencial de la canci\u00f3n. <\/p>\n\n\n\n<p>A lo largo del relato visual, Lali y Dillom recorren caminos separados dentro de ese espacio desolado, hasta que finalmente se encuentran en un cierre crudo y cat\u00e1rtico, donde la intensidad de la canci\u00f3n se materializa en una puesta visual poderosa.<\/p>\n\n\n\n<p>El t\u00edtulo alude a la edad actual de Lali, y todo lo que el n\u00famero simboliza: una etapa de madurez, de transformaci\u00f3n y de nuevos comienzos. <\/p>\n\n\n\n<p>La canci\u00f3n reflexiona sobre el paso del tiempo, sobre lo que queda atr\u00e1s y lo que se elige llevar. <\/p>\n\n\n\n<p>No idealiza el pasado ni endulza el dolor, pero lo reconoce como parte necesaria del recorrido.<\/p>\n\n\n\n<p>La colaboraci\u00f3n entre ambos, que comenz\u00f3 con \u201cLa Carie\u201d (canci\u00f3n de Dillom incluida en su \u00e1lbum Por Ces\u00e1rea) y contin\u00faa ahora en \u201c33\u201d.<\/p>\n\n\n\n<p><iframe loading=\"lazy\" title=\"LA CARIE- Dillom, Lali (Video Official)\" width=\"770\" height=\"433\" src=\"https:\/\/www.youtube.com\/embed\/tagiCPm13-8?feature=oembed\" frameborder=\"0\" allow=\"accelerometer; autoplay; clipboard-write; encrypted-media; gyroscope; picture-in-picture; web-share\" referrerpolicy=\"strict-origin-when-cross-origin\" allowfullscreen><\/iframe><\/p>\n\n\n\n<h2 class=\"wp-block-heading\" id=\"en-boca-de-lali-sobre-dillom\">En boca de Lali sobre Dillom:<\/h2>\n\n\n\n<blockquote class=\"wp-block-quote is-layout-flow wp-block-quote-is-layout-flow\">\n<p>\u201cLo que M\u00e1s me gusta de \u00e9l es que sabe re\u00edrse de s\u00ed mismo y tomarse las cosas con humor. Eso es muy valioso en una \u00e9poca donde reina la solemnidad\u201d.<\/p>\n<\/blockquote>\n\n\n\n<p>El lanzamiento marca tambi\u00e9n el inicio de una nueva etapa art\u00edstica para Lali, con una est\u00e9tica renovada y una narrativa que se aleja de lo convencional. <\/p>\n\n\n\n<p>El \u00e1lbum promete una propuesta de alto voltaje emocional y sonoro, en la que se evidencia el compromiso de la artista con la exploraci\u00f3n y la libertad creativa.<\/p>\n\n\n\n<h2 class=\"wp-block-heading\" id=\"letra-de-33-de-lali-y-dillom\">Letra de &#8220;33&#8221; de Lali y Dillom.<\/h2>\n\n\n\n<p>Ya no tengo tantos amigos, pero son los m\u00edos.<br>Si no me da gracia ya no me r\u00edo.<br>Algunos dicen &#8220;Con la edad, se pierde la ilusi\u00f3n&#8221;.<br>Que todo el tiempo, por pasado, siempre fue mejor.<\/p>\n\n\n\n<p>Se me pas\u00f3 en un suspiro.<br>Los que se fueron los llevo conmigo.<br>Toy en la cresta de la ola y no da vertigo.<br>Antes buscaba el hit, ahora hago cl\u00e1sicos.<\/p>\n\n\n\n<h4 class=\"wp-block-heading\" id=\"y-ahora-soy-yo-la-que-le-gana-al-tiempo-ya-cai-me-mori-renaci-me-quedan-los-recuerdos-y-ahora-no-ya-no-me-lleva-el-viento-ya-cai-me-mori-renaci-es-mi-mejor-momento\">Y ahora soy yo la que le gana al tiempo.<br>Ya ca\u00ed, me mor\u00ed, renac\u00ed, me quedan los recuerdos.<br>Y ahora no, ya no me lleva el viento.<br>Ya ca\u00ed, me mor\u00ed, renac\u00ed, es mi mejor momento.<\/h4>\n\n\n\n<p>A veces miro para atr\u00e1s y me da escalofr\u00edos.<br>Tantos amigos perd\u00ed en el camino.<br>Siento la culpa que me come por estar ac\u00e1.<br>Pero tengo que ser as\u00ed, este es mi lugar.<\/p>\n\n\n\n<p>Pienso en cu\u00e1l es mi destino.<br>Mientras termino otra copa de vino.<br>Tengo bien claro que un d\u00eda esto se va a terminar.<br>Toy preparado para cuando llegue el gran final.<\/p>\n\n\n\n<p>Y ahora soy yo la que le gana al tiempo.<br>Ya ca\u00ed, me mor\u00ed, renac\u00ed, me quedan los recuerdos.<br>Y ahora no, ya no me lleva el viento.<br>Ya ca\u00ed, me mor\u00ed, renac\u00ed, es mi mejor momento.<\/p>\n\n\n\n<p>Un poco menos de humor y un poco M\u00e1s de ansiedad.<br>No me calienta gustarte, yo puedo ser tu mam\u00e1.<br>Disfruto de la iron\u00eda, ya no me acuesto de d\u00eda.<br>Yo vivo en mi fantas\u00eda, si muero, muero en la m\u00eda.<\/p>\n\n\n\n<p>Mientras las luces se prenden, la habitaci\u00f3n se vac\u00eda.<br>Y record\u00e1 que est\u00e1s solo al final del d\u00eda.<br>No podes quedar bien con el diablo y Dios.<br>Y por eso prefiero quedar mal con los dos.<\/p>\n\n\n\n<p>Y ahora soy yo el que le gana al tiempo.<br>Ya ca\u00ed, me mor\u00ed, renac\u00ed, me quedan los recuerdos.<br>Y ahora no, ya no me lleva el viento.<br>Ya ca\u00ed, me mor\u00ed, renac\u00ed, es mi mejor momento.<\/p>\n\n\n\n<h2 class=\"wp-block-heading\" id=\"ya-lo-sumamos\">\u00a1Ya lo sumamos!<\/h2>\n\n\n\n<p>Lali y Dillom en &#8220;33&#8221; y el video ya forma parte de nuestra programaci\u00f3n, la cual desde hace M\u00e1s de dos d\u00e9cada, la disfrut\u00e1s 100 % con im\u00e1genes.<\/p>\n\n\n\n<p>Acordate, pod\u00e9s mirarnos desde tu compu, tablet, notebook o Smart TV con s\u00f3lo&nbsp;<a href=\"https:\/\/masfm.com\/emisora\/#section-custom-content-2\" target=\"_blank\" rel=\"noreferrer noopener\">entrar ac\u00e1<\/a>.<\/p>\n\n\n\n<p>Si prefer\u00eds que la experiencia sea por medio de tu celular, bajate la App gratuitamente&nbsp;<a href=\"https:\/\/masfm.pryx.com.ar\/install\/\" target=\"_blank\" rel=\"noreferrer noopener\">desde ac\u00e1<\/a>&nbsp;y miranos desde cualquier parte del mundo, a la hora que quieras!<\/p>\n\n\n\n<p>Estamos las 24 horas con la mejor m\u00fasica y sus clips.<\/p>\n\n\n\n<h2 class=\"wp-block-heading\" id=\"registrate-a-mas-fm-95-9\">\u00a1Registrate a M\u00e1s FM 95 9!<\/h2>\n\n\n  \n  \n  <div class=\"\n    mailpoet_form_popup_overlay\n      \"><\/div>\n  <div\n    id=\"mailpoet_form_3\"\n    class=\"\n      mailpoet_form\n      mailpoet_form_html\n      mailpoet_form_position_\n      mailpoet_form_animation_\n    \"\n      >\n\n    <style type=\"text\/css\">\n     #mailpoet_form_3 .mailpoet_form {  }\n#mailpoet_form_3 .mailpoet_column_with_background { padding: 10px; }\n#mailpoet_form_3 .mailpoet_form_column:not(:first-child) { margin-left: 20px; }\n#mailpoet_form_3 .mailpoet_paragraph { line-height: 20px; margin-bottom: 20px; }\n#mailpoet_form_3 .mailpoet_segment_label, #mailpoet_form_3 .mailpoet_text_label, #mailpoet_form_3 .mailpoet_textarea_label, #mailpoet_form_3 .mailpoet_select_label, #mailpoet_form_3 .mailpoet_radio_label, #mailpoet_form_3 .mailpoet_checkbox_label, #mailpoet_form_3 .mailpoet_list_label, #mailpoet_form_3 .mailpoet_date_label { display: block; font-weight: normal; }\n#mailpoet_form_3 .mailpoet_text, #mailpoet_form_3 .mailpoet_textarea, #mailpoet_form_3 .mailpoet_select, #mailpoet_form_3 .mailpoet_date_month, #mailpoet_form_3 .mailpoet_date_day, #mailpoet_form_3 .mailpoet_date_year, #mailpoet_form_3 .mailpoet_date { display: block; }\n#mailpoet_form_3 .mailpoet_text, #mailpoet_form_3 .mailpoet_textarea { width: 200px; }\n#mailpoet_form_3 .mailpoet_checkbox {  }\n#mailpoet_form_3 .mailpoet_submit {  }\n#mailpoet_form_3 .mailpoet_divider {  }\n#mailpoet_form_3 .mailpoet_message {  }\n#mailpoet_form_3 .mailpoet_form_loading { width: 30px; text-align: center; line-height: normal; }\n#mailpoet_form_3 .mailpoet_form_loading > span { width: 5px; height: 5px; background-color: #5b5b5b; }#mailpoet_form_3{border-radius: 0px;text-align: left;}#mailpoet_form_3 form.mailpoet_form {padding: 20px;}#mailpoet_form_3{width: 100%;}#mailpoet_form_3 .mailpoet_message {margin: 0; padding: 0 20px;}#mailpoet_form_3 .mailpoet_paragraph.last {margin-bottom: 0} @media (max-width: 500px) {#mailpoet_form_3 {background-image: none;}} @media (min-width: 500px) {#mailpoet_form_3 .last .mailpoet_paragraph:last-child {margin-bottom: 0}}  @media (max-width: 500px) {#mailpoet_form_3 .mailpoet_form_column:last-child .mailpoet_paragraph:last-child {margin-bottom: 0}} \n    <\/style>\n\n    <form\n      target=\"_self\"\n      method=\"post\"\n      action=\"https:\/\/masfm.com\/emisora\/wp-admin\/admin-post.php?action=mailpoet_subscription_form\"\n      class=\"mailpoet_form mailpoet_form_form mailpoet_form_html\"\n      novalidate\n      data-delay=\"\"\n      data-exit-intent-enabled=\"\"\n      data-trigger-mode=\"\"\n      data-click-trigger-selector=\"\"\n      data-font-family=\"\"\n      data-cookie-expiration-time=\"\"\n    >\n      <input type=\"hidden\" name=\"data[form_id]\" value=\"3\" \/>\n      <input type=\"hidden\" name=\"token\" value=\"a17d251723\" \/>\n      <input type=\"hidden\" name=\"api_version\" value=\"v1\" \/>\n      <input type=\"hidden\" name=\"endpoint\" value=\"subscribers\" \/>\n      <input type=\"hidden\" name=\"mailpoet_method\" value=\"subscribe\" \/>\n\n      <label class=\"mailpoet_hp_email_label\" style=\"display: none !important;\">Please leave this field empty<input type=\"email\" name=\"data[email]\"\/><\/label><div class='mailpoet_form_columns_container'><div class=\"mailpoet_form_columns mailpoet_paragraph mailpoet_stack_on_mobile\"><div class=\"mailpoet_form_column\"><div class=\"mailpoet_paragraph \"><input type=\"text\" autocomplete=\"given-name\" class=\"mailpoet_text\" id=\"form_first_name_3\" name=\"data[form_field_Mjg5ZDFmYWM5ZDQ5X2ZpcnN0X25hbWU=]\" title=\"Nombre\" value=\"\" style=\"width:100%;box-sizing:border-box;padding:5px;margin: 0 auto 0 0;\" data-automation-id=\"form_first_name\"  placeholder=\"Nombre\" aria-label=\"Nombre\" data-parsley-errors-container=\".mailpoet_error_1soui\" data-parsley-names='[&quot;Please specify a valid name.&quot;,&quot;Addresses in names are not permitted, please add your name instead.&quot;]'\/><span class=\"mailpoet_error_1soui\"><\/span><\/div>\n<\/div>\n<div class=\"mailpoet_form_column\"><div class=\"mailpoet_paragraph \"><input type=\"email\" autocomplete=\"email\" class=\"mailpoet_text\" id=\"form_email_3\" name=\"data[form_field_OGY2ODJhNTQxZjUxX2VtYWls]\" title=\"TU MAIL:\" value=\"\" style=\"width:100%;box-sizing:border-box;padding:5px;margin: 0 auto 0 0;\" data-automation-id=\"form_email\"  placeholder=\"TU MAIL: *\" aria-label=\"TU MAIL: *\" data-parsley-errors-container=\".mailpoet_error_1bi04\" data-parsley-required=\"true\" required aria-required=\"true\" data-parsley-minlength=\"6\" data-parsley-maxlength=\"150\" data-parsley-type-message=\"This value should be a valid email.\" data-parsley-required-message=\"This field is required.\"\/><span class=\"mailpoet_error_1bi04\"><\/span><\/div>\n<\/div>\n<div class=\"mailpoet_form_column\"><div class=\"mailpoet_paragraph \"><input type=\"submit\" class=\"mailpoet_submit\" value=\"SUMATE YA!\" data-automation-id=\"subscribe-submit-button\" style=\"width:100%;box-sizing:border-box;padding:5px;margin: 0 auto 0 0;border-color:transparent;\" \/><span class=\"mailpoet_form_loading\"><span class=\"mailpoet_bounce1\"><\/span><span class=\"mailpoet_bounce2\"><\/span><span class=\"mailpoet_bounce3\"><\/span><\/span><\/div>\n<\/div>\n<\/div><\/div>\n<div class='mailpoet_form_columns_container'><div class=\"mailpoet_form_columns mailpoet_paragraph mailpoet_stack_on_mobile\"><div class=\"mailpoet_form_column\"><\/div>\n<div class=\"mailpoet_form_column\"><\/div>\n<\/div><\/div>\n\n      <div class=\"mailpoet_message\">\n        <p class=\"mailpoet_validate_success\"\n                style=\"display:none;\"\n                >Revisa tu bandeja de entrada o la carpeta de spam para confirmar tu suscripci\u00f3n.\n        <\/p>\n        <p class=\"mailpoet_validate_error\"\n                style=\"display:none;\"\n                >        <\/p>\n      <\/div>\n    <\/form>\n\n      <\/div>\n\n  \n\n\n<figure class=\"wp-block-image size-full\"><img loading=\"lazy\" decoding=\"async\" width=\"690\" height=\"330\" src=\"https:\/\/masfm.com\/emisora\/wp-content\/uploads\/2025\/04\/lali-y-dillom-en-33-letra-y-video-estreno-2025.webp\" alt=\"Letra de &quot;33&quot; de Lali y Dillom.\n\nYa no tengo tantos amigos, pero son los m\u00edos.\nSi no me da gracia ya no me r\u00edo.\nAlgunos dicen &quot;Con la edad, se pierde la ilusi\u00f3n&quot;.\nQue todo el tiempo, por pasado, siempre fue mejor.\" class=\"wp-image-23567\" title=\"Letra de &quot;33&quot; de Lali y Dillom.  Ya no tengo tantos amigos, pero son los m\u00edos. Si no me da gracia ya no me r\u00edo. Algunos dicen &quot;Con la edad, se pierde la ilusi\u00f3n&quot;. Que todo el tiempo, por pasado, siempre fue mejor.\" srcset=\"https:\/\/masfm.com\/emisora\/wp-content\/uploads\/2025\/04\/lali-y-dillom-en-33-letra-y-video-estreno-2025.webp 690w, https:\/\/masfm.com\/emisora\/wp-content\/uploads\/2025\/04\/lali-y-dillom-en-33-letra-y-video-estreno-2025-600x287.webp 600w\" sizes=\"auto, (max-width: 690px) 100vw, 690px\" \/><\/figure>\n","protected":false},"excerpt":{"rendered":"<p>Los artistas Lali y Dillom se unen en &#8220;33&#8221;, una colaboraci\u00f3n muy rockera: toda la info, la letra y el video est\u00e1n ac\u00e1! Lali y Dillom en &#8220;33&#8221;, para desorientar a un p\u00fablico que, seguramente, esperaba otra cosa. Es que ya sabemos de lo que es capaz de hacer Lali y cada una de sus&hellip;<\/p>\n","protected":false},"author":4,"featured_media":23567,"comment_status":"closed","ping_status":"open","sticky":false,"template":"","format":"video","meta":{"footnotes":""},"categories":[2],"tags":[704,48,230,188,47,46,13,14,24,23],"class_list":["post-23556","post","type-post","status-publish","format-video","has-post-thumbnail","hentry","category-noticias","tag-dillom","tag-esporaca","tag-lali","tag-lali-esposito","tag-laradioqueseve","tag-masfm959","tag-musica","tag-noticias","tag-videos","tag-video","post_format-post-format-video"],"amp_enabled":true,"_links":{"self":[{"href":"https:\/\/masfm.com\/emisora\/wp-json\/wp\/v2\/posts\/23556","targetHints":{"allow":["GET"]}}],"collection":[{"href":"https:\/\/masfm.com\/emisora\/wp-json\/wp\/v2\/posts"}],"about":[{"href":"https:\/\/masfm.com\/emisora\/wp-json\/wp\/v2\/types\/post"}],"author":[{"embeddable":true,"href":"https:\/\/masfm.com\/emisora\/wp-json\/wp\/v2\/users\/4"}],"replies":[{"embeddable":true,"href":"https:\/\/masfm.com\/emisora\/wp-json\/wp\/v2\/comments?post=23556"}],"version-history":[{"count":0,"href":"https:\/\/masfm.com\/emisora\/wp-json\/wp\/v2\/posts\/23556\/revisions"}],"wp:featuredmedia":[{"embeddable":true,"href":"https:\/\/masfm.com\/emisora\/wp-json\/wp\/v2\/media\/23567"}],"wp:attachment":[{"href":"https:\/\/masfm.com\/emisora\/wp-json\/wp\/v2\/media?parent=23556"}],"wp:term":[{"taxonomy":"category","embeddable":true,"href":"https:\/\/masfm.com\/emisora\/wp-json\/wp\/v2\/categories?post=23556"},{"taxonomy":"post_tag","embeddable":true,"href":"https:\/\/masfm.com\/emisora\/wp-json\/wp\/v2\/tags?post=23556"}],"curies":[{"name":"wp","href":"https:\/\/api.w.org\/{rel}","templated":true}]}}