{"id":23902,"date":"2025-05-23T12:04:15","date_gmt":"2025-05-23T15:04:15","guid":{"rendered":"https:\/\/masfm.com\/emisora\/?p=23902"},"modified":"2025-05-31T13:29:50","modified_gmt":"2025-05-31T16:29:50","slug":"alejandro-sanz-publica-y-ahora-que-letras-videos-estreno-2025","status":"publish","type":"post","link":"https:\/\/masfm.com\/emisora\/alejandro-sanz-publica-y-ahora-que-letras-videos-estreno-2025\/","title":{"rendered":"ALEJANDRO SANZ PUBLICA \u00bfY AHORA QU\u00c9?"},"content":{"rendered":"\n<figure class=\"wp-block-image size-full\"><img loading=\"lazy\" decoding=\"async\" width=\"690\" height=\"330\" src=\"https:\/\/masfm.com\/emisora\/wp-content\/uploads\/2025\/05\/alejandro-sanz-publica-y-ahora-que-letras-videos-estreno-2025.webp\" alt=\"alejandro-sanz-publica-y-ahora-que-letras-videos-estreno-2025\" class=\"wp-image-23963\" title=\"El artista espa\u00f1ol Alejandro Sanz presenta &quot;\u00bfY ahora qu\u00e9?: toda la info, las letras y los videos est\u00e1n ac\u00e1!\" srcset=\"https:\/\/masfm.com\/emisora\/wp-content\/uploads\/2025\/05\/alejandro-sanz-publica-y-ahora-que-letras-videos-estreno-2025.webp 690w, https:\/\/masfm.com\/emisora\/wp-content\/uploads\/2025\/05\/alejandro-sanz-publica-y-ahora-que-letras-videos-estreno-2025-600x287.webp 600w\" sizes=\"auto, (max-width: 690px) 100vw, 690px\" \/><\/figure>\n\n\n\n<h2 class=\"wp-block-heading\">El artista espa\u00f1ol Alejandro Sanz presenta &#8220;\u00bfY ahora qu\u00e9?: toda la info, las letras y los videos est\u00e1n ac\u00e1!<\/h2>\n\n\n\n<p>Alejandro Sanz publica &#8220;\u00bfY ahora qu\u00e9?&#8221;, seis nuevas canciones mientras ultima los detalles de su gira que arrancar\u00e1 en M\u00e9xico.<br><br>Tras dos a\u00f1os de trabajo en el estudio, <a href=\"https:\/\/masfm.com\/emisora\/?s=Alejandro+Sanz\" target=\"_blank\" rel=\"noreferrer noopener\">Alejandro Sanz<\/a> publica su nueva colecci\u00f3n de canciones desde su \u00faltimo lanzamiento (\u201cSanz\u201d, 2021). <\/p>\n\n\n\n<p>El t\u00edtulo escogido por el artista espa\u00f1ol para darle unidad a este nuevo trabajo es &#8220;\u00bfY ahora qu\u00e9?&#8221;, un t\u00edtulo que nace desde la idea de una frase cotidiana, algo que vive con nosotros y se convierte en una b\u00fasqueda po\u00e9tica. <\/p>\n\n\n\n<p>&#8220;\u00bfY ahora qu\u00e9?&#8221; responde al curioso, la pregunta del luchador y del inconformista. \u00bfY ahora qu\u00e9? es la pregunta dirigida a todos aquellos que no se satisfacen nunca con lo M\u00e1s f\u00e1cil. &#8220;\u00bfY ahora qu\u00e9?&#8221; es la respuesta musical de Alejandro Sanz en 2025.<\/p>\n\n\n\n<h2 class=\"wp-block-heading\">En palabras de Alejandro Sanz.<\/h2>\n\n\n\n<blockquote class=\"wp-block-quote is-layout-flow wp-block-quote-is-layout-flow\">\n<p>\u201c\u00b4\u00bfY ahora qu\u00e9\u00b4 es la misma pregunta que me hago cada vez que empiezo una canci\u00f3n, cada vez que termino una gira, cada vez que decido comenzar de nuevo y levantarme&#8221;. \u00bfY ahora qu\u00e9? responde a que lo importante no es caerse\u2026 sino levantarse. Y una vez que caes y te levantas te dices \u00bfy ahora que?. Esa es la pregunta que deber\u00edamos hacernos todos los d\u00edas\u201d.<\/p>\n<\/blockquote>\n\n\n\n<p>Grabado a caballo entre Espa\u00f1a y EEUU, en &#8220;\u00bfY ahora qu\u00e9?&#8221; Alejandro Sanz ha trabajado con un nuevo equipo de colaboradores, productores y compositores con los que ha reformulado sus m\u00e9todos de trabajo tradicionales:<\/p>\n\n\n\n<blockquote class=\"wp-block-quote is-layout-flow wp-block-quote-is-layout-flow\">\n<p>&#8220;He tenido el privilegio de trabajar con un equipo de gente maravillosa, artistas con los que he compartido composici\u00f3n y producci\u00f3n. La idea de compartir en estas nuevas canciones me ha enriquecido a todos los niveles\u201d.<\/p>\n<\/blockquote>\n\n\n\n<p>Para abordar este nuevo proyecto, Sanz quer\u00eda hacerlo desde un espacio y m\u00e9todo de trabajo diferente:<\/p>\n\n\n\n<blockquote class=\"wp-block-quote is-layout-flow wp-block-quote-is-layout-flow\">\n<p>&#8220;Era reacio a meterme en un estudio completamente solo durante interminables jornadas, doce o catorce horas all\u00ed solo, con mis fantasmas y mis dudas. Creo que ha sido una forma muy bonita de trabajar, M\u00e1s relajada y pudiendo hacer otras cosas entre medias\u201d. <\/p>\n<\/blockquote>\n\n\n\n<p>Todo el proceso de grabaci\u00f3n de &#8220;\u00bfY ahora qu\u00e9?&#8221; ha surgido de una forma muy natural, donde Alejandro Sanz se ha dejado empapar del trabajo de sus nuevos compa\u00f1eros de viaje y, de alg\u00fan modo, \u00e9l ha podido contagiarles de sus ra\u00edces y visi\u00f3n musical.<\/p>\n\n\n\n<p>Entre esos nuevos compa\u00f1eros destacan las figuras de Spredlof, CASTA, Richi L\u00f3pez, Andy Clay , Elena Rose, Luis Salazar, Hector Rub\u00e9n Rivera o Edgar Barrera, productores, artistas y compositores que, junto a Alejandro Sanz, han aportado nuevos colores e ideas a las nuevas canciones del artista espa\u00f1ol.<\/p>\n\n\n\n<h2 class=\"wp-block-heading\">M\u00e1s sobre &#8220;\u00bfY ahora qu\u00e9?&#8221; de Alejandro Sanz.<\/h2>\n\n\n\n<p>&#8220;\u00bfY ahora qu\u00e9?&#8221; incluye seis nuevas composiciones desde las que observamos una b\u00fasqueda en varias direcciones. <\/p>\n\n\n\n<p>En cuanto a la l\u00edrica, Alejandro Sanz quiz\u00e1s apuesta por un un verso M\u00e1s sensual y menos cotidiano y costumbrista, \u201cme gusta esa parte M\u00e1s liviana\u201d. <\/p>\n\n\n\n<p>En la m\u00fasica, Sanz juega con diferentes ritmos, ritmos que aparecen de repente en nuestras vidas pero que llevan ah\u00ed mucho tiempo, \u201ccreo que van a sorprender, me ha encantado trabajar en estos ritmos y con estos nuevos t\u00e9rminos\u201d.<\/p>\n\n\n\n<p>Despu\u00e9s de los dos adelantos, \u201cPalmeras en el jard\u00edn\u201d, conmovedora y hermosa en su minimalismo emocional, y \u201c<a href=\"https:\/\/masfm.com\/emisora\/alejandro-sanz-junto-a-grupo-frontera-hoy-no-me-siento-bien-letra-video-estreno-2025\/\" target=\"_blank\" rel=\"noreferrer noopener\">Hoy no me siento bien<\/a>\u201d, un himno desenfadado y n\u00famero uno en radio junto a <a href=\"https:\/\/masfm.com\/emisora\/?s=Grupo+Frontera\" target=\"_blank\" rel=\"noreferrer noopener\">Grupo Frontera<\/a>, &#8220;\u00bfY ahora qu\u00e9?&#8221; se completa con las formidables \u201cEso es amor\u201d y \u201cEl vino de tu boca\u201d y dos nuevas colaboraciones extraordinarias. <\/p>\n\n\n\n<p>Para la profunda y delicada \u201c\u00bfC\u00f3mo ser\u00eda?\u201d, Alejandro Sanz est\u00e1 acompa\u00f1ado por el artista colombiano <a href=\"https:\/\/masfm.com\/emisora\/?s=manuel+turizo\" target=\"_blank\" rel=\"noreferrer noopener\">Manuel Turizo<\/a>, uno de los nombres imprescindibles en la escena internacional durante los \u00faltimos a\u00f1os.<\/p>\n\n\n\n<p>&#8220;\u00bfY ahora qu\u00e9?&#8221; lo completa una colaboraci\u00f3n hist\u00f3rica, tanto por su significado como por el reencuentro de dos artistas ic\u00f3nicos. <\/p>\n\n\n\n<p>Despu\u00e9s de veinte a\u00f1os desde su primer encuentro musical con el \u00e9xito global de \u201cLa tortura\u201d, Alejandro Sanz y <a href=\"https:\/\/masfm.com\/emisora\/?s=shakira\" target=\"_blank\" rel=\"noreferrer noopener\">Shakira<\/a> vuelven a compartir un sencillo monumental en el que ya es uno de los hitos musicales del a\u00f1o, la nueva canci\u00f3n de la esperada reuni\u00f3n de las dos estrella: \u201cB\u00e9same\u201d.<\/p>\n\n\n\n<h2 class=\"wp-block-heading\">Lo que se viene en la vida de Alejandro Sanz.<\/h2>\n\n\n\n<p>Por si fuera poco, Alejandro Sanz acaba de anunciar una nueva gira que arrancar\u00e1 este pr\u00f3ximo mes de septiembre en M\u00e9xico. <\/p>\n\n\n\n<p>Despu\u00e9s de M\u00e1s de dos a\u00f1os y tras el rotundo \u00e9xito obtenido con su gira de 2023, Alejandro Sanz se prepara para entregar a todos sus fans un regreso triunfal que promete ser memorable.<\/p>\n\n\n\n<p>Este regreso no s\u00f3lo responde a la enorme demanda de sus fans, sino que tambi\u00e9n forma parte de una etapa art\u00edstica renovada en la que Sanz est\u00e1 explorando nuevos sonidos y colaboraciones.<\/p>\n\n\n\n<p>Desde su debut en 1991 con \u2018Viviendo Deprisa\u2019, hasta su \u00faltimo disco de estudio \u201cSANZ\u201d, Alejandro Sanz se ha establecido como uno de los artistas M\u00e1s reconocidos e influyentes del mundo. <\/p>\n\n\n\n<p>Con M\u00e1s de 25 millones de discos vendidos a lo largo de su carrera, todos sus \u00e1lbumes han obtenido la categor\u00eda de m\u00faltiple Disco de Platino en Espa\u00f1a, Latinoam\u00e9rica y Estados Unidos.<\/p>\n\n\n\n<p>Alejandro Sanz es adem\u00e1s el artista espa\u00f1ol con el mayor n\u00famero de premios Grammy en la historia, con un total de 22 Latin GRAMMY y 4 GRAMMY. <\/p>\n\n\n\n<p>\u00bfY ahora qu\u00e9? es el nuevo comienzo de Alejandro Sanz.<\/p>\n\n\n\n<h2 class=\"wp-block-heading\">Letra de &#8220;B\u00e9same&#8221; de Alejandro Sanz y Shakira.<\/h2>\n\n\n\n<p>Te digo la verdad (Uh).<br>Si la vida es bonita t\u00fa y ellas son tan parecidas.<br>Al final no me atrevo a dejar que el destino decida.<br>Si existe alg\u00fan riesgo de verme sin ti.<br>Yo no quiero apostar (Ummm).<\/p>\n\n\n\n<p>Te aviso desde ya.<br>Por si no lo notaste hace tiempo esto ya no es broma.<br>Ni con todo el caf\u00e9 de Colombia me quito tu aroma.<br>A tu boca perdona.<br>Pero me quiero pegar.<br>Te quieres pegar.<\/p>\n\n\n\n<p>No lo pienses tanto y b\u00e9same.<br>Que se acaben los misterios.<br>B\u00e9same de una vez.<br>Cero miedo vamo&#8217; enserio pa&#8217; adelante.<br>A qui\u00e9n le duela, que se aguante.<br>Ya no tienes que ir atr\u00e1s.<br>Mejor ven p\u00e1sate al volante.<br>No lo pienses tanto y b\u00e9same.<br>Que se acaben los misterios.<br>B\u00e9same de una vez.<br>Cero miedo vamo&#8217; enserio pa&#8217; adelante.<br>A qui\u00e9n le duela, que se aguante.<br>Ya no tienes que ir atr\u00e1s.<br>Mejor ven p\u00e1sate al volante (Ahh).<\/p>\n\n\n\n<p>Ah-ahh.<\/p>\n\n\n\n<p>Te escrib\u00ed esta cancion y una lista de cosas pendientes.<br>La primera es hacerte el amor con car\u00e1cter urgente.<br>La segunda quedarme pa&#8217; siempre.<br>La tercera es como la primera.<br>Un pero M\u00e1s urgentemente.<\/p>\n\n\n\n<p>Todo lo que quiero lo quiero contigo.<br>Si t\u00fa eres mi reina yo soy tu rey.<br>Qui\u00e9reme sin pena no hay nada contigo.<br>Por dentro y por fuera soy como me vez amor.<br>Me haces mejor.<br>Que M\u00e1s te digo.<br>Mira v\u00e1monos.<\/p>\n\n\n\n<p>No lo pienses tanto y b\u00e9same.<br>Que se acaben los misterios.<br>B\u00e9same de una vez.<br>Cero miedo vamo&#8217; enserio pa&#8217; adelante.<br>A qui\u00e9n le duela, que se aguante.<br>El amor no es pasajero.<br>Cuando vamos al volante.<\/p>\n\n\n\n<p>Ahhh.<\/p>\n\n\n\n<p>La otra noche so\u00f1\u00e9 contigo.<br>La otra noche so\u00f1\u00e9 contigo.<br>Que me estaba muriendo de fr\u00edo.<br>Me calent\u00f3 tu mirada.<br>La otra noche so\u00f1\u00e9 contigo.<br>La otra noche so\u00f1\u00e9 contigo.<br>Que me estaba muriendo de fr\u00edo.<br>Me calent\u00f3 tu mirada.<\/p>\n\n\n\n<p>B\u00e9same que se acaben los misterios.<br>B\u00e9same de una vez.<br>Cero miedo vamo&#8217; enserio pa&#8217; adelante.<br>A qui\u00e9n le duela, que se aguante.<br>Ya no tienes que ir atr\u00e1s.<br>Mejor ven p\u00e1sate al volante (Ahh).<\/p>\n\n\n\n<p>Ahhh-ahhh.<\/p>\n\n\n\n<h2 class=\"wp-block-heading\">Ya lo sumamos!<\/h2>\n\n\n\n<p>Alejandro Sanz publica &#8220;\u00bfY ahora qu\u00e9?&#8221; y los videos ya forman parte de nuestra programaci\u00f3n, la cual desde hace M\u00e1s de dos d\u00e9cada, la disfrut\u00e1s 100 % con im\u00e1genes.<\/p>\n\n\n\n<p>Acordate, pod\u00e9s mirarnos desde tu compu, tablet, notebook o Smart TV con s\u00f3lo&nbsp;<a href=\"https:\/\/masfm.com\/emisora\/#section-custom-content-2\" target=\"_blank\" rel=\"noreferrer noopener\">entrar ac\u00e1<\/a>.<\/p>\n\n\n\n<p>Si prefer\u00eds que la experiencia sea por medio de tu celular, bajate la App gratuitamente&nbsp;<a href=\"https:\/\/masfm.pryx.com.ar\/install\/\" target=\"_blank\" rel=\"noreferrer noopener\">desde ac\u00e1<\/a>&nbsp;y miranos desde cualquier parte del mundo, a la hora que quieras!<\/p>\n\n\n\n<p>Estamos las 24 horas con la mejor m\u00fasica y sus clips.<\/p>\n\n\n\n<h2 class=\"wp-block-heading\">\u00a1Registrate a M\u00e1s FM 95 9!<\/h2>\n\n\n  \n  \n  <div class=\"\n    mailpoet_form_popup_overlay\n      \"><\/div>\n  <div\n    id=\"mailpoet_form_3\"\n    class=\"\n      mailpoet_form\n      mailpoet_form_html\n      mailpoet_form_position_\n      mailpoet_form_animation_\n    \"\n      >\n\n    <style type=\"text\/css\">\n     #mailpoet_form_3 .mailpoet_form {  }\n#mailpoet_form_3 .mailpoet_column_with_background { padding: 10px; }\n#mailpoet_form_3 .mailpoet_form_column:not(:first-child) { margin-left: 20px; }\n#mailpoet_form_3 .mailpoet_paragraph { line-height: 20px; margin-bottom: 20px; }\n#mailpoet_form_3 .mailpoet_segment_label, #mailpoet_form_3 .mailpoet_text_label, #mailpoet_form_3 .mailpoet_textarea_label, #mailpoet_form_3 .mailpoet_select_label, #mailpoet_form_3 .mailpoet_radio_label, #mailpoet_form_3 .mailpoet_checkbox_label, #mailpoet_form_3 .mailpoet_list_label, #mailpoet_form_3 .mailpoet_date_label { display: block; font-weight: normal; }\n#mailpoet_form_3 .mailpoet_text, #mailpoet_form_3 .mailpoet_textarea, #mailpoet_form_3 .mailpoet_select, #mailpoet_form_3 .mailpoet_date_month, #mailpoet_form_3 .mailpoet_date_day, #mailpoet_form_3 .mailpoet_date_year, #mailpoet_form_3 .mailpoet_date { display: block; }\n#mailpoet_form_3 .mailpoet_text, #mailpoet_form_3 .mailpoet_textarea { width: 200px; }\n#mailpoet_form_3 .mailpoet_checkbox {  }\n#mailpoet_form_3 .mailpoet_submit {  }\n#mailpoet_form_3 .mailpoet_divider {  }\n#mailpoet_form_3 .mailpoet_message {  }\n#mailpoet_form_3 .mailpoet_form_loading { width: 30px; text-align: center; line-height: normal; }\n#mailpoet_form_3 .mailpoet_form_loading > span { width: 5px; height: 5px; background-color: #5b5b5b; }#mailpoet_form_3{border-radius: 0px;text-align: left;}#mailpoet_form_3 form.mailpoet_form {padding: 20px;}#mailpoet_form_3{width: 100%;}#mailpoet_form_3 .mailpoet_message {margin: 0; padding: 0 20px;}#mailpoet_form_3 .mailpoet_paragraph.last {margin-bottom: 0} @media (max-width: 500px) {#mailpoet_form_3 {background-image: none;}} @media (min-width: 500px) {#mailpoet_form_3 .last .mailpoet_paragraph:last-child {margin-bottom: 0}}  @media (max-width: 500px) {#mailpoet_form_3 .mailpoet_form_column:last-child .mailpoet_paragraph:last-child {margin-bottom: 0}} \n    <\/style>\n\n    <form\n      target=\"_self\"\n      method=\"post\"\n      action=\"https:\/\/masfm.com\/emisora\/wp-admin\/admin-post.php?action=mailpoet_subscription_form\"\n      class=\"mailpoet_form mailpoet_form_form mailpoet_form_html\"\n      novalidate\n      data-delay=\"\"\n      data-exit-intent-enabled=\"\"\n      data-trigger-mode=\"\"\n      data-click-trigger-selector=\"\"\n      data-font-family=\"\"\n      data-cookie-expiration-time=\"\"\n    >\n      <input type=\"hidden\" name=\"data[form_id]\" value=\"3\" \/>\n      <input type=\"hidden\" name=\"token\" value=\"a4ce824dd0\" \/>\n      <input type=\"hidden\" name=\"api_version\" value=\"v1\" \/>\n      <input type=\"hidden\" name=\"endpoint\" value=\"subscribers\" \/>\n      <input type=\"hidden\" name=\"mailpoet_method\" value=\"subscribe\" \/>\n\n      <label class=\"mailpoet_hp_email_label\" style=\"display: none !important;\">Please leave this field empty<input type=\"email\" name=\"data[email]\"\/><\/label><div class='mailpoet_form_columns_container'><div class=\"mailpoet_form_columns mailpoet_paragraph mailpoet_stack_on_mobile\"><div class=\"mailpoet_form_column\"><div class=\"mailpoet_paragraph \"><input type=\"text\" autocomplete=\"given-name\" class=\"mailpoet_text\" id=\"form_first_name_3\" name=\"data[form_field_Mjg5ZDFmYWM5ZDQ5X2ZpcnN0X25hbWU=]\" title=\"Nombre\" value=\"\" style=\"width:100%;box-sizing:border-box;padding:5px;margin: 0 auto 0 0;\" data-automation-id=\"form_first_name\"  placeholder=\"Nombre\" aria-label=\"Nombre\" data-parsley-errors-container=\".mailpoet_error_svg43\" data-parsley-names='[&quot;Please specify a valid name.&quot;,&quot;Addresses in names are not permitted, please add your name instead.&quot;]'\/><span class=\"mailpoet_error_svg43\"><\/span><\/div>\n<\/div>\n<div class=\"mailpoet_form_column\"><div class=\"mailpoet_paragraph \"><input type=\"email\" autocomplete=\"email\" class=\"mailpoet_text\" id=\"form_email_3\" name=\"data[form_field_OGY2ODJhNTQxZjUxX2VtYWls]\" title=\"TU MAIL:\" value=\"\" style=\"width:100%;box-sizing:border-box;padding:5px;margin: 0 auto 0 0;\" data-automation-id=\"form_email\"  placeholder=\"TU MAIL: *\" aria-label=\"TU MAIL: *\" data-parsley-errors-container=\".mailpoet_error_15pb9\" data-parsley-required=\"true\" required aria-required=\"true\" data-parsley-minlength=\"6\" data-parsley-maxlength=\"150\" data-parsley-type-message=\"This value should be a valid email.\" data-parsley-required-message=\"This field is required.\"\/><span class=\"mailpoet_error_15pb9\"><\/span><\/div>\n<\/div>\n<div class=\"mailpoet_form_column\"><div class=\"mailpoet_paragraph \"><input type=\"submit\" class=\"mailpoet_submit\" value=\"SUMATE YA!\" data-automation-id=\"subscribe-submit-button\" style=\"width:100%;box-sizing:border-box;padding:5px;margin: 0 auto 0 0;border-color:transparent;\" \/><span class=\"mailpoet_form_loading\"><span class=\"mailpoet_bounce1\"><\/span><span class=\"mailpoet_bounce2\"><\/span><span class=\"mailpoet_bounce3\"><\/span><\/span><\/div>\n<\/div>\n<\/div><\/div>\n<div class='mailpoet_form_columns_container'><div class=\"mailpoet_form_columns mailpoet_paragraph mailpoet_stack_on_mobile\"><div class=\"mailpoet_form_column\"><\/div>\n<div class=\"mailpoet_form_column\"><\/div>\n<\/div><\/div>\n\n      <div class=\"mailpoet_message\">\n        <p class=\"mailpoet_validate_success\"\n                style=\"display:none;\"\n                >Revisa tu bandeja de entrada o la carpeta de spam para confirmar tu suscripci\u00f3n.\n        <\/p>\n        <p class=\"mailpoet_validate_error\"\n                style=\"display:none;\"\n                >        <\/p>\n      <\/div>\n    <\/form>\n\n      <\/div>\n\n  \n\n\n<h2 class=\"wp-block-heading\">\u00a1Compartilo con amigos!<\/h2>\n\n\n\n<figure class=\"wp-block-image size-full\"><img loading=\"lazy\" decoding=\"async\" width=\"690\" height=\"330\" src=\"https:\/\/masfm.com\/emisora\/wp-content\/uploads\/2025\/05\/alejandro-sanz-publica-y-ahora-que-letras-videos-estreno-2025.webp\" alt=\"alejandro-sanz-publica-y-ahora-que-letras-videos-estreno-2025\" class=\"wp-image-23963\" title=\"El artista espa\u00f1ol Alejandro Sanz presenta &quot;\u00bfY ahora qu\u00e9?: toda la info, las letras y los videos est\u00e1n ac\u00e1!\" srcset=\"https:\/\/masfm.com\/emisora\/wp-content\/uploads\/2025\/05\/alejandro-sanz-publica-y-ahora-que-letras-videos-estreno-2025.webp 690w, https:\/\/masfm.com\/emisora\/wp-content\/uploads\/2025\/05\/alejandro-sanz-publica-y-ahora-que-letras-videos-estreno-2025-600x287.webp 600w\" sizes=\"auto, (max-width: 690px) 100vw, 690px\" \/><\/figure>\n","protected":false},"excerpt":{"rendered":"<p>El artista espa\u00f1ol Alejandro Sanz presenta &#8220;\u00bfY ahora qu\u00e9?: toda la info, las letras y los videos est\u00e1n ac\u00e1! Alejandro Sanz publica &#8220;\u00bfY ahora qu\u00e9?&#8221;, seis nuevas canciones mientras ultima los detalles de su gira que arrancar\u00e1 en M\u00e9xico. Tras dos a\u00f1os de trabajo en el estudio, Alejandro Sanz publica su nueva colecci\u00f3n de canciones&hellip;<\/p>\n","protected":false},"author":4,"featured_media":23963,"comment_status":"closed","ping_status":"open","sticky":false,"template":"","format":"video","meta":{"footnotes":""},"categories":[2],"tags":[179,48,47,46,13,14,24,23],"class_list":["post-23902","post","type-post","status-publish","format-video","has-post-thumbnail","hentry","category-noticias","tag-alejandro-sanz","tag-esporaca","tag-laradioqueseve","tag-masfm959","tag-musica","tag-noticias","tag-videos","tag-video","post_format-post-format-video"],"amp_enabled":true,"_links":{"self":[{"href":"https:\/\/masfm.com\/emisora\/wp-json\/wp\/v2\/posts\/23902","targetHints":{"allow":["GET"]}}],"collection":[{"href":"https:\/\/masfm.com\/emisora\/wp-json\/wp\/v2\/posts"}],"about":[{"href":"https:\/\/masfm.com\/emisora\/wp-json\/wp\/v2\/types\/post"}],"author":[{"embeddable":true,"href":"https:\/\/masfm.com\/emisora\/wp-json\/wp\/v2\/users\/4"}],"replies":[{"embeddable":true,"href":"https:\/\/masfm.com\/emisora\/wp-json\/wp\/v2\/comments?post=23902"}],"version-history":[{"count":0,"href":"https:\/\/masfm.com\/emisora\/wp-json\/wp\/v2\/posts\/23902\/revisions"}],"wp:featuredmedia":[{"embeddable":true,"href":"https:\/\/masfm.com\/emisora\/wp-json\/wp\/v2\/media\/23963"}],"wp:attachment":[{"href":"https:\/\/masfm.com\/emisora\/wp-json\/wp\/v2\/media?parent=23902"}],"wp:term":[{"taxonomy":"category","embeddable":true,"href":"https:\/\/masfm.com\/emisora\/wp-json\/wp\/v2\/categories?post=23902"},{"taxonomy":"post_tag","embeddable":true,"href":"https:\/\/masfm.com\/emisora\/wp-json\/wp\/v2\/tags?post=23902"}],"curies":[{"name":"wp","href":"https:\/\/api.w.org\/{rel}","templated":true}]}}