{"id":24159,"date":"2025-01-17T19:26:00","date_gmt":"2025-01-17T22:26:00","guid":{"rendered":"https:\/\/masfm.com\/emisora\/?p=24159"},"modified":"2025-06-19T01:16:35","modified_gmt":"2025-06-19T04:16:35","slug":"oficinas-en-alquiler-en-santa-fe-consultorios-showroom-estudio-gabinete-de-belleza","status":"publish","type":"post","link":"https:\/\/masfm.com\/emisora\/oficinas-en-alquiler-en-santa-fe-consultorios-showroom-estudio-gabinete-de-belleza\/","title":{"rendered":"OFICINAS EN ALQUILER EN SANTA FE CAPITAL"},"content":{"rendered":"\n<figure class=\"wp-block-image size-full\"><img loading=\"lazy\" decoding=\"async\" width=\"690\" height=\"330\" src=\"https:\/\/masfm.com\/emisora\/wp-content\/uploads\/2025\/06\/oficinas-en-alquiler-en-santa-fe-consultorios-showroom-estudio-gabinete-de-belleza.webp\" alt=\"oficinas-en-alquiler-en-santa-fe-consultorios-showroom-estudio-gabinete-de-belleza\" class=\"wp-image-24216\" title=\"Si est\u00e1s buscando un espacio de alquiler en la Ciudad de Santa Fe para tu emprendimiento, tenemos el dato del mejor lugar.\" srcset=\"https:\/\/masfm.com\/emisora\/wp-content\/uploads\/2025\/06\/oficinas-en-alquiler-en-santa-fe-consultorios-showroom-estudio-gabinete-de-belleza.webp 690w, https:\/\/masfm.com\/emisora\/wp-content\/uploads\/2025\/06\/oficinas-en-alquiler-en-santa-fe-consultorios-showroom-estudio-gabinete-de-belleza-600x287.webp 600w\" sizes=\"auto, (max-width: 690px) 100vw, 690px\" \/><\/figure>\n\n\n\n<h2 class=\"wp-block-heading\">Si est\u00e1s buscando oficinas para alquilar en la Ciudad de Santa Fe para tu emprendimiento, tenemos el dato del mejor lugar.<\/h2>\n\n\n\n<p>Seguramente hay diversas oficinas en alquiler en Santa Fe Capital pero sin dudas, Edificio Plaza es la opci\u00f3n que m\u00e1s se adapta a tus necesidades.<\/p>\n\n\n\n<p>Edificio Plaza es la estructura, tanto en lo edilicio como en la parte humana, que le dar\u00e1 a tu negocio, carrera o emprendimiento, ese toque de calidad para marcar la diferencia del resto.<\/p>\n\n\n\n<p>Ubicado en pleno centro de la Ciudad de Santa Fe, Edificio Plaza fue construido para brindar un servicio de calidad que, en principio como Hotel Plaza y ahora como oficinas para alquilar, requieren tus clientes.<\/p>\n\n\n\n<p>Con un estilo \u00fanico en la ciudad, conservando cada detalle de calidad y con el personal adecuado a tus necesidades, Edificio Plaza te brinda el espacio y los servicios para llevar tu carrera o emprendimiento a otro nivel.<\/p>\n\n\n\n<figure class=\"wp-block-gallery has-nested-images columns-default is-cropped wp-block-gallery-1 is-layout-flex wp-block-gallery-is-layout-flex\">\n<figure class=\"wp-block-image size-large\"><img loading=\"lazy\" decoding=\"async\" width=\"690\" height=\"690\" data-id=\"24224\" src=\"https:\/\/masfm.com\/emisora\/wp-content\/uploads\/2025\/06\/oficinas-en-alquiler-en-santa-fe-consultorios-showroom-estudio-gabinete-de-belleza-0.webp\" alt=\"alquiler-oficinas-en-santa-fe-capital-espacios-por-hora-dia-y-mes\" class=\"wp-image-24224\" title=\"\" srcset=\"https:\/\/masfm.com\/emisora\/wp-content\/uploads\/2025\/06\/oficinas-en-alquiler-en-santa-fe-consultorios-showroom-estudio-gabinete-de-belleza-0.webp 690w, https:\/\/masfm.com\/emisora\/wp-content\/uploads\/2025\/06\/oficinas-en-alquiler-en-santa-fe-consultorios-showroom-estudio-gabinete-de-belleza-0-600x600.webp 600w, https:\/\/masfm.com\/emisora\/wp-content\/uploads\/2025\/06\/oficinas-en-alquiler-en-santa-fe-consultorios-showroom-estudio-gabinete-de-belleza-0-190x190.webp 190w, https:\/\/masfm.com\/emisora\/wp-content\/uploads\/2025\/06\/oficinas-en-alquiler-en-santa-fe-consultorios-showroom-estudio-gabinete-de-belleza-0-70x70.webp 70w, https:\/\/masfm.com\/emisora\/wp-content\/uploads\/2025\/06\/oficinas-en-alquiler-en-santa-fe-consultorios-showroom-estudio-gabinete-de-belleza-0-60x60.webp 60w\" sizes=\"auto, (max-width: 690px) 100vw, 690px\" \/><figcaption class=\"wp-element-caption\">Bienvenidos!<\/figcaption><\/figure>\n\n\n\n<figure class=\"wp-block-image size-large\"><img loading=\"lazy\" decoding=\"async\" width=\"690\" height=\"690\" data-id=\"24226\" src=\"https:\/\/masfm.com\/emisora\/wp-content\/uploads\/2025\/06\/oficinas-en-alquiler-en-santa-fe-consultorios-showroom-estudio-gabinete-de-belleza-2.webp\" alt=\"espacios-alquiler-hora-dia-mes-recepcion-de-encomientas-seguridad-las-24-horas-direcci\u00f3n-legal\" class=\"wp-image-24226\" title=\"\" srcset=\"https:\/\/masfm.com\/emisora\/wp-content\/uploads\/2025\/06\/oficinas-en-alquiler-en-santa-fe-consultorios-showroom-estudio-gabinete-de-belleza-2.webp 690w, https:\/\/masfm.com\/emisora\/wp-content\/uploads\/2025\/06\/oficinas-en-alquiler-en-santa-fe-consultorios-showroom-estudio-gabinete-de-belleza-2-600x600.webp 600w, https:\/\/masfm.com\/emisora\/wp-content\/uploads\/2025\/06\/oficinas-en-alquiler-en-santa-fe-consultorios-showroom-estudio-gabinete-de-belleza-2-190x190.webp 190w, https:\/\/masfm.com\/emisora\/wp-content\/uploads\/2025\/06\/oficinas-en-alquiler-en-santa-fe-consultorios-showroom-estudio-gabinete-de-belleza-2-70x70.webp 70w, https:\/\/masfm.com\/emisora\/wp-content\/uploads\/2025\/06\/oficinas-en-alquiler-en-santa-fe-consultorios-showroom-estudio-gabinete-de-belleza-2-60x60.webp 60w\" sizes=\"auto, (max-width: 690px) 100vw, 690px\" \/><figcaption class=\"wp-element-caption\">Recepci\u00f3n de pacientes, clientes, informaci\u00f3n, recepci\u00f3n postal y seguridad las 24 hs.<\/figcaption><\/figure>\n\n\n\n<figure class=\"wp-block-image size-large\"><img loading=\"lazy\" decoding=\"async\" width=\"690\" height=\"690\" data-id=\"24227\" src=\"https:\/\/masfm.com\/emisora\/wp-content\/uploads\/2025\/06\/oficinas-en-alquiler-en-santa-fe-consultorios-showroom-estudio-gabinete-de-belleza-1.webp\" alt=\"edificio-plaza-santa-fe-capital-amplias-salas-de-espera-luz-nataral-alquiler-por-jornadas\" class=\"wp-image-24227\" title=\"\" srcset=\"https:\/\/masfm.com\/emisora\/wp-content\/uploads\/2025\/06\/oficinas-en-alquiler-en-santa-fe-consultorios-showroom-estudio-gabinete-de-belleza-1.webp 690w, https:\/\/masfm.com\/emisora\/wp-content\/uploads\/2025\/06\/oficinas-en-alquiler-en-santa-fe-consultorios-showroom-estudio-gabinete-de-belleza-1-600x600.webp 600w, https:\/\/masfm.com\/emisora\/wp-content\/uploads\/2025\/06\/oficinas-en-alquiler-en-santa-fe-consultorios-showroom-estudio-gabinete-de-belleza-1-190x190.webp 190w, https:\/\/masfm.com\/emisora\/wp-content\/uploads\/2025\/06\/oficinas-en-alquiler-en-santa-fe-consultorios-showroom-estudio-gabinete-de-belleza-1-70x70.webp 70w, https:\/\/masfm.com\/emisora\/wp-content\/uploads\/2025\/06\/oficinas-en-alquiler-en-santa-fe-consultorios-showroom-estudio-gabinete-de-belleza-1-60x60.webp 60w\" sizes=\"auto, (max-width: 690px) 100vw, 690px\" \/><figcaption class=\"wp-element-caption\">Salas de espera amplias<\/figcaption><\/figure>\n\n\n\n<figure class=\"wp-block-image size-large\"><img loading=\"lazy\" decoding=\"async\" width=\"690\" height=\"690\" data-id=\"24225\" src=\"https:\/\/masfm.com\/emisora\/wp-content\/uploads\/2025\/06\/oficinas-en-alquiler-en-santa-fe-consultorios-showroom-estudio-gabinete-de-belleza-3.webp\" alt=\"edificio-plaza-santa-fe-espacios-en-comun-con-estilo-para-tu-estudio-juridico\" class=\"wp-image-24225\" title=\"\" srcset=\"https:\/\/masfm.com\/emisora\/wp-content\/uploads\/2025\/06\/oficinas-en-alquiler-en-santa-fe-consultorios-showroom-estudio-gabinete-de-belleza-3.webp 690w, https:\/\/masfm.com\/emisora\/wp-content\/uploads\/2025\/06\/oficinas-en-alquiler-en-santa-fe-consultorios-showroom-estudio-gabinete-de-belleza-3-600x600.webp 600w, https:\/\/masfm.com\/emisora\/wp-content\/uploads\/2025\/06\/oficinas-en-alquiler-en-santa-fe-consultorios-showroom-estudio-gabinete-de-belleza-3-190x190.webp 190w, https:\/\/masfm.com\/emisora\/wp-content\/uploads\/2025\/06\/oficinas-en-alquiler-en-santa-fe-consultorios-showroom-estudio-gabinete-de-belleza-3-70x70.webp 70w, https:\/\/masfm.com\/emisora\/wp-content\/uploads\/2025\/06\/oficinas-en-alquiler-en-santa-fe-consultorios-showroom-estudio-gabinete-de-belleza-3-60x60.webp 60w\" sizes=\"auto, (max-width: 690px) 100vw, 690px\" \/><figcaption class=\"wp-element-caption\">Espacio, estilo y comodidades.<\/figcaption><\/figure>\n\n\n\n<figure class=\"wp-block-image size-large\"><img loading=\"lazy\" decoding=\"async\" width=\"690\" height=\"690\" data-id=\"24223\" src=\"https:\/\/masfm.com\/emisora\/wp-content\/uploads\/2025\/06\/oficinas-en-alquiler-en-santa-fe-consultorios-showroom-estudio-gabinete-de-belleza-4.webp\" alt=\"oficinas-plaza-imponente-vitraux-amplios-ventanales-vista-a-plaza-del-soldado-argentino\" class=\"wp-image-24223\" title=\"\" srcset=\"https:\/\/masfm.com\/emisora\/wp-content\/uploads\/2025\/06\/oficinas-en-alquiler-en-santa-fe-consultorios-showroom-estudio-gabinete-de-belleza-4.webp 690w, https:\/\/masfm.com\/emisora\/wp-content\/uploads\/2025\/06\/oficinas-en-alquiler-en-santa-fe-consultorios-showroom-estudio-gabinete-de-belleza-4-600x600.webp 600w, https:\/\/masfm.com\/emisora\/wp-content\/uploads\/2025\/06\/oficinas-en-alquiler-en-santa-fe-consultorios-showroom-estudio-gabinete-de-belleza-4-190x190.webp 190w, https:\/\/masfm.com\/emisora\/wp-content\/uploads\/2025\/06\/oficinas-en-alquiler-en-santa-fe-consultorios-showroom-estudio-gabinete-de-belleza-4-70x70.webp 70w, https:\/\/masfm.com\/emisora\/wp-content\/uploads\/2025\/06\/oficinas-en-alquiler-en-santa-fe-consultorios-showroom-estudio-gabinete-de-belleza-4-60x60.webp 60w\" sizes=\"auto, (max-width: 690px) 100vw, 690px\" \/><figcaption class=\"wp-element-caption\">Luz natural por medio de nuestro vitraux.<\/figcaption><\/figure>\n<\/figure>\n\n\n\n<h2 class=\"wp-block-heading\">Tu espacio en Edificio Plaza.<\/h2>\n\n\n\n<p>Dado el tipo de estructura que es y de su gran porte, tu oficina o consultorio puede estar ubicado con vista a calle 9 de julio (frente), de manera interna o en su contrafrente con vista a la Plaza del Soldado Argentino.<\/p>\n\n\n\n<p>Tu espacio de trabajo puede contar con ba\u00f1o privado o en su defecto, hay ba\u00f1os p\u00fablicos habilitados en los tres niveles.<\/p>\n\n\n\n<p>Tambi\u00e9n, en los tres pisos, el lugar de espera es amplio y muy c\u00f3modo.<\/p>\n\n\n\n<p>Si sos de las personas que aman la luz natural, vas a entrar en estado de enamoramiento al ver que la nave central cuenta con un vitraux de 20 x 5 metros aproximadamente.<\/p>\n\n\n\n<p>Adem\u00e1s, en los halls posteriores (tanto en el segundo como el tercer piso) poseen ventanales muy amplios a la Plaza del Soldado.<\/p>\n\n\n\n<p>Al momento de esta publicaci\u00f3n, Edificio Plaza cuenta con una <a href=\"https:\/\/masfm.com\/emisora\/\" target=\"_blank\" rel=\"noreferrer noopener\">emisora de radio<\/a>, <a href=\"https:\/\/masfm.com\/emisora\/mas-stream-estudios-para-transmisiones-on-line-streaming-con-tecnica-profesional\/\" target=\"_blank\" rel=\"noreferrer noopener\">estudios de Streaming en alquiler<\/a>, estudios contables, jur\u00eddicos y de arquitectura. Tambi\u00e9n, consultores de profesinales de la salud en la especialidad de la psicolog\u00eda y psiquiatr\u00eda.<\/p>\n\n\n\n<p>Por otro lado, tambi\u00e9n se hacen presentes gabinetes de belleza, peluquer\u00eda, showrooms de joyas y ropa para todas las edades y ambos sexos.<\/p>\n\n\n\n<p>Una menci\u00f3n especial para Sof\u00e1 del Rey, emprendimiento de sillones ubicado en el local de la plata baja el cual da a la calle.<\/p>\n\n\n\n<h2 class=\"wp-block-heading\">Servicios que ofrece Edificio Plaza al alquilar oficinas.<\/h2>\n\n\n\n<p>Muchas veces, tu emprendimiento puede ser unipersonal y es ac\u00e1 donde Edificio Plaza se suma como tu propio equipo de trabajo para obtener los mejores resultados.<\/p>\n\n\n\n<p>Nuestro personal estar\u00e1 en la recepci\u00f3n del edificio, a la espera de tus clientes o pacientes para ofrecerles toda la informaci\u00f3n que requieran. Pero adem\u00e1s, recibir\u00e1n todo tipo de correo postal en el domicilio.<\/p>\n\n\n\n<p>Tanto tus encomiendas como tu correspondencia (servicios, C.V., particular, etc.) y\/o documentaci\u00f3n legal (cartas documento, telegramas, c\u00e9dulas, etc.) ser\u00e1n recibidas y en el momento, ser\u00e1s informado sobre dicha recepci\u00f3n por medio de un mensaje no invasivo de WhatsApp. <\/p>\n\n\n\n<p>\u00bf\u00a1Te imagin\u00e1s ser abogado y recibir una foto de la c\u00e9dula que te acaba de llegar?! O si est\u00e1s esperando una encomienda de Mercado Libre, \u00a1alguien tiene que darle la palabra de seguridad al repartidor!  \u00a1Es como tener un secretario! O varios.<\/p>\n\n\n\n<p>Tambi\u00e9n cuenta con servicio de seguridad durante las 24 horas y de limpieza para las zonas en com\u00fan. El mantenimiento del edificio es constante, ya sea en su estructura principal como en cada detalle que observar\u00e1n quienes te visiten.<\/p>\n\n\n\n<p>Para llegar a los diferentes niveles, el acceso puede realizarse por medio de su ascensor o por las amplias escaleras. El ingreso en la puerta principal, es por medio de rampa para que todos podamos disfrutar de las instalaciones.<\/p>\n\n\n\n<figure class=\"wp-block-image size-full\"><img loading=\"lazy\" decoding=\"async\" width=\"690\" height=\"690\" src=\"https:\/\/masfm.com\/emisora\/wp-content\/uploads\/2025\/06\/oficinas-en-alquiler-en-santa-fe-consultorios-showroom-estudio-gabinete-de-belleza-5.webp\" alt=\"oficinas-en-alquiler-en-santa-fe-consultorios-showroom-estudio-gabinete-de-belleza-5\" class=\"wp-image-24230\" title=\"\" srcset=\"https:\/\/masfm.com\/emisora\/wp-content\/uploads\/2025\/06\/oficinas-en-alquiler-en-santa-fe-consultorios-showroom-estudio-gabinete-de-belleza-5.webp 690w, https:\/\/masfm.com\/emisora\/wp-content\/uploads\/2025\/06\/oficinas-en-alquiler-en-santa-fe-consultorios-showroom-estudio-gabinete-de-belleza-5-600x600.webp 600w, https:\/\/masfm.com\/emisora\/wp-content\/uploads\/2025\/06\/oficinas-en-alquiler-en-santa-fe-consultorios-showroom-estudio-gabinete-de-belleza-5-190x190.webp 190w, https:\/\/masfm.com\/emisora\/wp-content\/uploads\/2025\/06\/oficinas-en-alquiler-en-santa-fe-consultorios-showroom-estudio-gabinete-de-belleza-5-70x70.webp 70w, https:\/\/masfm.com\/emisora\/wp-content\/uploads\/2025\/06\/oficinas-en-alquiler-en-santa-fe-consultorios-showroom-estudio-gabinete-de-belleza-5-60x60.webp 60w\" sizes=\"auto, (max-width: 690px) 100vw, 690px\" \/><\/figure>\n\n\n\n<h2 class=\"wp-block-heading\">La ubicaci\u00f3n de Edificio Plaza es estrat\u00e9gica.<\/h2>\n\n\n\n<p>Conseguir oficinas en alquiler en Santa Fe Capital con estilo y en un excelente lugar, era imposible hasta que Edificio Plaza inaugur\u00f3.<\/p>\n\n\n\n<p>La ubicaci\u00f3n es de excelencia al estar a solo dos cuadras de la peatonal San Mart\u00edn, a dos del Correo Argentino.<\/p>\n\n\n\n<p>A una cuadra de la Municipalidad de Santa Fe y a siete cuadras de Plaza de Mayo (Catedral, Tribunales, Casa de Gobierno y Colegio Inmaculada).<\/p>\n\n\n\n<p>Con acceso por medio de avenidas principales de la ciudad, como por ejemplo, se encuetra a tan solo tres cuadras de Av. 27 de febrero, arteria principal para aquellos que se trasladan al microcentro desde los barrios de Guadalupe y Candioti.<\/p>\n\n\n\n<h4 class=\"wp-block-heading\">Pero sabemos que no todo se limita a la ciudad de Santa Fe.<\/h4>\n\n\n\n<p>A los barrios, le sumamos localidades ubicadas en el &#8220;Corredor de la Ruta 1&#8221; (San Jos\u00e9 del Rinc\u00f3n, Arroyo Leyes, Santa Rosa de Calchines, Cayast\u00e1, Helvecia, etc.).<\/p>\n\n\n\n<p>Tambi\u00e9n, desde la ciudad de Paran\u00e1 (Entre R\u00edos) y zona de Countries (El Paso, Aires del Llano, El Pinar, La Tatenguita, etc.),  Santo Tom\u00e9 (Santa Fe), Rosario y C\u00f3rdoba.<\/p>\n\n\n\n<p>Para quienes llegan en auto, hay que destacar que dentro de un radio de 150 metros al edificio, se distibuyen 10 playas de estacionamiento.<\/p>\n\n\n\n<p>Por medio de transporte p\u00fablico, tanto por calle 9 de julio como por San Ger\u00f3nimo (contrafrente), transitan la mayor\u00eda de las l\u00edneas de colectivos.<\/p>\n\n\n\n<p>Si tu intenci\u00f3n es desayunar o almorzar en tu lugar de trabajo o invitar a un cliente con un r\u00e1pido break, tan solo deber\u00e1s hacer tu pedido por medio de WhatsApp a los negocios que se encuentran en la misma manzana y ellos mismos te lo llevar\u00e1n hasta tu oficina.<\/p>\n\n\n\n<h2 class=\"wp-block-heading\">C\u00f3mo alquilar oficinas en Edificio Plaza de Santa Fe.<\/h2>\n\n\n\n<p>Para comprobar que cada una de nuestras palabras es una realidad, te invitamos a conocerlos personalmente en 9 de julio 2238 y ser vos mismo el que ponga a prueba lo que sentir\u00e1n tus clientes o pacientes al entrar a ese inmueble so\u00f1ado.<\/p>\n\n\n\n<p>Pero no es la \u00fanica manera de evacuar tus dudas. Tambi\u00e9n pod\u00e9s hacerlo por medio de su correo electr\u00f3nico edificioplazasantafe@gmail.com o por mensaje privado en <a href=\"https:\/\/www.instagram.com\/oficinasplaza\/\" target=\"_blank\" rel=\"noreferrer noopener\">Instagram<\/a>.<\/p>\n\n\n\n<figure class=\"wp-block-image size-full\"><img loading=\"lazy\" decoding=\"async\" width=\"690\" height=\"330\" src=\"https:\/\/masfm.com\/emisora\/wp-content\/uploads\/2025\/06\/oficinas-en-alquiler-en-santa-fe-consultorios-showroom-estudio-gabinete-de-belleza.webp\" alt=\"oficinas-en-alquiler-en-santa-fe-consultorios-showroom-estudio-gabinete-de-belleza\" class=\"wp-image-24216\" title=\"Si est\u00e1s buscando un espacio de alquiler en la Ciudad de Santa Fe para tu emprendimiento, tenemos el dato del mejor lugar.\" srcset=\"https:\/\/masfm.com\/emisora\/wp-content\/uploads\/2025\/06\/oficinas-en-alquiler-en-santa-fe-consultorios-showroom-estudio-gabinete-de-belleza.webp 690w, https:\/\/masfm.com\/emisora\/wp-content\/uploads\/2025\/06\/oficinas-en-alquiler-en-santa-fe-consultorios-showroom-estudio-gabinete-de-belleza-600x287.webp 600w\" sizes=\"auto, (max-width: 690px) 100vw, 690px\" \/><\/figure>\n\n\n\n<p>Encontrar oficinas en alquiler en Santa Fe Capital nunca fue tan f\u00e1cil. Edificio Plaza tiene el espacio ideal para tu estudio, showroom, dep\u00f3sito, gabinete de belleza y sin dudas, tambi\u00e9n para ese emprendimiento que ten\u00e9s y no hemos nombrado.<\/p>\n","protected":false},"excerpt":{"rendered":"<p>Si est\u00e1s buscando oficinas para alquilar en la Ciudad de Santa Fe para tu emprendimiento, tenemos el dato del mejor lugar. Seguramente hay diversas oficinas en alquiler en Santa Fe Capital pero sin dudas, Edificio Plaza es la opci\u00f3n que m\u00e1s se adapta a tus necesidades. Edificio Plaza es la estructura, tanto en lo edilicio&hellip;<\/p>\n","protected":false},"author":4,"featured_media":24216,"comment_status":"closed","ping_status":"open","sticky":false,"template":"","format":"video","meta":{"footnotes":""},"categories":[2],"tags":[48,11,47,46,13,14,51],"class_list":["post-24159","post","type-post","status-publish","format-video","has-post-thumbnail","hentry","category-noticias","tag-esporaca","tag-interes-gral","tag-laradioqueseve","tag-masfm959","tag-musica","tag-noticias","tag-nuevo","post_format-post-format-video"],"amp_enabled":true,"_links":{"self":[{"href":"https:\/\/masfm.com\/emisora\/wp-json\/wp\/v2\/posts\/24159","targetHints":{"allow":["GET"]}}],"collection":[{"href":"https:\/\/masfm.com\/emisora\/wp-json\/wp\/v2\/posts"}],"about":[{"href":"https:\/\/masfm.com\/emisora\/wp-json\/wp\/v2\/types\/post"}],"author":[{"embeddable":true,"href":"https:\/\/masfm.com\/emisora\/wp-json\/wp\/v2\/users\/4"}],"replies":[{"embeddable":true,"href":"https:\/\/masfm.com\/emisora\/wp-json\/wp\/v2\/comments?post=24159"}],"version-history":[{"count":0,"href":"https:\/\/masfm.com\/emisora\/wp-json\/wp\/v2\/posts\/24159\/revisions"}],"wp:featuredmedia":[{"embeddable":true,"href":"https:\/\/masfm.com\/emisora\/wp-json\/wp\/v2\/media\/24216"}],"wp:attachment":[{"href":"https:\/\/masfm.com\/emisora\/wp-json\/wp\/v2\/media?parent=24159"}],"wp:term":[{"taxonomy":"category","embeddable":true,"href":"https:\/\/masfm.com\/emisora\/wp-json\/wp\/v2\/categories?post=24159"},{"taxonomy":"post_tag","embeddable":true,"href":"https:\/\/masfm.com\/emisora\/wp-json\/wp\/v2\/tags?post=24159"}],"curies":[{"name":"wp","href":"https:\/\/api.w.org\/{rel}","templated":true}]}}