{"id":2534,"date":"2017-07-01T15:43:59","date_gmt":"2017-07-01T15:43:59","guid":{"rendered":"http:\/\/www.masfm.com.ar\/emisora\/?p=2534"},"modified":"2017-07-01T15:46:26","modified_gmt":"2017-07-01T15:46:26","slug":"adele-fin-de-la-carrera","status":"publish","type":"post","link":"https:\/\/masfm.com\/emisora\/adele-fin-de-la-carrera\/","title":{"rendered":"Adele: fin de la carrera?"},"content":{"rendered":"<p>Adele ha suspendido sus \u00faltimos dos recitales programados en el estadio de Wembley este fin de semana tras da\u00f1ar sus cuerdas vocales.<\/p>\n<p>La cantante de 29 a\u00f1os de edad public\u00f3 un largo comunicado el viernes explicando que fue obligada a cancelar los conciertos en el estadio de f\u00fatbol tras la recomendaci\u00f3n de su doctor.<\/p>\n<p>En la carta, explic\u00f3 que estaba &#8220;desesperada&#8221; por cantarle a la audiencia de alrededor de 100.000 personas, que calific\u00f3 como un &#8220;hito&#8221; en su vida. Por eso, le rog\u00f3 a sus seguidores que la perdonen por decepcionarlos en lo que podr\u00eda ser la \u00faltima gira de su carrera.<\/p>\n<p>Seg\u00fan la ganadora de 15 premios Grammy, &#8220;las \u00faltimas dos noches en Wembley han sido de los mejores y las m\u00e1s grandes&#8221; de su vida. Sin embargo, sus cuerdas vocales &#8220;lucharon&#8221; mucho en ambas noches. &#8220;Tuve que luchar mucho m\u00e1s de lo normal. Sent\u00ed que constantemente tuve que aclararme la garganta. Especialmente anoche&#8221;, escribi\u00f3.<\/p>\n<p>&#8220;Fui a ver a mi doctor de la garganta esta tarde porque mi voz no se abri\u00f3 para nada hoy y resulta que da\u00f1\u00e9 mis cuerdas vocales&#8221;, continu\u00f3. &#8220;A partir de la recomendaci\u00f3n m\u00e9dica simplemente no puedo cantar el fin de semana&#8221;.<\/p>\n<p>Adele comparti\u00f3 sus emociones con sus fan\u00e1ticos y declar\u00f3 que estaba desconsolada por la decisi\u00f3n que debi\u00f3 tomar. &#8220;Decir que tengo el coraz\u00f3n roto ser\u00eda una sutileza. Ya estoy tomando una dosis m\u00e1xima de esteroides y suplementos para mi voz&#8221;, dijo.<\/p>\n<p>Aunque consider\u00f3 todas las alternativas antes de cancelar los recitales, la cantante no encontr\u00f3 otra soluci\u00f3n. &#8220;Consider\u00e9 hacer el show de la noche del s\u00e1bado pero es muy improbable de que pueda terminar todo el set y simplemente no puedo derrumbarme en frente de todos ustedes y abandonarlos de esa manera. Estoy tan desesperada por hacerlos que hasta consider\u00e9 hacer fonom\u00edmica. S\u00f3lo para estar en frente de ustedes y estar con ustedes. Pero nunca lo hice y no puedo ni en un mill\u00f3n de a\u00f1os hacerles eso. No ser\u00eda la verdadera yo all\u00ed arriba&#8221;, explic\u00f3 la estrella brit\u00e1nica.<\/p>\n<p>Luego, se disculp\u00f3 sensiblemente ante todos. &#8220;Lo siento. Lo siento por su decepci\u00f3n. Lo siento por las noches que hubieran tenido junto a sus seres queridos y las memorias que hubieran compartido juntos. Lo siento por el tiempo y el dinero que gastaron organizando sus viajes&#8221;.<\/p>\n<p>Tras disculparse, se justific\u00f3: &#8220;Saben que no tomar\u00eda esta decisi\u00f3n levemente. He hecho 121 shows y me quedan 2. \u00a1\u00a1\u00a1S\u00f3lo 2!!! Y son 2 shows gigantescos. \u00a1\u00bfQui\u00e9n mier\u2026 cancela un show en el Estadio de Wembley?! No completar este hito en mi carrera es algo que estoy intentando de lidiar y desear\u00eda no tener que estar escribiendo esto ahora.&#8221;<\/p>\n<p>Para Adele, atravesar la gira mundial que comenz\u00f3 a comienzos del a\u00f1o pasado ha sido un duro desaf\u00edo. &#8220;He cambiado mi vida dr\u00e1sticamente en todas las formas para asegurar que atravesar\u00eda esta gira que comenz\u00f3 a principios del a\u00f1o pasado. No ser capaz de terminarlo es algo que estoy teniendo dificultades de aceptar. Es como si toda mi carrera culminara en estos 4 shows.&#8221;<\/p>\n<p>Hacia el final de la carta, se refiri\u00f3 a la log\u00edstica tras la cancelaci\u00f3n de los recitales: &#8220;Estoy escribiendo esto ya que la decisi\u00f3n acaba de tomarse. Entonces no tengo otra informaci\u00f3n, pero por supuesto que habr\u00e1 reembolsos disponibles si los shows no pueden ser reprogramados. Habr\u00e1 m\u00e1s informaci\u00f3n en los pr\u00f3ximos d\u00edas. Lo siento, estoy devastada. Lo siento. Los amo y lo siento, por favor disc\u00falpenme&#8221;, concluy\u00f3.<\/p>\n","protected":false},"excerpt":{"rendered":"<p>Adele ha suspendido sus \u00faltimos dos recitales programados en el estadio de Wembley este fin de semana tras da\u00f1ar sus cuerdas vocales. La cantante de 29 a\u00f1os de edad public\u00f3 un largo comunicado el viernes explicando que fue obligada a cancelar los conciertos en el estadio de f\u00fatbol tras la recomendaci\u00f3n de su doctor. En&hellip;<\/p>\n","protected":false},"author":4,"featured_media":2535,"comment_status":"open","ping_status":"open","sticky":false,"template":"","format":"video","meta":{"footnotes":""},"categories":[2],"tags":[13,14,24],"class_list":["post-2534","post","type-post","status-publish","format-video","has-post-thumbnail","hentry","category-noticias","tag-musica","tag-noticias","tag-videos","post_format-post-format-video"],"amp_enabled":true,"_links":{"self":[{"href":"https:\/\/masfm.com\/emisora\/wp-json\/wp\/v2\/posts\/2534","targetHints":{"allow":["GET"]}}],"collection":[{"href":"https:\/\/masfm.com\/emisora\/wp-json\/wp\/v2\/posts"}],"about":[{"href":"https:\/\/masfm.com\/emisora\/wp-json\/wp\/v2\/types\/post"}],"author":[{"embeddable":true,"href":"https:\/\/masfm.com\/emisora\/wp-json\/wp\/v2\/users\/4"}],"replies":[{"embeddable":true,"href":"https:\/\/masfm.com\/emisora\/wp-json\/wp\/v2\/comments?post=2534"}],"version-history":[{"count":0,"href":"https:\/\/masfm.com\/emisora\/wp-json\/wp\/v2\/posts\/2534\/revisions"}],"wp:featuredmedia":[{"embeddable":true,"href":"https:\/\/masfm.com\/emisora\/wp-json\/wp\/v2\/media\/2535"}],"wp:attachment":[{"href":"https:\/\/masfm.com\/emisora\/wp-json\/wp\/v2\/media?parent=2534"}],"wp:term":[{"taxonomy":"category","embeddable":true,"href":"https:\/\/masfm.com\/emisora\/wp-json\/wp\/v2\/categories?post=2534"},{"taxonomy":"post_tag","embeddable":true,"href":"https:\/\/masfm.com\/emisora\/wp-json\/wp\/v2\/tags?post=2534"}],"curies":[{"name":"wp","href":"https:\/\/api.w.org\/{rel}","templated":true}]}}