{"id":28799,"date":"2025-08-02T00:59:19","date_gmt":"2025-08-02T03:59:19","guid":{"rendered":"https:\/\/masfm.com\/emisora\/?p=28799"},"modified":"2025-08-02T00:59:22","modified_gmt":"2025-08-02T03:59:22","slug":"los-caballeros-dela-quema-otro-dia-en-la-oficina","status":"publish","type":"post","link":"https:\/\/masfm.com\/emisora\/los-caballeros-dela-quema-otro-dia-en-la-oficina\/","title":{"rendered":"\u201cOTRO D\u00cdA EN LA OFICINA\u201d, LO NUEVO DE CABALLEROS"},"content":{"rendered":"\n<figure class=\"wp-block-image size-full\"><img loading=\"lazy\" decoding=\"async\" width=\"690\" height=\"330\" src=\"https:\/\/masfm.com\/emisora\/wp-content\/uploads\/2025\/08\/los-caballeros-dela-quema-otro-dia-en-la-oficina.webp\" alt=\"Los Caballeros de la Quema presentan su nuevo single  Otro d\u00eda en la oficina toda la info, la letra y el video est\u00e1n ac\u00e1!\" class=\"wp-image-28805\" title=\"Los Caballeros de la Quema presentan su nuevo single &quot;Otro d\u00eda en la oficina&quot;: toda la info, la letra y el video est\u00e1n ac\u00e1!\" srcset=\"https:\/\/masfm.com\/emisora\/wp-content\/uploads\/2025\/08\/los-caballeros-dela-quema-otro-dia-en-la-oficina.webp 690w, https:\/\/masfm.com\/emisora\/wp-content\/uploads\/2025\/08\/los-caballeros-dela-quema-otro-dia-en-la-oficina-600x287.webp 600w\" sizes=\"auto, (max-width: 690px) 100vw, 690px\" \/><\/figure>\n\n\n\n<h2 class=\"wp-block-heading\" id=\"los-caballeros-de-la-quema-presentan-su-nuevo-single-otro-dia-en-la-oficina-toda-la-info-la-letra-y-el-video-estan-aca\">Los Caballeros de la Quema presentan su nuevo single &#8220;Otro d\u00eda en la oficina&#8221;: toda la info, la letra y el video est\u00e1n ac\u00e1!<\/h2>\n\n\n\n<p>Lleg\u00f3 el tercer adelando del pr\u00f3ximo \u00e1lbun de estudio de Los Caballeros de la Quema titulado &#8220;Otro d\u00eda en la oficina&#8221;. Un disco que tuvo que esperar 25 a\u00f1os.<\/p>\n\n\n\n<div class=\"wp-block-rank-math-toc-block\" id=\"rank-math-toc\"><h4>Contenidos de la nota.<\/h4><nav><ul><li class=\"\"><a href=\"#los-caballeros-de-la-quema-presentan-su-nuevo-single-otro-dia-en-la-oficina-toda-la-info-la-letra-y-el-video-estan-aca\">Los Caballeros de la Quema presentan su nuevo single &#8220;Otro d\u00eda en la oficina&#8221;: toda la info, la letra y el video est\u00e1n ac\u00e1!<\/a><\/li><li class=\"\"><a href=\"#en-boca-de-ivan-noble\">En boca de Iv\u00e1n Noble.<\/a><\/li><li class=\"\"><a href=\"#mas-sobre-otro-dia-en-la-oficina\">M\u00e1s sobre &#8220;Otro d\u00eda en la oficina&#8221;.<\/a><\/li><li class=\"\"><a href=\"#ficha-tecnica\">Ficha t\u00e9cnica.<\/a><\/li><li class=\"\"><a href=\"#proximas-fechas-de-los-caballeros-de-la-quema\">Pr\u00f3ximas fechas de Los Caballeros de la quema.<\/a><\/li><li class=\"\"><a href=\"#letra-de-otro-dia-en-la-oficina\">Letra de &#8220;Otro d\u00eda en la oficina&#8221;.<\/a><\/li><li class=\"\"><a href=\"#ya-lo-sumamos\">\u00a1Ya lo sumamos!<\/a><\/li><li class=\"\"><a href=\"#registrate-a-mas-fm-95-9\">\u00a1Registrate a M\u00e1s FM 95 9!<\/a><\/li><\/ul><\/nav><\/div>\n\n\n\n<p>Una canci\u00f3n 100% de la Quema, que tiene todos los condimentos que representan el ADN de la banda.<\/p>\n\n\n\n<p>Un riff definido, que se replica las suficientes veces como para que no se salga nunca M\u00e1s de la cabeza.<\/p>\n\n\n\n<p>Una letra testimonial, que refleja el compromiso de \u00e9poca que siempre personaliz\u00f3 a Los Caballeros, y en paralelo revela lo inevitable del paso del tiempo.<\/p>\n\n\n\n<h2 class=\"wp-block-heading\" id=\"en-boca-de-ivan-noble\">En boca de Iv\u00e1n Noble.<\/h2>\n\n\n\n<blockquote class=\"wp-block-quote is-layout-flow wp-block-quote-is-layout-flow\">\n<p>\u201cMe apareci\u00f3 en TW una noticia que hablaba de Pierce Brosnan. Record\u00e9 alguna pel\u00edcula de \u00e9l haciendo de James Bond y cuando vi su foto actual me sacudi\u00f3: estaba elegant\u00edsimo pero M\u00e1s viejo de lo que yo pensaba. Esa fue la primera frase que escrib\u00ed: \u2018envejecen los James Bond\u2019. Fue la punta del ovillo de la letra, que habla de lo que M\u00e1s me inquieta pensar: el paso fren\u00e9tico del tiempo y lo que hacemos de nuestras viditas, mientras el reloj de arena nos come los tobillos. Seamos tiburones o mojarritas, al final nos va a tragar la muerte. M\u00e1s vale que nos juguemos la ropa, porque siempre es M\u00e1s tarde de lo que creemos\u2026\u201d<\/p>\n<\/blockquote>\n\n\n\n<p>As\u00ed define <a href=\"https:\/\/masfm.com\/emisora\/?s=ivan+noble\" target=\"_blank\" rel=\"noreferrer noopener\">Iv\u00e1n Noble<\/a> el sentido de la letra que escribi\u00f3 y a la cual le compuso m\u00fasica Patricio Castillo.<\/p>\n\n\n\n<h2 class=\"wp-block-heading\" id=\"mas-sobre-otro-dia-en-la-oficina\">M\u00e1s sobre &#8220;Otro d\u00eda en la oficina&#8221;.<\/h2>\n\n\n\n<p>La m\u00fasica, en tonalidades graves, est\u00e1 intervenida con arreglos (el saxo es clave) que le aportan sesgos de oscuridad. <\/p>\n\n\n\n<p>Sin embargo, el estribillo, donde los vientos anticipan que la cosa se ti\u00f1e tambi\u00e9n con perfiles Soul y R&amp;B, auxilia al acento l\u00fagubre, introduciendo un rasgo l\u00fadico que transforma a &#8220;Otro d\u00eda en la oficina&#8221; en una canci\u00f3n que alude al paso del tiempo, tambi\u00e9n como una situaci\u00f3n agradable: <\/p>\n\n\n\n<blockquote class=\"wp-block-quote is-layout-flow wp-block-quote-is-layout-flow\">\n<p>\u201ctodos vamos a la guerra, con un casco de juguete, y dos cuchillos sin filo\u201d.<\/p>\n<\/blockquote>\n\n\n\n<p>El protagonista est\u00e1 resignado, pero le cartonea al destino \u201cuna canci\u00f3n, un cacho de amor\u201d, aunque sea entre las sobras. El rol del hermoso y estoico perdedor, esta vez se hace presente en clave social.<\/p>\n\n\n\n<p>Tanto \u201cOtro d\u00eda en la oficina\u201d, como los dos otros adelantos, \u201cY ac\u00e1 me ves\u201d y \u201c<a href=\"https:\/\/masfm.com\/emisora\/los-caballeros-presentan-no-empujen-el-rio-letra-video-estreno-2025\/\" target=\"_blank\" rel=\"noreferrer noopener\">No empujen el r\u00edo<\/a>\u201d formar\u00e1n parte de su nuevo \u00e1lbum \u201cFiesta de Zombis\u201d que ver\u00e1 la luz para mediados de septiembre.<\/p>\n\n\n\n<p>Desde que <a href=\"https:\/\/masfm.com\/emisora\/?s=Los+Caballeros+de+la+Quema\" target=\"_blank\" rel=\"noreferrer noopener\">Los Caballeros de la Quema<\/a> volvieron a los escenarios, tuvieron shows notables, con miles de fans recordando y cantando todos los hits, tanto en el Luna Park del 2003 o en Obras o los Festivales Vivimos M\u00fasica o su notable perfomance en el Quilmes Rock 2025.<\/p>\n\n\n\n<p>Los Caballeros de la Quema, es decir, Iv\u00e1n Noble, Mart\u00edn M\u00e9ndez, Javier Cavo, Pablo Guerra y Pato Castillo, siguen generando buena m\u00fasica que muy pronto se plasmar\u00e1 en el primer disco de estudio desde el 2000 (\u201cFulanos de nadie\u201d).<\/p>\n\n\n\n<h2 class=\"wp-block-heading\" id=\"ficha-tecnica\">Ficha t\u00e9cnica.<\/h2>\n\n\n\n<p>Voz: Iv\u00e1n Noble<br>Bater\u00eda: Javier Cavo<br>Bajo: Patricio &#8220;Pato&#8221; Castillo<br>Guitarra: Pablo Guerra \/ Mart\u00edn M\u00e9ndez<br>Coros: Pablo Guerra \/ Mart\u00edn M\u00e9ndez \/ Rub\u00e9n Casco<br>Piano y teclados: Rub\u00e9n Casco<br>Saxo Alto y Background Vocals: Carlos Ar\u00edn<br>Saxo Bar\u00edtono: Ariel Barletta<br>Trompeta y Tromb\u00f3n: Alejandro Mart\u00edn<br>Pandereta: Marcelo Blanco<br>Producido por: Gustavo Borner<br>Ingeniero de Grabaci\u00f3n y de Mezcla Gustavo Borner at Igloo Studios (Los Angeles)<br>Mastering: Gustavo Borner<br>Asistente: An\u00edbal Rodr\u00edguez Blanco<br>A&amp;R: Pablo Durand<\/p>\n\n\n\n<h2 class=\"wp-block-heading\" id=\"proximas-fechas-de-los-caballeros-de-la-quema\">Pr\u00f3ximas fechas de Los Caballeros de la quema.<\/h2>\n\n\n\n<p>3 DE OCTUBRE &#8211; ARENA MAIP\u00da \u2013 MENDOZA.<br>10 DE OCTUBRE &#8211; MOVISTAR ARENA \u2013 CABA.<br>24 DE OCTUBRE &#8211; METROPOLITANO \u2013 ROSARIO.<br>25 DE OCTUBRE -TEATRO SAN CARLOS \u2013 JUN\u00cdN.<\/p>\n\n\n\n<h2 class=\"wp-block-heading\" id=\"letra-de-otro-dia-en-la-oficina\">Letra de &#8220;Otro d\u00eda en la oficina&#8221;.<\/h2>\n\n\n\n<p>Otro d\u00eda en la oficina.<br>La bolsa o la vida.<br>Y all\u00e1 afuera el sol baila el reggaeton de los idiotas.<br>Envejecen los James Bond.<br>Van cayendo fichas en el domin\u00f3.<br>Yo creo que es mejor jugarse la ropa.<\/p>\n\n\n\n<p>Y si dud\u00e1s entre dos besos.<br>Busc\u00e1 un tercero, coraz\u00f3n\u2026<\/p>\n\n\n\n<p>Cada loco con su tema.<br>Mientras el reloj de arena nos come los tobillos.<br>Todos vamos a la guerra.<br>Con un casco de juguete.<br>Y dos cuchillos sin filo\u2026<\/p>\n\n\n\n<p>Y en la furia de este mar.<br>Tibur\u00f3n o mojarrita\u2026 \u00bfqu\u00e9 M\u00e1s da?<br>Si al final nos tragan las olas.<br>Somos t\u00edteres de vidrio.<br>Cartone\u00e1ndole al destino una canci\u00f3n.<br>Un cacho de amor entre las sobras.<br>Y cuando Dios cierra una puerta.<br>Abre un vestido, coraz\u00f3n\u2026<\/p>\n\n\n\n<p>Cada loco con su tema.<br>mientras el reloj de arena nos come los tobillos.<br>Todos vamos a la guerra.<br>Con un casco de juguete y dos cuchillos sin filo\u2026<\/p>\n\n\n\n<p>Otro d\u00eda en la oficina.<br>Tibur\u00f3n o mojarrita.<\/p>\n\n\n\n<h2 class=\"wp-block-heading\" id=\"ya-lo-sumamos\">\u00a1Ya lo sumamos!<\/h2>\n\n\n\n<p>Los mejores videos de Los Caballeros de la Quema y de Iv\u00e1n Noble ya forman parte de nuestra programaci\u00f3n, la cual desde hace M\u00e1s de dos d\u00e9cadas, la disfrut\u00e1s 100 % con im\u00e1genes.<\/p>\n\n\n\n<p>Acordate, pod\u00e9s mirarnos desde tu compu, tablet, notebook o Smart TV con s\u00f3lo&nbsp;<a href=\"https:\/\/masfm.com\/emisora\/#section-custom-content-2\" target=\"_blank\" rel=\"noreferrer noopener\">entrar ac\u00e1<\/a>.<\/p>\n\n\n\n<p>Si prefer\u00eds que la experiencia sea por medio de tu celular, bajate la App gratuitamente&nbsp;<a href=\"https:\/\/masfm.pryx.com.ar\/install\/\" target=\"_blank\" rel=\"noreferrer noopener\">desde ac\u00e1<\/a>&nbsp;y miranos desde cualquier parte del mundo, a la hora que quieras!<\/p>\n\n\n\n<p>Estamos las 24 horas con la mejor m\u00fasica y sus clips.<\/p>\n\n\n\n<h2 class=\"wp-block-heading\" id=\"registrate-a-mas-fm-95-9\">\u00a1Registrate a M\u00e1s FM 95 9!<\/h2>\n\n\n  \n  \n  <div class=\"\n    mailpoet_form_popup_overlay\n      \"><\/div>\n  <div\n    id=\"mailpoet_form_3\"\n    class=\"\n      mailpoet_form\n      mailpoet_form_html\n      mailpoet_form_position_\n      mailpoet_form_animation_\n    \"\n      >\n\n    <style type=\"text\/css\">\n     #mailpoet_form_3 .mailpoet_form {  }\n#mailpoet_form_3 .mailpoet_column_with_background { padding: 10px; }\n#mailpoet_form_3 .mailpoet_form_column:not(:first-child) { margin-left: 20px; }\n#mailpoet_form_3 .mailpoet_paragraph { line-height: 20px; margin-bottom: 20px; }\n#mailpoet_form_3 .mailpoet_segment_label, #mailpoet_form_3 .mailpoet_text_label, #mailpoet_form_3 .mailpoet_textarea_label, #mailpoet_form_3 .mailpoet_select_label, #mailpoet_form_3 .mailpoet_radio_label, #mailpoet_form_3 .mailpoet_checkbox_label, #mailpoet_form_3 .mailpoet_list_label, #mailpoet_form_3 .mailpoet_date_label { display: block; font-weight: normal; }\n#mailpoet_form_3 .mailpoet_text, #mailpoet_form_3 .mailpoet_textarea, #mailpoet_form_3 .mailpoet_select, #mailpoet_form_3 .mailpoet_date_month, #mailpoet_form_3 .mailpoet_date_day, #mailpoet_form_3 .mailpoet_date_year, #mailpoet_form_3 .mailpoet_date { display: block; }\n#mailpoet_form_3 .mailpoet_text, #mailpoet_form_3 .mailpoet_textarea { width: 200px; }\n#mailpoet_form_3 .mailpoet_checkbox {  }\n#mailpoet_form_3 .mailpoet_submit {  }\n#mailpoet_form_3 .mailpoet_divider {  }\n#mailpoet_form_3 .mailpoet_message {  }\n#mailpoet_form_3 .mailpoet_form_loading { width: 30px; text-align: center; line-height: normal; }\n#mailpoet_form_3 .mailpoet_form_loading > span { width: 5px; height: 5px; background-color: #5b5b5b; }#mailpoet_form_3{border-radius: 0px;text-align: left;}#mailpoet_form_3 form.mailpoet_form {padding: 20px;}#mailpoet_form_3{width: 100%;}#mailpoet_form_3 .mailpoet_message {margin: 0; padding: 0 20px;}#mailpoet_form_3 .mailpoet_paragraph.last {margin-bottom: 0} @media (max-width: 500px) {#mailpoet_form_3 {background-image: none;}} @media (min-width: 500px) {#mailpoet_form_3 .last .mailpoet_paragraph:last-child {margin-bottom: 0}}  @media (max-width: 500px) {#mailpoet_form_3 .mailpoet_form_column:last-child .mailpoet_paragraph:last-child {margin-bottom: 0}} \n    <\/style>\n\n    <form\n      target=\"_self\"\n      method=\"post\"\n      action=\"https:\/\/masfm.com\/emisora\/wp-admin\/admin-post.php?action=mailpoet_subscription_form\"\n      class=\"mailpoet_form mailpoet_form_form mailpoet_form_html\"\n      novalidate\n      data-delay=\"\"\n      data-exit-intent-enabled=\"\"\n      data-trigger-mode=\"\"\n      data-click-trigger-selector=\"\"\n      data-font-family=\"\"\n      data-cookie-expiration-time=\"\"\n    >\n      <input type=\"hidden\" name=\"data[form_id]\" value=\"3\" \/>\n      <input type=\"hidden\" name=\"token\" value=\"a4ce824dd0\" \/>\n      <input type=\"hidden\" name=\"api_version\" value=\"v1\" \/>\n      <input type=\"hidden\" name=\"endpoint\" value=\"subscribers\" \/>\n      <input type=\"hidden\" name=\"mailpoet_method\" value=\"subscribe\" \/>\n\n      <label class=\"mailpoet_hp_email_label\" style=\"display: none !important;\">Please leave this field empty<input type=\"email\" name=\"data[email]\"\/><\/label><div class='mailpoet_form_columns_container'><div class=\"mailpoet_form_columns mailpoet_paragraph mailpoet_stack_on_mobile\"><div class=\"mailpoet_form_column\"><div class=\"mailpoet_paragraph \"><input type=\"text\" autocomplete=\"given-name\" class=\"mailpoet_text\" id=\"form_first_name_3\" name=\"data[form_field_Mjg5ZDFmYWM5ZDQ5X2ZpcnN0X25hbWU=]\" title=\"Nombre\" value=\"\" style=\"width:100%;box-sizing:border-box;padding:5px;margin: 0 auto 0 0;\" data-automation-id=\"form_first_name\"  placeholder=\"Nombre\" aria-label=\"Nombre\" data-parsley-errors-container=\".mailpoet_error_1eswd\" data-parsley-names='[&quot;Please specify a valid name.&quot;,&quot;Addresses in names are not permitted, please add your name instead.&quot;]'\/><span class=\"mailpoet_error_1eswd\"><\/span><\/div>\n<\/div>\n<div class=\"mailpoet_form_column\"><div class=\"mailpoet_paragraph \"><input type=\"email\" autocomplete=\"email\" class=\"mailpoet_text\" id=\"form_email_3\" name=\"data[form_field_OGY2ODJhNTQxZjUxX2VtYWls]\" title=\"TU MAIL:\" value=\"\" style=\"width:100%;box-sizing:border-box;padding:5px;margin: 0 auto 0 0;\" data-automation-id=\"form_email\"  placeholder=\"TU MAIL: *\" aria-label=\"TU MAIL: *\" data-parsley-errors-container=\".mailpoet_error_12f81\" data-parsley-required=\"true\" required aria-required=\"true\" data-parsley-minlength=\"6\" data-parsley-maxlength=\"150\" data-parsley-type-message=\"This value should be a valid email.\" data-parsley-required-message=\"This field is required.\"\/><span class=\"mailpoet_error_12f81\"><\/span><\/div>\n<\/div>\n<div class=\"mailpoet_form_column\"><div class=\"mailpoet_paragraph \"><input type=\"submit\" class=\"mailpoet_submit\" value=\"SUMATE YA!\" data-automation-id=\"subscribe-submit-button\" style=\"width:100%;box-sizing:border-box;padding:5px;margin: 0 auto 0 0;border-color:transparent;\" \/><span class=\"mailpoet_form_loading\"><span class=\"mailpoet_bounce1\"><\/span><span class=\"mailpoet_bounce2\"><\/span><span class=\"mailpoet_bounce3\"><\/span><\/span><\/div>\n<\/div>\n<\/div><\/div>\n<div class='mailpoet_form_columns_container'><div class=\"mailpoet_form_columns mailpoet_paragraph mailpoet_stack_on_mobile\"><div class=\"mailpoet_form_column\"><\/div>\n<div class=\"mailpoet_form_column\"><\/div>\n<\/div><\/div>\n\n      <div class=\"mailpoet_message\">\n        <p class=\"mailpoet_validate_success\"\n                style=\"display:none;\"\n                >Revisa tu bandeja de entrada o la carpeta de spam para confirmar tu suscripci\u00f3n.\n        <\/p>\n        <p class=\"mailpoet_validate_error\"\n                style=\"display:none;\"\n                >        <\/p>\n      <\/div>\n    <\/form>\n\n      <\/div>\n\n  \n\n\n<figure class=\"wp-block-image size-full\"><img loading=\"lazy\" decoding=\"async\" width=\"690\" height=\"330\" src=\"https:\/\/masfm.com\/emisora\/wp-content\/uploads\/2025\/08\/los-caballeros-dela-quema-otro-dia-en-la-oficina.webp\" alt=\"Los Caballeros de la Quema presentan su nuevo single  Otro d\u00eda en la oficina toda la info, la letra y el video est\u00e1n ac\u00e1!\" class=\"wp-image-28805\" title=\"Los Caballeros de la Quema presentan su nuevo single &quot;Otro d\u00eda en la oficina&quot;: toda la info, la letra y el video est\u00e1n ac\u00e1!\" srcset=\"https:\/\/masfm.com\/emisora\/wp-content\/uploads\/2025\/08\/los-caballeros-dela-quema-otro-dia-en-la-oficina.webp 690w, https:\/\/masfm.com\/emisora\/wp-content\/uploads\/2025\/08\/los-caballeros-dela-quema-otro-dia-en-la-oficina-600x287.webp 600w\" sizes=\"auto, (max-width: 690px) 100vw, 690px\" \/><\/figure>\n","protected":false},"excerpt":{"rendered":"<p>Los Caballeros de la Quema presentan su nuevo single &#8220;Otro d\u00eda en la oficina&#8221;: toda la info, la letra y el video est\u00e1n ac\u00e1! Lleg\u00f3 el tercer adelando del pr\u00f3ximo \u00e1lbun de estudio de Los Caballeros de la Quema titulado &#8220;Otro d\u00eda en la oficina&#8221;. Un disco que tuvo que esperar 25 a\u00f1os. Una canci\u00f3n&hellip;<\/p>\n","protected":false},"author":4,"featured_media":28804,"comment_status":"closed","ping_status":"open","sticky":false,"template":"","format":"video","meta":{"footnotes":""},"categories":[2],"tags":[48,47,943,46,13,14,23],"class_list":["post-28799","post","type-post","status-publish","format-video","has-post-thumbnail","hentry","category-noticias","tag-esporaca","tag-laradioqueseve","tag-los-caballeros-de-la-quema","tag-masfm959","tag-musica","tag-noticias","tag-video","post_format-post-format-video"],"amp_enabled":true,"_links":{"self":[{"href":"https:\/\/masfm.com\/emisora\/wp-json\/wp\/v2\/posts\/28799","targetHints":{"allow":["GET"]}}],"collection":[{"href":"https:\/\/masfm.com\/emisora\/wp-json\/wp\/v2\/posts"}],"about":[{"href":"https:\/\/masfm.com\/emisora\/wp-json\/wp\/v2\/types\/post"}],"author":[{"embeddable":true,"href":"https:\/\/masfm.com\/emisora\/wp-json\/wp\/v2\/users\/4"}],"replies":[{"embeddable":true,"href":"https:\/\/masfm.com\/emisora\/wp-json\/wp\/v2\/comments?post=28799"}],"version-history":[{"count":0,"href":"https:\/\/masfm.com\/emisora\/wp-json\/wp\/v2\/posts\/28799\/revisions"}],"wp:featuredmedia":[{"embeddable":true,"href":"https:\/\/masfm.com\/emisora\/wp-json\/wp\/v2\/media\/28804"}],"wp:attachment":[{"href":"https:\/\/masfm.com\/emisora\/wp-json\/wp\/v2\/media?parent=28799"}],"wp:term":[{"taxonomy":"category","embeddable":true,"href":"https:\/\/masfm.com\/emisora\/wp-json\/wp\/v2\/categories?post=28799"},{"taxonomy":"post_tag","embeddable":true,"href":"https:\/\/masfm.com\/emisora\/wp-json\/wp\/v2\/tags?post=28799"}],"curies":[{"name":"wp","href":"https:\/\/api.w.org\/{rel}","templated":true}]}}