{"id":29716,"date":"2025-08-22T01:19:06","date_gmt":"2025-08-22T04:19:06","guid":{"rendered":"https:\/\/masfm.com\/emisora\/?p=29716"},"modified":"2025-08-22T01:30:44","modified_gmt":"2025-08-22T04:30:44","slug":"date-cuenta-roze-sebastian-mendoza-letra-video","status":"publish","type":"post","link":"https:\/\/masfm.com\/emisora\/date-cuenta-roze-sebastian-mendoza-letra-video\/","title":{"rendered":"&#8220;DATE CUENTA&#8221;, LO NUEVO DE ROZE"},"content":{"rendered":"\n<figure class=\"wp-block-image size-full\"><img loading=\"lazy\" decoding=\"async\" width=\"690\" height=\"330\" src=\"https:\/\/masfm.com\/emisora\/wp-content\/uploads\/2025\/08\/date-cuenta-roze-sebastian-mendoza-letra-video.webp\" alt=\"La cuenta regresiva para el debut de ROZE en el Teatro \u00d3pera ya comenz\u00f3, y el d\u00fao lo celebra con  Date cuenta , su nueva colaboraci\u00f3n junto a Sebasti\u00e1n Mendoza.\" class=\"wp-image-29722\" title=\"La cuenta regresiva para el debut de ROZE en el Teatro \u00d3pera ya comenz\u00f3, y el d\u00fao lo celebra con \u201cDate cuenta\u201d, su nueva colaboraci\u00f3n junto a Sebasti\u00e1n Mendoza.\" srcset=\"https:\/\/masfm.com\/emisora\/wp-content\/uploads\/2025\/08\/date-cuenta-roze-sebastian-mendoza-letra-video.webp 690w, https:\/\/masfm.com\/emisora\/wp-content\/uploads\/2025\/08\/date-cuenta-roze-sebastian-mendoza-letra-video-600x287.webp 600w\" sizes=\"auto, (max-width: 690px) 100vw, 690px\" \/><\/figure>\n\n\n\n<h2 class=\"wp-block-heading\" id=\"roze-presenta-date-cuenta-junto-a-sebastian-mendoza-toda-la-info-la-letra-y-el-video-estan-aca\">ROZE presenta &#8220;Date cuenta&#8221; junto a Sebasti\u00e1n Mendoza: toda la info, la letra y el video est\u00e1n ac\u00e1!<\/h2>\n\n\n\n<p>La cuenta regresiva para el debut de ROZE en el Teatro \u00d3pera ya comenz\u00f3, y el d\u00fao lo celebra con \u201cDate cuenta\u201d, su nueva colaboraci\u00f3n junto a Sebasti\u00e1n Mendoza.<\/p>\n\n\n\n<div class=\"wp-block-rank-math-toc-block\" id=\"rank-math-toc\"><h4>Contenidos de la nota.<\/h4><nav><ul><li class=\"\"><a href=\"#roze-presenta-date-cuenta-junto-a-sebastian-mendoza-toda-la-info-la-letra-y-el-video-estan-aca\">ROZE presenta &#8220;Date cuenta&#8221; junto a Sebasti\u00e1n Mendoza: toda la info, la letra y el video est\u00e1n ac\u00e1!<\/a><\/li><li class=\"\"><a href=\"#un-poco-mas-de-date-cuenta\">Un poco M\u00e1s de &#8220;Date cuenta&#8221;.<\/a><\/li><li class=\"\"><a href=\"#letra-de-date-cuenta-de-roze\">Letra de &#8220;Date cuenta&#8221; de ROZE.<\/a><\/li><li class=\"\"><a href=\"#mas-sobre-roze\">M\u00e1s sobre ROZE.<\/a><ul><li class=\"\"><a href=\"#tambien-te-puede-gustar-saber-mas-sobre\">Tambi\u00e9n te puede gustar saber M\u00e1s sobre:<\/a><\/li><\/ul><\/li><li class=\"\"><a href=\"#ya-lo-sumamos\">\u00a1Ya lo sumamos!<\/a><\/li><li class=\"\"><a href=\"#registrate-a-mas-fm-95-9\">\u00a1Registrate a M\u00e1s FM 95 9!<\/a><\/li><\/ul><\/nav><\/div>\n\n\n\n<p>A pocos d\u00edas de su primer gran show en vivo, <a href=\"https:\/\/masfm.com\/emisora\/?s=ROZE\" target=\"_blank\" rel=\"noreferrer noopener\">ROZE<\/a> lanza \u201cDate cuenta\u201d, el cuarto y \u00faltimo adelanto de su \u00e1lbum debut \u201cTu vecino nos conoce\u201d. <\/p>\n\n\n\n<p>En esta ocasi\u00f3n, se unen al \u00edcono del romanticismo <a href=\"https:\/\/masfm.com\/emisora\/?s=sebastian+mendoza\" target=\"_blank\" rel=\"noreferrer noopener\">Sebasti\u00e1n Mendoza<\/a> para reafirmar el concepto que atraviesa todo el EP: la vuelta de los rom\u00e1nticos a la cumbia.<\/p>\n\n\n\n<p>Despu\u00e9s de conquistar el Top 50 de Spotify Argentina con \u201c<a href=\"https:\/\/masfm.com\/emisora\/roze-lanzo-tu-jardin-con-enanitos-letra-video-estreno-2025\/\" target=\"_blank\" rel=\"noreferrer noopener\">Tu jard\u00edn con enanitos<\/a>\u201d, alcanzando el puesto #1 y #22 en el ranking global de canciones virales, el d\u00fao redobla la apuesta con una canci\u00f3n que fusiona lo mejor de dos generaciones. <\/p>\n\n\n\n<p>\u201cDate cuenta\u201d emociona con su letra intensa y melod\u00edas que apelan directo al coraz\u00f3n.<\/p>\n\n\n\n<h2 class=\"wp-block-heading\" id=\"un-poco-mas-de-date-cuenta\">Un poco M\u00e1s de &#8220;Date cuenta&#8221;.<\/h2>\n\n\n\n<p>El track est\u00e1 producido por PHONTANA, uno de los productores M\u00e1s influyentes de la escena urbana actual. <\/p>\n\n\n\n<p>Reconocido por \u00e9xitos como Pininfarina Remix (<a href=\"https:\/\/masfm.com\/emisora\/?s=rei\" target=\"_blank\" rel=\"noreferrer noopener\">Rei<\/a>, <a href=\"https:\/\/masfm.com\/emisora\/?s=duki\" target=\"_blank\" rel=\"noreferrer noopener\">Duki<\/a>, <a href=\"https:\/\/masfm.com\/emisora\/?s=neo+pistea\" target=\"_blank\" rel=\"noreferrer noopener\">Neo Pistea<\/a>), y <a href=\"https:\/\/masfm.com\/emisora\/luck-ra-y-la-morocha-bm-julieta-poggio\/\" target=\"_blank\" rel=\"noreferrer noopener\">La Morocha<\/a> (<a href=\"https:\/\/masfm.com\/emisora\/?s=luck+ra\" target=\"_blank\" rel=\"noreferrer noopener\">Luck Ra<\/a> y <a href=\"https:\/\/masfm.com\/emisora\/?s=BM\" target=\"_blank\" rel=\"noreferrer noopener\">BM<\/a>), PHONTANA aporta su sello distintivo, combinando instrumentos anal\u00f3gicos y digitales para lograr un sonido moderno y emocional.<\/p>\n\n\n\n<p>El videoclip, dirigido por Ezequiel Llanos, fue filmado en el barrio de La Boca y sigue la est\u00e9tica vibrante del \u00e1lbum. <\/p>\n\n\n\n<p>Con colores intensos y una energ\u00eda contagiosa, transmite el esp\u00edritu festivo del d\u00fao y anticipa lo que ser\u00e1 una noche inolvidable.<\/p>\n\n\n\n<p>El pr\u00f3ximo 29 de agosto, el d\u00fao se presentar\u00e1 por primera vez en el Teatro \u00d3pera de Buenos Aires, en un show hist\u00f3rico donde estrenar\u00e1n oficialmente su \u00e1lbum debut, acompa\u00f1ados por invitados sorpresa y un recorrido por sus grandes \u00e9xitos, como \u201cInocente\u201d (junto a Peipper) y \u201cTurreo Session\u201d (con DJ TAO).<\/p>\n\n\n\n<p>Las entradas ya est\u00e1n a la venta y las consegu\u00eds <a href=\"https:\/\/www.ticketek.com.ar\/roze\/teatro-opera\" target=\"_blank\" rel=\"noreferrer noopener\">entreando ac\u00e1<\/a>. <\/p>\n\n\n\n<h2 class=\"wp-block-heading\" id=\"letra-de-date-cuenta-de-roze\">Letra de &#8220;Date cuenta&#8221; de ROZE.<\/h2>\n\n\n\n<p>En tu rostro,<br>ya no quiero ver esas l\u00e1grimas.<br>Tanto para ofrecerte,<br>y vos con \u00e9l, que l\u00e1stima.<\/p>\n\n\n\n<p>Estas pagando el precio del desprecio<br>Y m\u00e1s necio es tu coraz\u00f3n.<br>Que no entiende que el otro,<br>ya pas\u00f3 la p\u00e1gina.<\/p>\n\n\n\n<p>Date cuenta que no te merece, que no quiere amarte<br>De tanto que vino a prometerte, \u00bfcu\u00e1nto pudo darte?<br>Duele ver esa mirada perdida.<br>Tengo las palabras pa tus heridas.<br>Si tanto te quiere \u00bfd\u00f3nde est\u00e1 para el llanto cercarte ?<\/p>\n\n\n\n<p>Porque en mi mundo\u2026<br>Con vos las guerras se detuvieron.<br>Los soldados se miraron y piedad se tuvieron.<br>Las tormentas y sus rayos,<br>rayos de sol se hicieron.<br>Porque mi mundo de nieve,<br>convertiste en enero.<\/p>\n\n\n\n<p>Y estoy pa quitarte tus miedos y puedo<br>Poes\u00edas recitar de lo que te quiero.<br>Te hizo tantas que no quedan M\u00e1s pero&#8230;<br>Conmigo tendr\u00edas el amor verdadero.<\/p>\n\n\n\n<p>Ya no est\u00e1 esa luz que ten\u00edan tus ojos mucho antes de \u00e9l<br>No hay similitud entre el amor que te di y lo poco que da \u00e9l<br>Y ahora&#8230;<\/p>\n\n\n\n<p>\u00bfD\u00f3nde est\u00e1 su ser?<br>Querer se le hizo algo aparte.<br>Date vuelta y ve.<br>A un lugar que quieran amarte.<\/p>\n\n\n\n<p>Date cuenta que no te merece que no quiere amarte.<br>De tanto que vino a prometerte, \u00bfcu\u00e1nto pudo darte?<br>Duele ver esa mirada perdida.<br>Tengo las palabras pa tus heridas.<br>Si tanto te quiere \u00bfd\u00f3nde est\u00e1 para el llanto cercarte ?<\/p>\n\n\n\n<p>Date cuenta que no te merece que no quiere amarte<br>De tanto que vino a prometerte, \u00bfcu\u00e1nto pudo darte?<br>Duele ver esa mirada perdida.<br>Tengo las palabras pa tus heridas.<br>Si tanto te quiere \u00bfd\u00f3nde est\u00e1 para el llanto cercarte ?<\/p>\n\n\n\n<h2 class=\"wp-block-heading\" id=\"mas-sobre-roze\">M\u00e1s sobre ROZE.<\/h2>\n\n\n\n<p>En el coraz\u00f3n de la escena musical de Parque Avellaneda, dos j\u00f3venes visionarios emergen como precursores de un nuevo movimiento sonoro: Rocco Gang y Treze YT, el d\u00fao de m\u00fasica urbana que ha cautivado los corazones de sus seguidores desde 2017.<\/p>\n\n\n\n<p>Con apenas 22 a\u00f1os de edad, Rocco Gang y Treze YT han forjado su camino desde los inexplorados rincones de Parque Avellaneda hasta el centro de la innovaci\u00f3n musical.<\/p>\n\n\n\n<p>Bajo el nombre de Young Team, comenzaron su traves\u00eda art\u00edstica explorando diversos g\u00e9neros musicales antes de descubrir su verdadera pasi\u00f3n en la m\u00fasica urbana y la cumbia.<\/p>\n\n\n\n<p>Este d\u00fao no solo representa la nueva ola de la m\u00fasica urbana, sino que tambi\u00e9n encarna la esencia misma de la juventud creativa. <\/p>\n\n\n\n<p>Hasta el momento (y sin mencionar a Peipper) los Roze tienen colaboraciones con La Joaqui, Luck Ra, Marama, Alan Gomez, Dj TAO, Perro primo, L-Gante, Salastkbron y otros referentes del g\u00e9nero urbano.<\/p>\n\n\n\n<p>El fen\u00f3meno imparable ROZE, contin\u00faa marcando al g\u00e9nero: a solo una semana del lanzamiento de su single &#8220;Inocente&#8221;, lograron ubicarse entre las canciones M\u00e1s reproducidas, escalando hasta el puesto #27 dentro del Top 50 de Spotify Argentina. <\/p>\n\n\n\n<p>Tanto &#8220;Inocente&#8221; como su colaboraci\u00f3n con DJ Tao en las &#8220;Turreo Session&#8221; lograron ubicarse en el top 10 del Top 50 de Spotify Argentina.<\/p>\n\n\n\n<h3 class=\"wp-block-heading\">Tambi\u00e9n te puede gustar saber M\u00e1s sobre:<\/h3>\n\n\n<ul class=\"wp-block-latest-posts__list wp-block-latest-posts\"><li><a class=\"wp-block-latest-posts__post-title\" href=\"https:\/\/masfm.com\/emisora\/turr4zo-y-la-habilidad-de-trueno\/\">&#8220;TURR4ZO&#8221; Y LA HABILIDAD DE TRUENO<\/a><\/li>\n<li><a class=\"wp-block-latest-posts__post-title\" href=\"https:\/\/masfm.com\/emisora\/un-manantial-une-a-morelo-y-abel-pintos\/\">UN \u201cMANANTIAL\u201d UNE A MORELO Y ABEL PINTOS<\/a><\/li>\n<li><a class=\"wp-block-latest-posts__post-title\" href=\"https:\/\/masfm.com\/emisora\/con-flores-luz-gaggi-nos-da-paz\/\">CON &#8220;FLORES&#8221;, LUZ GAGGI NOS DA PAZ<\/a><\/li>\n<li><a class=\"wp-block-latest-posts__post-title\" href=\"https:\/\/masfm.com\/emisora\/las-flores-lo-nuevo-de-ricky-para-mau\/\">&#8220;LAS FLORES&#8221;, LO NUEVO DE RICKY PARA MAU<\/a><\/li>\n<li><a class=\"wp-block-latest-posts__post-title\" href=\"https:\/\/masfm.com\/emisora\/vienes-y-te-vas-lo-nuevo-de-soledad-y-miranda\/\">\u201cVIENES Y TE VAS\u201d, LO NUEVO DE SOLEDAD Y MIRANDA!<\/a><\/li>\n<\/ul>\n\n\n<h2 class=\"wp-block-heading\" id=\"ya-lo-sumamos\">\u00a1Ya lo sumamos!<\/h2>\n\n\n\n<p>Los mejores videos de ROZE ya forman parte de nuestra programaci\u00f3n, la cual desde hace M\u00e1s de dos d\u00e9cadas, la disfrut\u00e1s 100 % con im\u00e1genes.<\/p>\n\n\n\n<p>Acordate, pod\u00e9s mirarnos desde tu compu, tablet, notebook o Smart TV con s\u00f3lo&nbsp;<a href=\"https:\/\/masfm.com\/emisora\/#section-custom-content-2\" target=\"_blank\" rel=\"noreferrer noopener\">entrar ac\u00e1<\/a>.<\/p>\n\n\n\n<p>Si prefer\u00eds que la experiencia sea por medio de tu celular, bajate la App gratuitamente&nbsp;<a href=\"https:\/\/masfm.pryx.com.ar\/install\/\" target=\"_blank\" rel=\"noreferrer noopener\">desde ac\u00e1<\/a>&nbsp;y miranos desde cualquier parte del mundo, a la hora que quieras!<\/p>\n\n\n\n<p>Estamos las 24 horas con la mejor m\u00fasica y sus clips.<\/p>\n\n\n\n<h2 class=\"wp-block-heading\" id=\"registrate-a-mas-fm-95-9\">\u00a1Registrate a M\u00e1s FM 95 9!<\/h2>\n\n\n  \n  \n  <div class=\"\n    mailpoet_form_popup_overlay\n      \"><\/div>\n  <div\n    id=\"mailpoet_form_3\"\n    class=\"\n      mailpoet_form\n      mailpoet_form_html\n      mailpoet_form_position_\n      mailpoet_form_animation_\n    \"\n      >\n\n    <style type=\"text\/css\">\n     #mailpoet_form_3 .mailpoet_form {  }\n#mailpoet_form_3 .mailpoet_column_with_background { padding: 10px; }\n#mailpoet_form_3 .mailpoet_form_column:not(:first-child) { margin-left: 20px; }\n#mailpoet_form_3 .mailpoet_paragraph { line-height: 20px; margin-bottom: 20px; }\n#mailpoet_form_3 .mailpoet_segment_label, #mailpoet_form_3 .mailpoet_text_label, #mailpoet_form_3 .mailpoet_textarea_label, #mailpoet_form_3 .mailpoet_select_label, #mailpoet_form_3 .mailpoet_radio_label, #mailpoet_form_3 .mailpoet_checkbox_label, #mailpoet_form_3 .mailpoet_list_label, #mailpoet_form_3 .mailpoet_date_label { display: block; font-weight: normal; }\n#mailpoet_form_3 .mailpoet_text, #mailpoet_form_3 .mailpoet_textarea, #mailpoet_form_3 .mailpoet_select, #mailpoet_form_3 .mailpoet_date_month, #mailpoet_form_3 .mailpoet_date_day, #mailpoet_form_3 .mailpoet_date_year, #mailpoet_form_3 .mailpoet_date { display: block; }\n#mailpoet_form_3 .mailpoet_text, #mailpoet_form_3 .mailpoet_textarea { width: 200px; }\n#mailpoet_form_3 .mailpoet_checkbox {  }\n#mailpoet_form_3 .mailpoet_submit {  }\n#mailpoet_form_3 .mailpoet_divider {  }\n#mailpoet_form_3 .mailpoet_message {  }\n#mailpoet_form_3 .mailpoet_form_loading { width: 30px; text-align: center; line-height: normal; }\n#mailpoet_form_3 .mailpoet_form_loading > span { width: 5px; height: 5px; background-color: #5b5b5b; }#mailpoet_form_3{border-radius: 0px;text-align: left;}#mailpoet_form_3 form.mailpoet_form {padding: 20px;}#mailpoet_form_3{width: 100%;}#mailpoet_form_3 .mailpoet_message {margin: 0; padding: 0 20px;}#mailpoet_form_3 .mailpoet_paragraph.last {margin-bottom: 0} @media (max-width: 500px) {#mailpoet_form_3 {background-image: none;}} @media (min-width: 500px) {#mailpoet_form_3 .last .mailpoet_paragraph:last-child {margin-bottom: 0}}  @media (max-width: 500px) {#mailpoet_form_3 .mailpoet_form_column:last-child .mailpoet_paragraph:last-child {margin-bottom: 0}} \n    <\/style>\n\n    <form\n      target=\"_self\"\n      method=\"post\"\n      action=\"https:\/\/masfm.com\/emisora\/wp-admin\/admin-post.php?action=mailpoet_subscription_form\"\n      class=\"mailpoet_form mailpoet_form_form mailpoet_form_html\"\n      novalidate\n      data-delay=\"\"\n      data-exit-intent-enabled=\"\"\n      data-trigger-mode=\"\"\n      data-click-trigger-selector=\"\"\n      data-font-family=\"\"\n      data-cookie-expiration-time=\"\"\n    >\n      <input type=\"hidden\" name=\"data[form_id]\" value=\"3\" \/>\n      <input type=\"hidden\" name=\"token\" value=\"a4ce824dd0\" \/>\n      <input type=\"hidden\" name=\"api_version\" value=\"v1\" \/>\n      <input type=\"hidden\" name=\"endpoint\" value=\"subscribers\" \/>\n      <input type=\"hidden\" name=\"mailpoet_method\" value=\"subscribe\" \/>\n\n      <label class=\"mailpoet_hp_email_label\" style=\"display: none !important;\">Please leave this field empty<input type=\"email\" name=\"data[email]\"\/><\/label><div class='mailpoet_form_columns_container'><div class=\"mailpoet_form_columns mailpoet_paragraph mailpoet_stack_on_mobile\"><div class=\"mailpoet_form_column\"><div class=\"mailpoet_paragraph \"><input type=\"text\" autocomplete=\"given-name\" class=\"mailpoet_text\" id=\"form_first_name_3\" name=\"data[form_field_Mjg5ZDFmYWM5ZDQ5X2ZpcnN0X25hbWU=]\" title=\"Nombre\" value=\"\" style=\"width:100%;box-sizing:border-box;padding:5px;margin: 0 auto 0 0;\" data-automation-id=\"form_first_name\"  placeholder=\"Nombre\" aria-label=\"Nombre\" data-parsley-errors-container=\".mailpoet_error_10w03\" data-parsley-names='[&quot;Please specify a valid name.&quot;,&quot;Addresses in names are not permitted, please add your name instead.&quot;]'\/><span class=\"mailpoet_error_10w03\"><\/span><\/div>\n<\/div>\n<div class=\"mailpoet_form_column\"><div class=\"mailpoet_paragraph \"><input type=\"email\" autocomplete=\"email\" class=\"mailpoet_text\" id=\"form_email_3\" name=\"data[form_field_OGY2ODJhNTQxZjUxX2VtYWls]\" title=\"TU MAIL:\" value=\"\" style=\"width:100%;box-sizing:border-box;padding:5px;margin: 0 auto 0 0;\" data-automation-id=\"form_email\"  placeholder=\"TU MAIL: *\" aria-label=\"TU MAIL: *\" data-parsley-errors-container=\".mailpoet_error_1tocj\" data-parsley-required=\"true\" required aria-required=\"true\" data-parsley-minlength=\"6\" data-parsley-maxlength=\"150\" data-parsley-type-message=\"This value should be a valid email.\" data-parsley-required-message=\"This field is required.\"\/><span class=\"mailpoet_error_1tocj\"><\/span><\/div>\n<\/div>\n<div class=\"mailpoet_form_column\"><div class=\"mailpoet_paragraph \"><input type=\"submit\" class=\"mailpoet_submit\" value=\"SUMATE YA!\" data-automation-id=\"subscribe-submit-button\" style=\"width:100%;box-sizing:border-box;padding:5px;margin: 0 auto 0 0;border-color:transparent;\" \/><span class=\"mailpoet_form_loading\"><span class=\"mailpoet_bounce1\"><\/span><span class=\"mailpoet_bounce2\"><\/span><span class=\"mailpoet_bounce3\"><\/span><\/span><\/div>\n<\/div>\n<\/div><\/div>\n<div class='mailpoet_form_columns_container'><div class=\"mailpoet_form_columns mailpoet_paragraph mailpoet_stack_on_mobile\"><div class=\"mailpoet_form_column\"><\/div>\n<div class=\"mailpoet_form_column\"><\/div>\n<\/div><\/div>\n\n      <div class=\"mailpoet_message\">\n        <p class=\"mailpoet_validate_success\"\n                style=\"display:none;\"\n                >Revisa tu bandeja de entrada o la carpeta de spam para confirmar tu suscripci\u00f3n.\n        <\/p>\n        <p class=\"mailpoet_validate_error\"\n                style=\"display:none;\"\n                >        <\/p>\n      <\/div>\n    <\/form>\n\n      <\/div>\n\n  \n\n\n<figure class=\"wp-block-image size-full\"><img loading=\"lazy\" decoding=\"async\" width=\"1200\" height=\"675\" src=\"https:\/\/masfm.com\/emisora\/wp-content\/uploads\/2025\/08\/date-cuenta-roze-sebastian-mendoza-letra-video-portada.webp\" alt=\"date-cuenta-roze-sebastian-mendoza-letra-video-portada\" class=\"wp-image-29723\" title=\"La cuenta regresiva para el debut de ROZE en el Teatro \u00d3pera ya comenz\u00f3, y el d\u00fao lo celebra con \u201cDate cuenta\u201d, su nueva colaboraci\u00f3n junto a Sebasti\u00e1n Mendoza.\" srcset=\"https:\/\/masfm.com\/emisora\/wp-content\/uploads\/2025\/08\/date-cuenta-roze-sebastian-mendoza-letra-video-portada.webp 1200w, https:\/\/masfm.com\/emisora\/wp-content\/uploads\/2025\/08\/date-cuenta-roze-sebastian-mendoza-letra-video-portada-600x338.webp 600w, https:\/\/masfm.com\/emisora\/wp-content\/uploads\/2025\/08\/date-cuenta-roze-sebastian-mendoza-letra-video-portada-768x432.webp 768w\" sizes=\"auto, (max-width: 1200px) 100vw, 1200px\" \/><\/figure>\n","protected":false},"excerpt":{"rendered":"<p>ROZE presenta &#8220;Date cuenta&#8221; junto a Sebasti\u00e1n Mendoza: toda la info, la letra y el video est\u00e1n ac\u00e1! La cuenta regresiva para el debut de ROZE en el Teatro \u00d3pera ya comenz\u00f3, y el d\u00fao lo celebra con \u201cDate cuenta\u201d, su nueva colaboraci\u00f3n junto a Sebasti\u00e1n Mendoza. A pocos d\u00edas de su primer gran show&hellip;<\/p>\n","protected":false},"author":4,"featured_media":29723,"comment_status":"closed","ping_status":"open","sticky":false,"template":"","format":"video","meta":{"footnotes":""},"categories":[2],"tags":[48,47,46,13,14,915,1240,23],"class_list":["post-29716","post","type-post","status-publish","format-video","has-post-thumbnail","hentry","category-noticias","tag-esporaca","tag-laradioqueseve","tag-masfm959","tag-musica","tag-noticias","tag-roze","tag-sebastian-mendoza","tag-video","post_format-post-format-video"],"amp_enabled":true,"_links":{"self":[{"href":"https:\/\/masfm.com\/emisora\/wp-json\/wp\/v2\/posts\/29716","targetHints":{"allow":["GET"]}}],"collection":[{"href":"https:\/\/masfm.com\/emisora\/wp-json\/wp\/v2\/posts"}],"about":[{"href":"https:\/\/masfm.com\/emisora\/wp-json\/wp\/v2\/types\/post"}],"author":[{"embeddable":true,"href":"https:\/\/masfm.com\/emisora\/wp-json\/wp\/v2\/users\/4"}],"replies":[{"embeddable":true,"href":"https:\/\/masfm.com\/emisora\/wp-json\/wp\/v2\/comments?post=29716"}],"version-history":[{"count":0,"href":"https:\/\/masfm.com\/emisora\/wp-json\/wp\/v2\/posts\/29716\/revisions"}],"wp:featuredmedia":[{"embeddable":true,"href":"https:\/\/masfm.com\/emisora\/wp-json\/wp\/v2\/media\/29723"}],"wp:attachment":[{"href":"https:\/\/masfm.com\/emisora\/wp-json\/wp\/v2\/media?parent=29716"}],"wp:term":[{"taxonomy":"category","embeddable":true,"href":"https:\/\/masfm.com\/emisora\/wp-json\/wp\/v2\/categories?post=29716"},{"taxonomy":"post_tag","embeddable":true,"href":"https:\/\/masfm.com\/emisora\/wp-json\/wp\/v2\/tags?post=29716"}],"curies":[{"name":"wp","href":"https:\/\/api.w.org\/{rel}","templated":true}]}}