{"id":30446,"date":"2025-11-06T23:22:16","date_gmt":"2025-11-07T02:22:16","guid":{"rendered":"https:\/\/masfm.com\/emisora\/?p=30446"},"modified":"2025-11-06T23:24:48","modified_gmt":"2025-11-07T02:24:48","slug":"noche-perfecta-lo-nuevo-de-migrantes","status":"publish","type":"post","link":"https:\/\/masfm.com\/emisora\/noche-perfecta-lo-nuevo-de-migrantes\/","title":{"rendered":"&#8220;NOCHE PERFECTA&#8221;, LO NUEVO DE MIGRANTES"},"content":{"rendered":"\n<figure class=\"wp-block-image size-full\"><img loading=\"lazy\" decoding=\"async\" width=\"690\" height=\"330\" src=\"https:\/\/masfm.com\/emisora\/wp-content\/uploads\/2025\/11\/noche-perfecta-lo-nuevo-de-migrantes.webp\" alt=\"noche-perfecta-lo-nuevo-de-migrantes\" class=\"wp-image-30451\" title=\"Lleg\u00f3 &quot;Noche Perfecta&quot;, lo nuevo de Migrantes y Nico Valdi.\" srcset=\"https:\/\/masfm.com\/emisora\/wp-content\/uploads\/2025\/11\/noche-perfecta-lo-nuevo-de-migrantes.webp 690w, https:\/\/masfm.com\/emisora\/wp-content\/uploads\/2025\/11\/noche-perfecta-lo-nuevo-de-migrantes-600x287.webp 600w\" sizes=\"auto, (max-width: 690px) 100vw, 690px\" \/><\/figure>\n\n\n\n<h2 class=\"wp-block-heading\" id=\"migrantes-y-nico-valdi-unen-fuerzas-en-noche-perfecta-toda-la-info-la-letra-y-el-video-estan-aca\">Migrantes y Nico Valdi unen fuerzas en &#8220;Noche Perfecta&#8221;: toda la info, la letra y el video est\u00e1n ac\u00e1!<\/h2>\n\n\n\n<p>Lleg\u00f3 &#8220;Noche Perfecta&#8221;, lo nuevo de Migrantes y Nico Valdi.<\/p>\n\n\n\n<div class=\"wp-block-rank-math-toc-block\" id=\"rank-math-toc\"><h4>Contenidos de la nota.<\/h4><nav><ul><li class=\"\"><a href=\"#migrantes-y-nico-valdi-unen-fuerzas-en-noche-perfecta-toda-la-info-la-letra-y-el-video-estan-aca\">Migrantes y Nico Valdi unen fuerzas en &#8220;Noche Perfecta&#8221;: toda la info, la letra y el video est\u00e1n ac\u00e1!<\/a><ul><li class=\"\"><a href=\"#tambien-te-puede-gustar-saber-mas-sobre\">Tambi\u00e9n te puede gustar saber M\u00e1s sobre:<\/a><\/li><\/ul><\/li><li class=\"\"><a href=\"#letra-de-noche-perfecta-de-migrantes-y-nico-valdi\">Letra de &#8220;Noche Perfecta&#8221;.<\/a><\/li><li class=\"\"><a href=\"#ya-lo-sumamos\">\u00a1Ya lo sumamos!<\/a><\/li><li class=\"\"><a href=\"#registrate-a-mas-fm-95-9\">\u00a1Registrate a M\u00e1s FM 95 9!<\/a><\/li><\/ul><\/nav><\/div>\n\n\n\n<p>Tras la salida de &#8220;Sin Definici\u00f3n&#8221;, el tema que marc\u00f3 el inicio de una serie de lanzamientos pensados para el verano 2026, el d\u00fao oriundo de Lincoln presenta Noche Perfecta. <\/p>\n\n\n\n<p>Una canci\u00f3n que cautiva e invita a vivir una noche de verano inolvidable al ritmo de su m\u00fasica, con una energ\u00eda contagiosa y melod\u00edas que transportan directamente a sentir el aire de playa y mar.<\/p>\n\n\n\n<p>Con la magistral producci\u00f3n de Nico Valdi, y la inconfundible voz de Facu Garc\u00eda, esta dupla imparable busca romper el verano y las pistas con esta canci\u00f3n que fusiona cumbia y reggaeton lento.<\/p>\n\n\n\n<p>NOTICIA EN DESARROLLO.<\/p>\n\n\n\n<h3 class=\"wp-block-heading\">Tambi\u00e9n te puede gustar saber M\u00e1s sobre:<\/h3>\n\n\n<ul class=\"wp-block-latest-posts__list wp-block-latest-posts\"><li><a class=\"wp-block-latest-posts__post-title\" href=\"https:\/\/masfm.com\/emisora\/turr4zo-y-la-habilidad-de-trueno\/\">&#8220;TURR4ZO&#8221; Y LA HABILIDAD DE TRUENO<\/a><\/li>\n<li><a class=\"wp-block-latest-posts__post-title\" href=\"https:\/\/masfm.com\/emisora\/un-manantial-une-a-morelo-y-abel-pintos\/\">UN \u201cMANANTIAL\u201d UNE A MORELO Y ABEL PINTOS<\/a><\/li>\n<li><a class=\"wp-block-latest-posts__post-title\" href=\"https:\/\/masfm.com\/emisora\/con-flores-luz-gaggi-nos-da-paz\/\">CON &#8220;FLORES&#8221;, LUZ GAGGI NOS DA PAZ<\/a><\/li>\n<li><a class=\"wp-block-latest-posts__post-title\" href=\"https:\/\/masfm.com\/emisora\/las-flores-lo-nuevo-de-ricky-para-mau\/\">&#8220;LAS FLORES&#8221;, LO NUEVO DE RICKY PARA MAU<\/a><\/li>\n<li><a class=\"wp-block-latest-posts__post-title\" href=\"https:\/\/masfm.com\/emisora\/vienes-y-te-vas-lo-nuevo-de-soledad-y-miranda\/\">\u201cVIENES Y TE VAS\u201d, LO NUEVO DE SOLEDAD Y MIRANDA!<\/a><\/li>\n<\/ul>\n\n\n<h2 class=\"wp-block-heading\" id=\"letra-de-noche-perfecta-de-migrantes-y-nico-valdi\">Letra de &#8220;Noche Perfecta&#8221;.<\/h2>\n\n\n\n<p>En la arena.<br>Ella sabe que de ac\u00e1 es la M\u00e1s buena.<br>Su vestido la delata que entrena.<br>Cuando baila con alcohol en las venas.<br>Se suelta las cadenas.<\/p>\n\n\n\n<p>Y va pa abajo.<br>Sube el vaso.<br>Toda la ronda en un abrazo.<br>Dice vamos y me arrastra pal costado.<\/p>\n\n\n\n<p>Me deja sin respiro.<br>Quiere que la saque del ruido.<br>Para seguir amanecidos.<br>Ya curti a las otras y te quiero a vos nom\u00e1s.<\/p>\n\n\n\n<p>Imaginate los dos frente al mar.<br>Ay ay ay la noche se presta.<br>Solo los dos frente al mar.<br>Ay ay ay la noche perfecta.<\/p>\n\n\n\n<p>Parece que sabe que ella es adictiva.<br>La quieren todos pero nadie la activa.<br>Es un mont\u00f3n, un bomb\u00f3n, una queen exclusiva.<br>Si ella quisiera es mi definitiva.<\/p>\n\n\n\n<p>Y si me lleva para otro lado.<br>Me voy para ese lado.<br>Me da una vueltita mientras me modela.<\/p>\n\n\n\n<p>Y si me lleva para otro lado.<br>Me voy para ese lado.<br>Bailando juntos bajo la luna llena.<\/p>\n\n\n\n<p>Imaginate los dos frente al mar.<br>Ay ay ay la noche se presta.<br>Solo los dos frente al mar.<br>Ay ay ay la noche perfecta.<\/p>\n\n\n\n<p>Va pa abajo.<br>Sube el vaso.<br>Toda la ronda en un abrazo.<br>Dice vamos y me arrastra pal costado.<\/p>\n\n\n\n<p>Me deja sin respiro.<br>Quiere que la saque del ruido.<br>Para seguir amanecidos.<br>Ya curti a las otras y te quiero a vos nom\u00e1s.<\/p>\n\n\n\n<p>Imaginate los dos frente al mar.<br>Ay ay ay la noche se presta.<br>Solo los dos frente al mar.<br>Ay ay ay la noche perfecta.<\/p>\n\n\n\n<h2 class=\"wp-block-heading\" id=\"ya-lo-sumamos\">\u00a1Ya lo sumamos!<\/h2>\n\n\n\n<p>Los mejores videos de <a href=\"https:\/\/masfm.com\/emisora\/?s=migrantes\" target=\"_blank\" rel=\"noreferrer noopener\">Migrantes<\/a> y <a href=\"https:\/\/masfm.com\/emisora\/?s=nico+valdi\" target=\"_blank\" rel=\"noreferrer noopener\">Nico Valdi<\/a> ya forman parte de nuestra programaci\u00f3n, la cual desde hace M\u00e1s de dos d\u00e9cadas, la disfrut\u00e1s 100 % con im\u00e1genes.<\/p>\n\n\n\n<p>Acordate, pod\u00e9s mirarnos desde tu celu, compu, tablet, notebook o Smart TV con s\u00f3lo&nbsp;<a href=\"https:\/\/masfm.com\/emisora\/#section-custom-content-2\" target=\"_blank\" rel=\"noreferrer noopener\">entrar ac\u00e1<\/a> y disfrut\u00e1 la programaci\u00f3n desde cualquier parte del mundo, a la hora que quieras!<\/p>\n\n\n\n<p>Si prefer\u00eds que la experiencia sea por medio de tu plataforma favorita, te esperamos en <a href=\"https:\/\/www.twitch.tv\/masfm959\" target=\"_blank\" rel=\"noreferrer noopener\">Twitch<\/a> y <a href=\"https:\/\/kick.com\/masfm959\" target=\"_blank\" rel=\"noreferrer noopener\">Kick<\/a>.<\/p>\n\n\n\n<p>Estamos las 24 horas con la mejor m\u00fasica y sus clips.<\/p>\n\n\n\n<h2 class=\"wp-block-heading\" id=\"registrate-a-mas-fm-95-9\">\u00a1Registrate a M\u00e1s FM 95 9!<\/h2>\n\n\n  \n  \n  <div class=\"\n    mailpoet_form_popup_overlay\n      \"><\/div>\n  <div\n    id=\"mailpoet_form_3\"\n    class=\"\n      mailpoet_form\n      mailpoet_form_html\n      mailpoet_form_position_\n      mailpoet_form_animation_\n    \"\n      >\n\n    <style type=\"text\/css\">\n     #mailpoet_form_3 .mailpoet_form {  }\n#mailpoet_form_3 .mailpoet_column_with_background { padding: 10px; }\n#mailpoet_form_3 .mailpoet_form_column:not(:first-child) { margin-left: 20px; }\n#mailpoet_form_3 .mailpoet_paragraph { line-height: 20px; margin-bottom: 20px; }\n#mailpoet_form_3 .mailpoet_segment_label, #mailpoet_form_3 .mailpoet_text_label, #mailpoet_form_3 .mailpoet_textarea_label, #mailpoet_form_3 .mailpoet_select_label, #mailpoet_form_3 .mailpoet_radio_label, #mailpoet_form_3 .mailpoet_checkbox_label, #mailpoet_form_3 .mailpoet_list_label, #mailpoet_form_3 .mailpoet_date_label { display: block; font-weight: normal; }\n#mailpoet_form_3 .mailpoet_text, #mailpoet_form_3 .mailpoet_textarea, #mailpoet_form_3 .mailpoet_select, #mailpoet_form_3 .mailpoet_date_month, #mailpoet_form_3 .mailpoet_date_day, #mailpoet_form_3 .mailpoet_date_year, #mailpoet_form_3 .mailpoet_date { display: block; }\n#mailpoet_form_3 .mailpoet_text, #mailpoet_form_3 .mailpoet_textarea { width: 200px; }\n#mailpoet_form_3 .mailpoet_checkbox {  }\n#mailpoet_form_3 .mailpoet_submit {  }\n#mailpoet_form_3 .mailpoet_divider {  }\n#mailpoet_form_3 .mailpoet_message {  }\n#mailpoet_form_3 .mailpoet_form_loading { width: 30px; text-align: center; line-height: normal; }\n#mailpoet_form_3 .mailpoet_form_loading > span { width: 5px; height: 5px; background-color: #5b5b5b; }#mailpoet_form_3{border-radius: 0px;text-align: left;}#mailpoet_form_3 form.mailpoet_form {padding: 20px;}#mailpoet_form_3{width: 100%;}#mailpoet_form_3 .mailpoet_message {margin: 0; padding: 0 20px;}#mailpoet_form_3 .mailpoet_paragraph.last {margin-bottom: 0} @media (max-width: 500px) {#mailpoet_form_3 {background-image: none;}} @media (min-width: 500px) {#mailpoet_form_3 .last .mailpoet_paragraph:last-child {margin-bottom: 0}}  @media (max-width: 500px) {#mailpoet_form_3 .mailpoet_form_column:last-child .mailpoet_paragraph:last-child {margin-bottom: 0}} \n    <\/style>\n\n    <form\n      target=\"_self\"\n      method=\"post\"\n      action=\"https:\/\/masfm.com\/emisora\/wp-admin\/admin-post.php?action=mailpoet_subscription_form\"\n      class=\"mailpoet_form mailpoet_form_form mailpoet_form_html\"\n      novalidate\n      data-delay=\"\"\n      data-exit-intent-enabled=\"\"\n      data-trigger-mode=\"\"\n      data-click-trigger-selector=\"\"\n      data-font-family=\"\"\n      data-cookie-expiration-time=\"\"\n    >\n      <input type=\"hidden\" name=\"data[form_id]\" value=\"3\" \/>\n      <input type=\"hidden\" name=\"token\" value=\"15609c62e5\" \/>\n      <input type=\"hidden\" name=\"api_version\" value=\"v1\" \/>\n      <input type=\"hidden\" name=\"endpoint\" value=\"subscribers\" \/>\n      <input type=\"hidden\" name=\"mailpoet_method\" value=\"subscribe\" \/>\n\n      <label class=\"mailpoet_hp_email_label\" style=\"display: none !important;\">Please leave this field empty<input type=\"email\" name=\"data[email]\"\/><\/label><div class='mailpoet_form_columns_container'><div class=\"mailpoet_form_columns mailpoet_paragraph mailpoet_stack_on_mobile\"><div class=\"mailpoet_form_column\"><div class=\"mailpoet_paragraph \"><input type=\"text\" autocomplete=\"given-name\" class=\"mailpoet_text\" id=\"form_first_name_3\" name=\"data[form_field_Mjg5ZDFmYWM5ZDQ5X2ZpcnN0X25hbWU=]\" title=\"Nombre\" value=\"\" style=\"width:100%;box-sizing:border-box;padding:5px;margin: 0 auto 0 0;\" data-automation-id=\"form_first_name\"  placeholder=\"Nombre\" aria-label=\"Nombre\" data-parsley-errors-container=\".mailpoet_error_azdk3\" data-parsley-names='[&quot;Please specify a valid name.&quot;,&quot;Addresses in names are not permitted, please add your name instead.&quot;]'\/><span class=\"mailpoet_error_azdk3\"><\/span><\/div>\n<\/div>\n<div class=\"mailpoet_form_column\"><div class=\"mailpoet_paragraph \"><input type=\"email\" autocomplete=\"email\" class=\"mailpoet_text\" id=\"form_email_3\" name=\"data[form_field_OGY2ODJhNTQxZjUxX2VtYWls]\" title=\"TU MAIL:\" value=\"\" style=\"width:100%;box-sizing:border-box;padding:5px;margin: 0 auto 0 0;\" data-automation-id=\"form_email\"  placeholder=\"TU MAIL: *\" aria-label=\"TU MAIL: *\" data-parsley-errors-container=\".mailpoet_error_1i8s9\" data-parsley-required=\"true\" required aria-required=\"true\" data-parsley-minlength=\"6\" data-parsley-maxlength=\"150\" data-parsley-type-message=\"This value should be a valid email.\" data-parsley-required-message=\"This field is required.\"\/><span class=\"mailpoet_error_1i8s9\"><\/span><\/div>\n<\/div>\n<div class=\"mailpoet_form_column\"><div class=\"mailpoet_paragraph \"><input type=\"submit\" class=\"mailpoet_submit\" value=\"SUMATE YA!\" data-automation-id=\"subscribe-submit-button\" style=\"width:100%;box-sizing:border-box;padding:5px;margin: 0 auto 0 0;border-color:transparent;\" \/><span class=\"mailpoet_form_loading\"><span class=\"mailpoet_bounce1\"><\/span><span class=\"mailpoet_bounce2\"><\/span><span class=\"mailpoet_bounce3\"><\/span><\/span><\/div>\n<\/div>\n<\/div><\/div>\n<div class='mailpoet_form_columns_container'><div class=\"mailpoet_form_columns mailpoet_paragraph mailpoet_stack_on_mobile\"><div class=\"mailpoet_form_column\"><\/div>\n<div class=\"mailpoet_form_column\"><\/div>\n<\/div><\/div>\n\n      <div class=\"mailpoet_message\">\n        <p class=\"mailpoet_validate_success\"\n                style=\"display:none;\"\n                >Revisa tu bandeja de entrada o la carpeta de spam para confirmar tu suscripci\u00f3n.\n        <\/p>\n        <p class=\"mailpoet_validate_error\"\n                style=\"display:none;\"\n                >        <\/p>\n      <\/div>\n    <\/form>\n\n      <\/div>\n\n  \n\n\n<figure class=\"wp-block-image size-full\"><img loading=\"lazy\" decoding=\"async\" width=\"1200\" height=\"675\" src=\"https:\/\/masfm.com\/emisora\/wp-content\/uploads\/2025\/11\/noche-perfecta-lo-nuevo-de-migrantes-portada.webp\" alt=\"noche-perfecta-lo-nuevo-de-migrantes-portada\" class=\"wp-image-30452\" title=\"Lleg\u00f3 &quot;Noche Perfecta&quot;, lo nuevo de Migrantes y Nico Valdi.\" srcset=\"https:\/\/masfm.com\/emisora\/wp-content\/uploads\/2025\/11\/noche-perfecta-lo-nuevo-de-migrantes-portada.webp 1200w, https:\/\/masfm.com\/emisora\/wp-content\/uploads\/2025\/11\/noche-perfecta-lo-nuevo-de-migrantes-portada-600x338.webp 600w, https:\/\/masfm.com\/emisora\/wp-content\/uploads\/2025\/11\/noche-perfecta-lo-nuevo-de-migrantes-portada-768x432.webp 768w\" sizes=\"auto, (max-width: 1200px) 100vw, 1200px\" \/><\/figure>\n","protected":false},"excerpt":{"rendered":"<p>Migrantes y Nico Valdi unen fuerzas en &#8220;Noche Perfecta&#8221;: toda la info, la letra y el video est\u00e1n ac\u00e1! Lleg\u00f3 &#8220;Noche Perfecta&#8221;, lo nuevo de Migrantes y Nico Valdi. Tras la salida de &#8220;Sin Definici\u00f3n&#8221;, el tema que marc\u00f3 el inicio de una serie de lanzamientos pensados para el verano 2026, el d\u00fao oriundo de&hellip;<\/p>\n","protected":false},"author":4,"featured_media":30452,"comment_status":"closed","ping_status":"open","sticky":false,"template":"","format":"video","meta":{"footnotes":""},"categories":[2],"tags":[48,47,46,524,13,1252,14,23],"class_list":["post-30446","post","type-post","status-publish","format-video","has-post-thumbnail","hentry","category-noticias","tag-esporaca","tag-laradioqueseve","tag-masfm959","tag-migrantes","tag-musica","tag-nico-valdi","tag-noticias","tag-video","post_format-post-format-video"],"amp_enabled":true,"_links":{"self":[{"href":"https:\/\/masfm.com\/emisora\/wp-json\/wp\/v2\/posts\/30446","targetHints":{"allow":["GET"]}}],"collection":[{"href":"https:\/\/masfm.com\/emisora\/wp-json\/wp\/v2\/posts"}],"about":[{"href":"https:\/\/masfm.com\/emisora\/wp-json\/wp\/v2\/types\/post"}],"author":[{"embeddable":true,"href":"https:\/\/masfm.com\/emisora\/wp-json\/wp\/v2\/users\/4"}],"replies":[{"embeddable":true,"href":"https:\/\/masfm.com\/emisora\/wp-json\/wp\/v2\/comments?post=30446"}],"version-history":[{"count":0,"href":"https:\/\/masfm.com\/emisora\/wp-json\/wp\/v2\/posts\/30446\/revisions"}],"wp:featuredmedia":[{"embeddable":true,"href":"https:\/\/masfm.com\/emisora\/wp-json\/wp\/v2\/media\/30452"}],"wp:attachment":[{"href":"https:\/\/masfm.com\/emisora\/wp-json\/wp\/v2\/media?parent=30446"}],"wp:term":[{"taxonomy":"category","embeddable":true,"href":"https:\/\/masfm.com\/emisora\/wp-json\/wp\/v2\/categories?post=30446"},{"taxonomy":"post_tag","embeddable":true,"href":"https:\/\/masfm.com\/emisora\/wp-json\/wp\/v2\/tags?post=30446"}],"curies":[{"name":"wp","href":"https:\/\/api.w.org\/{rel}","templated":true}]}}