{"id":3183,"date":"2017-08-28T15:43:18","date_gmt":"2017-08-28T15:43:18","guid":{"rendered":"http:\/\/www.masfm.com.ar\/emisora\/?p=3183"},"modified":"2025-07-13T18:34:34","modified_gmt":"2025-07-13T21:34:34","slug":"yo-te-amo","status":"publish","type":"post","link":"https:\/\/masfm.com\/emisora\/yo-te-amo\/","title":{"rendered":"LOS RATONES ESTRENAN &#8220;YO TE AMO&#8221;."},"content":{"rendered":"\n<figure class=\"wp-block-image size-full\"><img loading=\"lazy\" decoding=\"async\" width=\"690\" height=\"330\" src=\"https:\/\/masfm.com\/emisora\/wp-content\/uploads\/2017\/06\/noticias-ratones-paranoicos.jpg\" alt=\"Los Ratones Paranoicos lanzaron su nuevo single, \u201cYo te amo\u201d, anticipando lo que ser\u00e1 la presentaci\u00f3n de la banda en su regreso, el 16 de septiembre en el Hip\u00f3dromo de Palermo.\" class=\"wp-image-2524\" title=\"Los Ratones Paranoicos lanzaron su nuevo single, \u201cYo te amo\u201d, anticipando lo que ser\u00e1 la presentaci\u00f3n de la banda en su regreso, el 16 de septiembre en el Hip\u00f3dromo de Palermo.\" srcset=\"https:\/\/masfm.com\/emisora\/wp-content\/uploads\/2017\/06\/noticias-ratones-paranoicos.jpg 690w, https:\/\/masfm.com\/emisora\/wp-content\/uploads\/2017\/06\/noticias-ratones-paranoicos-345x165.jpg 345w, https:\/\/masfm.com\/emisora\/wp-content\/uploads\/2017\/06\/noticias-ratones-paranoicos-600x287.jpg 600w, https:\/\/masfm.com\/emisora\/wp-content\/uploads\/2017\/06\/noticias-ratones-paranoicos-30x14.jpg 30w, https:\/\/masfm.com\/emisora\/wp-content\/uploads\/2017\/06\/noticias-ratones-paranoicos-560x268.jpg 560w\" sizes=\"auto, (max-width: 690px) 100vw, 690px\" \/><\/figure>\n\n\n\n<p>Los Ratones Paranoicos lanzaron su nuevo single, \u201cYo te amo\u201d, anticipando lo que ser\u00e1 la presentaci\u00f3n de la banda en su regreso, el 16 de septiembre en el Hip\u00f3dromo de Palermo.<\/p>\n\n\n\n<p>La canci\u00f3n fue grabada y mezclada en El Pie Recording por Max Scenna, quien tambi\u00e9n la coprodujo junto a Juanse.<\/p>\n\n\n\n<p>La banda que se completa con Pablo \u201cSarc\u00f3fago\u201d Cano en guitarra, Pablo Memi en bajo y Rub\u00e9n \u201cRoy\u201d Quiroga en bater\u00eda no descarta que se sumen algunas actuaciones m\u00e1s en el interior del pa\u00eds.<\/p>\n\n\n\n<p>Las entradas para la \u00fanica fecha confirmada hasta el momento est\u00e1n disponibles a trav\u00e9s de TuEntrada.com y en puntos de venta asignados.<\/p>\n\n\n\n<p>En una reciente conferencia de prensa, los Ratones explicaron los motivos de su separaci\u00f3n y del operativo retorno. \u201cNunca fuimos de decir \u2018vamos a escondernos para generar expectativas y despu\u00e9s llenar este o cual lugar\u2019. Del 92 al 2010 nunca bajamos de los 90 o 120 shows anuales, y eso ejerci\u00f3 una presi\u00f3n sobre nosotros, en particular sobre m\u00ed\u201d, coment\u00f3 Juanse.<\/p>\n\n\n\n<p>Despu\u00e9s, al reconocer que el punto de partida de esta vuelta fue una campa\u00f1a en Facebook hecha por sus propios fans, traz\u00f3 una analog\u00eda particular con un recuerdo de su infancia. \u201cCuando yo era chico se estilaba mucho en Mar del Plata en temporada alta eso de los espect\u00e1culos con funciones \u2018a pedido del p\u00fablico\u2019. Este es un regreso a pedido del p\u00fablico, as\u00ed que estamos muy agradecidos\u201d.<\/p>\n\n\n\n<h2 class=\"wp-block-heading\" id=\"ya-lo-sumamos\">\u00a1Ya sumamos &#8220;Yo te amo&#8221;!<\/h2>\n\n\n\n<p>Los mejores videos de Los Ratones Paranoicos ya forman parte de nuestra programaci\u00f3n, la cual desde hace M\u00e1s de dos d\u00e9cadas, la disfrut\u00e1s 100 % con im\u00e1genes.<\/p>\n\n\n\n<p>Acordate, pod\u00e9s mirarnos desde tu compu, tablet, notebook o Smart TV con s\u00f3lo&nbsp;<a href=\"https:\/\/masfm.com\/emisora\/#section-custom-content-2\" target=\"_blank\" rel=\"noreferrer noopener\">entrar ac\u00e1<\/a>.<\/p>\n\n\n\n<p>Si prefer\u00eds que la experiencia sea por medio de tu celular, bajate la App gratuitamente&nbsp;<a href=\"https:\/\/masfm.pryx.com.ar\/install\/\" target=\"_blank\" rel=\"noreferrer noopener\">desde ac\u00e1<\/a>&nbsp;y miranos desde cualquier parte del mundo, a la hora que quieras!<\/p>\n\n\n\n<p>Estamos las 24 horas con la mejor m\u00fasica y sus clips.<\/p>\n\n\n\n<h2 class=\"wp-block-heading\" id=\"registrate-a-mas-fm-95-9\">\u00a1Registrate a M\u00e1s FM 95 9!<\/h2>\n\n\n  \n  \n  <div class=\"\n    mailpoet_form_popup_overlay\n      \"><\/div>\n  <div\n    id=\"mailpoet_form_3\"\n    class=\"\n      mailpoet_form\n      mailpoet_form_html\n      mailpoet_form_position_\n      mailpoet_form_animation_\n    \"\n      >\n\n    <style type=\"text\/css\">\n     #mailpoet_form_3 .mailpoet_form {  }\n#mailpoet_form_3 .mailpoet_column_with_background { padding: 10px; }\n#mailpoet_form_3 .mailpoet_form_column:not(:first-child) { margin-left: 20px; }\n#mailpoet_form_3 .mailpoet_paragraph { line-height: 20px; margin-bottom: 20px; }\n#mailpoet_form_3 .mailpoet_segment_label, #mailpoet_form_3 .mailpoet_text_label, #mailpoet_form_3 .mailpoet_textarea_label, #mailpoet_form_3 .mailpoet_select_label, #mailpoet_form_3 .mailpoet_radio_label, #mailpoet_form_3 .mailpoet_checkbox_label, #mailpoet_form_3 .mailpoet_list_label, #mailpoet_form_3 .mailpoet_date_label { display: block; font-weight: normal; }\n#mailpoet_form_3 .mailpoet_text, #mailpoet_form_3 .mailpoet_textarea, #mailpoet_form_3 .mailpoet_select, #mailpoet_form_3 .mailpoet_date_month, #mailpoet_form_3 .mailpoet_date_day, #mailpoet_form_3 .mailpoet_date_year, #mailpoet_form_3 .mailpoet_date { display: block; }\n#mailpoet_form_3 .mailpoet_text, #mailpoet_form_3 .mailpoet_textarea { width: 200px; }\n#mailpoet_form_3 .mailpoet_checkbox {  }\n#mailpoet_form_3 .mailpoet_submit {  }\n#mailpoet_form_3 .mailpoet_divider {  }\n#mailpoet_form_3 .mailpoet_message {  }\n#mailpoet_form_3 .mailpoet_form_loading { width: 30px; text-align: center; line-height: normal; }\n#mailpoet_form_3 .mailpoet_form_loading > span { width: 5px; height: 5px; background-color: #5b5b5b; }#mailpoet_form_3{border-radius: 0px;text-align: left;}#mailpoet_form_3 form.mailpoet_form {padding: 20px;}#mailpoet_form_3{width: 100%;}#mailpoet_form_3 .mailpoet_message {margin: 0; padding: 0 20px;}#mailpoet_form_3 .mailpoet_paragraph.last {margin-bottom: 0} @media (max-width: 500px) {#mailpoet_form_3 {background-image: none;}} @media (min-width: 500px) {#mailpoet_form_3 .last .mailpoet_paragraph:last-child {margin-bottom: 0}}  @media (max-width: 500px) {#mailpoet_form_3 .mailpoet_form_column:last-child .mailpoet_paragraph:last-child {margin-bottom: 0}} \n    <\/style>\n\n    <form\n      target=\"_self\"\n      method=\"post\"\n      action=\"https:\/\/masfm.com\/emisora\/wp-admin\/admin-post.php?action=mailpoet_subscription_form\"\n      class=\"mailpoet_form mailpoet_form_form mailpoet_form_html\"\n      novalidate\n      data-delay=\"\"\n      data-exit-intent-enabled=\"\"\n      data-trigger-mode=\"\"\n      data-click-trigger-selector=\"\"\n      data-font-family=\"\"\n      data-cookie-expiration-time=\"\"\n    >\n      <input type=\"hidden\" name=\"data[form_id]\" value=\"3\" \/>\n      <input type=\"hidden\" name=\"token\" value=\"eeed3e4855\" \/>\n      <input type=\"hidden\" name=\"api_version\" value=\"v1\" \/>\n      <input type=\"hidden\" name=\"endpoint\" value=\"subscribers\" \/>\n      <input type=\"hidden\" name=\"mailpoet_method\" value=\"subscribe\" \/>\n\n      <label class=\"mailpoet_hp_email_label\" style=\"display: none !important;\">Please leave this field empty<input type=\"email\" name=\"data[email]\"\/><\/label><div class='mailpoet_form_columns_container'><div class=\"mailpoet_form_columns mailpoet_paragraph mailpoet_stack_on_mobile\"><div class=\"mailpoet_form_column\"><div class=\"mailpoet_paragraph \"><input type=\"text\" autocomplete=\"given-name\" class=\"mailpoet_text\" id=\"form_first_name_3\" name=\"data[form_field_Mjg5ZDFmYWM5ZDQ5X2ZpcnN0X25hbWU=]\" title=\"Nombre\" value=\"\" style=\"width:100%;box-sizing:border-box;padding:5px;margin: 0 auto 0 0;\" data-automation-id=\"form_first_name\"  placeholder=\"Nombre\" aria-label=\"Nombre\" data-parsley-errors-container=\".mailpoet_error_11rje\" data-parsley-names='[&quot;Please specify a valid name.&quot;,&quot;Addresses in names are not permitted, please add your name instead.&quot;]'\/><span class=\"mailpoet_error_11rje\"><\/span><\/div>\n<\/div>\n<div class=\"mailpoet_form_column\"><div class=\"mailpoet_paragraph \"><input type=\"email\" autocomplete=\"email\" class=\"mailpoet_text\" id=\"form_email_3\" name=\"data[form_field_OGY2ODJhNTQxZjUxX2VtYWls]\" title=\"TU MAIL:\" value=\"\" style=\"width:100%;box-sizing:border-box;padding:5px;margin: 0 auto 0 0;\" data-automation-id=\"form_email\"  placeholder=\"TU MAIL: *\" aria-label=\"TU MAIL: *\" data-parsley-errors-container=\".mailpoet_error_va61l\" data-parsley-required=\"true\" required aria-required=\"true\" data-parsley-minlength=\"6\" data-parsley-maxlength=\"150\" data-parsley-type-message=\"This value should be a valid email.\" data-parsley-required-message=\"This field is required.\"\/><span class=\"mailpoet_error_va61l\"><\/span><\/div>\n<\/div>\n<div class=\"mailpoet_form_column\"><div class=\"mailpoet_paragraph \"><input type=\"submit\" class=\"mailpoet_submit\" value=\"SUMATE YA!\" data-automation-id=\"subscribe-submit-button\" style=\"width:100%;box-sizing:border-box;padding:5px;margin: 0 auto 0 0;border-color:transparent;\" \/><span class=\"mailpoet_form_loading\"><span class=\"mailpoet_bounce1\"><\/span><span class=\"mailpoet_bounce2\"><\/span><span class=\"mailpoet_bounce3\"><\/span><\/span><\/div>\n<\/div>\n<\/div><\/div>\n<div class='mailpoet_form_columns_container'><div class=\"mailpoet_form_columns mailpoet_paragraph mailpoet_stack_on_mobile\"><div class=\"mailpoet_form_column\"><\/div>\n<div class=\"mailpoet_form_column\"><\/div>\n<\/div><\/div>\n\n      <div class=\"mailpoet_message\">\n        <p class=\"mailpoet_validate_success\"\n                style=\"display:none;\"\n                >Revisa tu bandeja de entrada o la carpeta de spam para confirmar tu suscripci\u00f3n.\n        <\/p>\n        <p class=\"mailpoet_validate_error\"\n                style=\"display:none;\"\n                >        <\/p>\n      <\/div>\n    <\/form>\n\n      <\/div>\n\n  \n\n\n<figure class=\"wp-block-image size-full\"><img loading=\"lazy\" decoding=\"async\" width=\"690\" height=\"330\" src=\"https:\/\/masfm.com\/emisora\/wp-content\/uploads\/2017\/06\/noticias-ratones-paranoicos.jpg\" alt=\"Los Ratones Paranoicos lanzaron su nuevo single, \u201cYo te amo\u201d, anticipando lo que ser\u00e1 la presentaci\u00f3n de la banda en su regreso, el 16 de septiembre en el Hip\u00f3dromo de Palermo.\" class=\"wp-image-2524\" title=\"Los Ratones Paranoicos lanzaron su nuevo single, \u201cYo te amo\u201d, anticipando lo que ser\u00e1 la presentaci\u00f3n de la banda en su regreso, el 16 de septiembre en el Hip\u00f3dromo de Palermo.\" srcset=\"https:\/\/masfm.com\/emisora\/wp-content\/uploads\/2017\/06\/noticias-ratones-paranoicos.jpg 690w, https:\/\/masfm.com\/emisora\/wp-content\/uploads\/2017\/06\/noticias-ratones-paranoicos-345x165.jpg 345w, https:\/\/masfm.com\/emisora\/wp-content\/uploads\/2017\/06\/noticias-ratones-paranoicos-600x287.jpg 600w, https:\/\/masfm.com\/emisora\/wp-content\/uploads\/2017\/06\/noticias-ratones-paranoicos-30x14.jpg 30w, https:\/\/masfm.com\/emisora\/wp-content\/uploads\/2017\/06\/noticias-ratones-paranoicos-560x268.jpg 560w\" sizes=\"auto, (max-width: 690px) 100vw, 690px\" \/><\/figure>\n","protected":false},"excerpt":{"rendered":"<p>Los Ratones Paranoicos lanzaron su nuevo single, \u201cYo te amo\u201d, anticipando lo que ser\u00e1 la presentaci\u00f3n de la banda en su regreso, el 16 de septiembre en el Hip\u00f3dromo de Palermo. La canci\u00f3n fue grabada y mezclada en El Pie Recording por Max Scenna, quien tambi\u00e9n la coprodujo junto a Juanse. La banda que se&hellip;<\/p>\n","protected":false},"author":4,"featured_media":3185,"comment_status":"closed","ping_status":"open","sticky":false,"template":"","format":"video","meta":{"footnotes":""},"categories":[2],"tags":[13,14],"class_list":["post-3183","post","type-post","status-publish","format-video","has-post-thumbnail","hentry","category-noticias","tag-musica","tag-noticias","post_format-post-format-video"],"amp_enabled":true,"_links":{"self":[{"href":"https:\/\/masfm.com\/emisora\/wp-json\/wp\/v2\/posts\/3183","targetHints":{"allow":["GET"]}}],"collection":[{"href":"https:\/\/masfm.com\/emisora\/wp-json\/wp\/v2\/posts"}],"about":[{"href":"https:\/\/masfm.com\/emisora\/wp-json\/wp\/v2\/types\/post"}],"author":[{"embeddable":true,"href":"https:\/\/masfm.com\/emisora\/wp-json\/wp\/v2\/users\/4"}],"replies":[{"embeddable":true,"href":"https:\/\/masfm.com\/emisora\/wp-json\/wp\/v2\/comments?post=3183"}],"version-history":[{"count":0,"href":"https:\/\/masfm.com\/emisora\/wp-json\/wp\/v2\/posts\/3183\/revisions"}],"wp:featuredmedia":[{"embeddable":true,"href":"https:\/\/masfm.com\/emisora\/wp-json\/wp\/v2\/media\/3185"}],"wp:attachment":[{"href":"https:\/\/masfm.com\/emisora\/wp-json\/wp\/v2\/media?parent=3183"}],"wp:term":[{"taxonomy":"category","embeddable":true,"href":"https:\/\/masfm.com\/emisora\/wp-json\/wp\/v2\/categories?post=3183"},{"taxonomy":"post_tag","embeddable":true,"href":"https:\/\/masfm.com\/emisora\/wp-json\/wp\/v2\/tags?post=3183"}],"curies":[{"name":"wp","href":"https:\/\/api.w.org\/{rel}","templated":true}]}}