{"id":3507,"date":"2017-09-14T14:46:38","date_gmt":"2017-09-14T14:46:38","guid":{"rendered":"http:\/\/www.masfm.com.ar\/emisora\/?p=3507"},"modified":"2017-09-14T16:27:55","modified_gmt":"2017-09-14T16:27:55","slug":"sangrefuego","status":"publish","type":"post","link":"https:\/\/masfm.com\/emisora\/sangrefuego\/","title":{"rendered":"Sangre&#038;Fuego."},"content":{"rendered":"<p>La banda rosarina acaba de regresar de su tercera gira por Espa\u00f1a, en donde en esta oportunidad adem\u00e1s de los conciertos realizados han registrado su nuevo disco de estudio.<\/p>\n<p>Durante tres semanas del mes de agosto los Bulldog estuvieron en Reinosa, un peque\u00f1o pueblo de Cantabria al norte de Espa\u00f1a en los Estudios Clip y bajo la producci\u00f3n de Fernando G. Miguel (productor y guitarrista del grupo La Fuga) trabajando en la nueva placa, que contiene 10 canciones y contar\u00e1 con invitados especiales como: Kutxi Romero (Marea) y Fernando Madina (Reincidentes) dos de las voces m\u00e1s reconocidas del rock espa\u00f1ol.<\/p>\n<p>El nuevo disco se llamar\u00e1 &#8220;Sangre&amp;Fuego&#8221;, del cual se desprende el primer adelanto y que ser\u00e1 lanzado y presentado en sociedad el viernes 29 de septiembre en el Teatro Colegiales (Av. Federico Lacroze 3455) y a partir de all\u00ed comenzar\u00e1 la gira nacional que los tendr\u00e1 visitando las principales capitales de Argentina hasta fin de a\u00f1o en la que se espera un importante cierre en un gran lugar de Buenos Aires para el mes de diciembre.<\/p>\n<p><img loading=\"lazy\" decoding=\"async\" class=\"alignnone size-full wp-image-3517\" src=\"http:\/\/www.masfm.com.ar\/emisora\/wp-content\/uploads\/2017\/09\/noticias-BULLDOG2.jpg\" alt=\"\" width=\"690\" height=\"330\" title=\"\" srcset=\"https:\/\/masfm.com\/emisora\/wp-content\/uploads\/2017\/09\/noticias-BULLDOG2.jpg 690w, https:\/\/masfm.com\/emisora\/wp-content\/uploads\/2017\/09\/noticias-BULLDOG2-345x165.jpg 345w, https:\/\/masfm.com\/emisora\/wp-content\/uploads\/2017\/09\/noticias-BULLDOG2-600x287.jpg 600w, https:\/\/masfm.com\/emisora\/wp-content\/uploads\/2017\/09\/noticias-BULLDOG2-560x268.jpg 560w\" sizes=\"auto, (max-width: 690px) 100vw, 690px\" \/><\/p>\n","protected":false},"excerpt":{"rendered":"<p>La banda rosarina acaba de regresar de su tercera gira por Espa\u00f1a, en donde en esta oportunidad adem\u00e1s de los conciertos realizados han registrado su nuevo disco de estudio. Durante tres semanas del mes de agosto los Bulldog estuvieron en Reinosa, un peque\u00f1o pueblo de Cantabria al norte de Espa\u00f1a en los Estudios Clip y&hellip;<\/p>\n","protected":false},"author":4,"featured_media":3516,"comment_status":"closed","ping_status":"open","sticky":false,"template":"","format":"video","meta":{"footnotes":""},"categories":[2],"tags":[13,14,24],"class_list":["post-3507","post","type-post","status-publish","format-video","has-post-thumbnail","hentry","category-noticias","tag-musica","tag-noticias","tag-videos","post_format-post-format-video"],"amp_enabled":true,"_links":{"self":[{"href":"https:\/\/masfm.com\/emisora\/wp-json\/wp\/v2\/posts\/3507","targetHints":{"allow":["GET"]}}],"collection":[{"href":"https:\/\/masfm.com\/emisora\/wp-json\/wp\/v2\/posts"}],"about":[{"href":"https:\/\/masfm.com\/emisora\/wp-json\/wp\/v2\/types\/post"}],"author":[{"embeddable":true,"href":"https:\/\/masfm.com\/emisora\/wp-json\/wp\/v2\/users\/4"}],"replies":[{"embeddable":true,"href":"https:\/\/masfm.com\/emisora\/wp-json\/wp\/v2\/comments?post=3507"}],"version-history":[{"count":0,"href":"https:\/\/masfm.com\/emisora\/wp-json\/wp\/v2\/posts\/3507\/revisions"}],"wp:featuredmedia":[{"embeddable":true,"href":"https:\/\/masfm.com\/emisora\/wp-json\/wp\/v2\/media\/3516"}],"wp:attachment":[{"href":"https:\/\/masfm.com\/emisora\/wp-json\/wp\/v2\/media?parent=3507"}],"wp:term":[{"taxonomy":"category","embeddable":true,"href":"https:\/\/masfm.com\/emisora\/wp-json\/wp\/v2\/categories?post=3507"},{"taxonomy":"post_tag","embeddable":true,"href":"https:\/\/masfm.com\/emisora\/wp-json\/wp\/v2\/tags?post=3507"}],"curies":[{"name":"wp","href":"https:\/\/api.w.org\/{rel}","templated":true}]}}