{"id":3888,"date":"2017-10-05T16:01:43","date_gmt":"2017-10-05T16:01:43","guid":{"rendered":"http:\/\/www.masfm.com.ar\/emisora\/?p=3888"},"modified":"2017-10-05T19:30:07","modified_gmt":"2017-10-05T19:30:07","slug":"uno-en-un-millon","status":"publish","type":"post","link":"https:\/\/masfm.com\/emisora\/uno-en-un-millon\/","title":{"rendered":"Uno en un mill\u00f3n."},"content":{"rendered":"<p>Banda de Turistas presenta el single &#8220;Uno En Un Mill\u00f3n&#8221;, adelanto de su esperado quinto \u00e1lbum de estudio con fecha de lanzamiento el 13 de octubre en CD y plataformas digitales.<\/p>\n<p>En voz del bajista y cantante Bruno Albano, la canci\u00f3n refleja el particular universo del grupo en el que lo diferente es algo normal y &#8220;todo puede ser&#8221;.<\/p>\n<p>Con m\u00e1s de 10 a\u00f1os de trayectoria, el grupo integrado por Bruno Albano (voz y bajo), Tom\u00e1s Putruele (voz y guitarra), Luis Balcarce (guitarra y voz), Patricio Troncoso (sintetizador), Guido Colzani (bater\u00eda), tienen listo su nuevo material que consta de 11 canciones in\u00e9ditas y que saldr\u00e1n bajo el t\u00edtulo de &#8220;Mancho&#8221;.<\/p>\n<p><img loading=\"lazy\" decoding=\"async\" class=\"alignnone size-full wp-image-3928\" src=\"http:\/\/www.masfm.com.ar\/emisora\/wp-content\/uploads\/2017\/10\/noticias-banda-de-turistas-2.jpg\" alt=\"\" width=\"690\" height=\"330\" title=\"\" srcset=\"https:\/\/masfm.com\/emisora\/wp-content\/uploads\/2017\/10\/noticias-banda-de-turistas-2.jpg 690w, https:\/\/masfm.com\/emisora\/wp-content\/uploads\/2017\/10\/noticias-banda-de-turistas-2-345x165.jpg 345w, https:\/\/masfm.com\/emisora\/wp-content\/uploads\/2017\/10\/noticias-banda-de-turistas-2-600x287.jpg 600w, https:\/\/masfm.com\/emisora\/wp-content\/uploads\/2017\/10\/noticias-banda-de-turistas-2-560x268.jpg 560w\" sizes=\"auto, (max-width: 690px) 100vw, 690px\" \/><\/p>\n","protected":false},"excerpt":{"rendered":"<p>Banda de Turistas presenta el single &#8220;Uno En Un Mill\u00f3n&#8221;, adelanto de su esperado quinto \u00e1lbum de estudio con fecha de lanzamiento el 13 de octubre en CD y plataformas digitales. En voz del bajista y cantante Bruno Albano, la canci\u00f3n refleja el particular universo del grupo en el que lo diferente es algo normal&hellip;<\/p>\n","protected":false},"author":4,"featured_media":3927,"comment_status":"closed","ping_status":"open","sticky":false,"template":"","format":"video","meta":{"footnotes":""},"categories":[2],"tags":[13,14,24],"class_list":["post-3888","post","type-post","status-publish","format-video","has-post-thumbnail","hentry","category-noticias","tag-musica","tag-noticias","tag-videos","post_format-post-format-video"],"amp_enabled":true,"_links":{"self":[{"href":"https:\/\/masfm.com\/emisora\/wp-json\/wp\/v2\/posts\/3888","targetHints":{"allow":["GET"]}}],"collection":[{"href":"https:\/\/masfm.com\/emisora\/wp-json\/wp\/v2\/posts"}],"about":[{"href":"https:\/\/masfm.com\/emisora\/wp-json\/wp\/v2\/types\/post"}],"author":[{"embeddable":true,"href":"https:\/\/masfm.com\/emisora\/wp-json\/wp\/v2\/users\/4"}],"replies":[{"embeddable":true,"href":"https:\/\/masfm.com\/emisora\/wp-json\/wp\/v2\/comments?post=3888"}],"version-history":[{"count":0,"href":"https:\/\/masfm.com\/emisora\/wp-json\/wp\/v2\/posts\/3888\/revisions"}],"wp:featuredmedia":[{"embeddable":true,"href":"https:\/\/masfm.com\/emisora\/wp-json\/wp\/v2\/media\/3927"}],"wp:attachment":[{"href":"https:\/\/masfm.com\/emisora\/wp-json\/wp\/v2\/media?parent=3888"}],"wp:term":[{"taxonomy":"category","embeddable":true,"href":"https:\/\/masfm.com\/emisora\/wp-json\/wp\/v2\/categories?post=3888"},{"taxonomy":"post_tag","embeddable":true,"href":"https:\/\/masfm.com\/emisora\/wp-json\/wp\/v2\/tags?post=3888"}],"curies":[{"name":"wp","href":"https:\/\/api.w.org\/{rel}","templated":true}]}}