{"id":3890,"date":"2017-10-04T14:22:10","date_gmt":"2017-10-04T14:22:10","guid":{"rendered":"http:\/\/www.masfm.com.ar\/emisora\/?p=3890"},"modified":"2017-10-04T20:28:48","modified_gmt":"2017-10-04T20:28:48","slug":"ismael-luego-de-20-anos","status":"publish","type":"post","link":"https:\/\/masfm.com\/emisora\/ismael-luego-de-20-anos\/","title":{"rendered":"Ismael luego de 20 a\u00f1os."},"content":{"rendered":"<p>Pasaron 20 a\u00f1os desde la edici\u00f3n de &#8220;Atrapados en Azul&#8221;, el primer disco de Ismael Serrano. Aquel \u00e1lbum marcar\u00eda un hito en la m\u00fasica en castellano: un muchacho de 23 a\u00f1os renovaba la mirada de un g\u00e9nero musical.<\/p>\n<p>Canciones como &#8220;Pap\u00e1, Cu\u00e9ntame Otra Vez&#8221; o &#8220;V\u00e9rtigo&#8221; se convert\u00edan en himnos para una generaci\u00f3n que buscaba referentes musicales y po\u00e9ticos con los que crecer.<\/p>\n<p>Para festejar este aniversario, Ismael Serrano hizo proyecto muy especial: &#8220;20 a\u00f1os. Hoy es Siempre&#8221;. El pr\u00f3ximo 27 de octubre lanzar\u00e1 este nuevo \u00e1lbum en directo. No se trata de un recopilatorio sino una suma en la hay una puesta al d\u00eda de sus mejores canciones (naturalmente &#8220;Pap\u00e1, Cu\u00e9ntame Otra Vez&#8221;, &#8220;Cien D\u00edas&#8221;, &#8220;Peque\u00f1a Criatura&#8221;) y temas in\u00e9ditos (&#8220;Ven&#8221;, &#8220;Agua y Aceite&#8221;, &#8220;Busco una Canci\u00f3n&#8221; y &#8220;Nieve&#8221;).<\/p>\n<p>Tambi\u00e9n habr\u00e1 sorprendentes versiones (&#8220;Ojal\u00e1&#8221; de Silvio Rodriguez, &#8220;Spaghetti del Rock&#8221; de Divididos, &#8220;Aguas Abril&#8221; de Luis Pastor, &#8220;Y Sin Embargo&#8221; de Joaqu\u00edn Sabina).<\/p>\n<p><img loading=\"lazy\" decoding=\"async\" class=\"alignnone size-full wp-image-3915\" src=\"http:\/\/www.masfm.com.ar\/emisora\/wp-content\/uploads\/2017\/10\/noticias-ismael-serrano-2.jpg\" alt=\"\" width=\"690\" height=\"330\" title=\"\" srcset=\"https:\/\/masfm.com\/emisora\/wp-content\/uploads\/2017\/10\/noticias-ismael-serrano-2.jpg 690w, https:\/\/masfm.com\/emisora\/wp-content\/uploads\/2017\/10\/noticias-ismael-serrano-2-345x165.jpg 345w, https:\/\/masfm.com\/emisora\/wp-content\/uploads\/2017\/10\/noticias-ismael-serrano-2-600x287.jpg 600w, https:\/\/masfm.com\/emisora\/wp-content\/uploads\/2017\/10\/noticias-ismael-serrano-2-560x268.jpg 560w\" sizes=\"auto, (max-width: 690px) 100vw, 690px\" \/><\/p>\n<p>&nbsp;<\/p>\n","protected":false},"excerpt":{"rendered":"<p>Pasaron 20 a\u00f1os desde la edici\u00f3n de &#8220;Atrapados en Azul&#8221;, el primer disco de Ismael Serrano. Aquel \u00e1lbum marcar\u00eda un hito en la m\u00fasica en castellano: un muchacho de 23 a\u00f1os renovaba la mirada de un g\u00e9nero musical. Canciones como &#8220;Pap\u00e1, Cu\u00e9ntame Otra Vez&#8221; o &#8220;V\u00e9rtigo&#8221; se convert\u00edan en himnos para una generaci\u00f3n que buscaba&hellip;<\/p>\n","protected":false},"author":4,"featured_media":3914,"comment_status":"closed","ping_status":"open","sticky":false,"template":"","format":"video","meta":{"footnotes":""},"categories":[2],"tags":[13,14,24],"class_list":["post-3890","post","type-post","status-publish","format-video","has-post-thumbnail","hentry","category-noticias","tag-musica","tag-noticias","tag-videos","post_format-post-format-video"],"amp_enabled":true,"_links":{"self":[{"href":"https:\/\/masfm.com\/emisora\/wp-json\/wp\/v2\/posts\/3890","targetHints":{"allow":["GET"]}}],"collection":[{"href":"https:\/\/masfm.com\/emisora\/wp-json\/wp\/v2\/posts"}],"about":[{"href":"https:\/\/masfm.com\/emisora\/wp-json\/wp\/v2\/types\/post"}],"author":[{"embeddable":true,"href":"https:\/\/masfm.com\/emisora\/wp-json\/wp\/v2\/users\/4"}],"replies":[{"embeddable":true,"href":"https:\/\/masfm.com\/emisora\/wp-json\/wp\/v2\/comments?post=3890"}],"version-history":[{"count":0,"href":"https:\/\/masfm.com\/emisora\/wp-json\/wp\/v2\/posts\/3890\/revisions"}],"wp:featuredmedia":[{"embeddable":true,"href":"https:\/\/masfm.com\/emisora\/wp-json\/wp\/v2\/media\/3914"}],"wp:attachment":[{"href":"https:\/\/masfm.com\/emisora\/wp-json\/wp\/v2\/media?parent=3890"}],"wp:term":[{"taxonomy":"category","embeddable":true,"href":"https:\/\/masfm.com\/emisora\/wp-json\/wp\/v2\/categories?post=3890"},{"taxonomy":"post_tag","embeddable":true,"href":"https:\/\/masfm.com\/emisora\/wp-json\/wp\/v2\/tags?post=3890"}],"curies":[{"name":"wp","href":"https:\/\/api.w.org\/{rel}","templated":true}]}}