{"id":4009,"date":"2017-10-17T15:37:21","date_gmt":"2017-10-17T15:37:21","guid":{"rendered":"http:\/\/www.masfm.com.ar\/emisora\/?p=4009"},"modified":"2017-10-18T17:06:26","modified_gmt":"2017-10-18T17:06:26","slug":"llega-enero-para-miranda","status":"publish","type":"post","link":"https:\/\/masfm.com\/emisora\/llega-enero-para-miranda\/","title":{"rendered":"Llega &#8220;Enero&#8221; para Miranda!"},"content":{"rendered":"<p>La banda electro-pop N\u00b0 1 de Argentina estrena video junto a Jes\u00fas Navarro (Reik).<\/p>\n<p>\u201cEnero\u201d forma parte del \u00faltimo \u00e1lbum de la banda Fuerte, el cu\u00e1l se encuentra nominado a los premios Latin Grammy 2017 como \u201cMejor \u00c1lbum de Pop-Rock\u201d.<\/p>\n<p>Se trata de una canci\u00f3n en pulso retro disco soul. Cuenta la historia de quien recuerda un viejo y tortuoso amor que le dej\u00f3 marcas imborrables. En definitiva, se alegra por haber tenido la lucidez de rescatarse y salir inmune.<\/p>\n<p>\u201cFilmamos este video pensando especialmente en nuestro invitado (Jes\u00fas) y en homenajear a M\u00e9xico, su est\u00e9tica su cultura y sus costumbres, en un a\u00f1o en el que estamos profundamente emocionados con restablecer el v\u00ednculo con nuestro p\u00fablico mexicano que tantas demostraciones de amor nos ha dado\u201d.<\/p>\n<p><img loading=\"lazy\" decoding=\"async\" class=\"alignnone size-full wp-image-4029\" src=\"http:\/\/www.masfm.com.ar\/emisora\/wp-content\/uploads\/2017\/10\/noticias-MIRANDA2.jpg\" alt=\"\" width=\"690\" height=\"330\" title=\"\" srcset=\"https:\/\/masfm.com\/emisora\/wp-content\/uploads\/2017\/10\/noticias-MIRANDA2.jpg 690w, https:\/\/masfm.com\/emisora\/wp-content\/uploads\/2017\/10\/noticias-MIRANDA2-345x165.jpg 345w, https:\/\/masfm.com\/emisora\/wp-content\/uploads\/2017\/10\/noticias-MIRANDA2-600x287.jpg 600w, https:\/\/masfm.com\/emisora\/wp-content\/uploads\/2017\/10\/noticias-MIRANDA2-560x268.jpg 560w\" sizes=\"auto, (max-width: 690px) 100vw, 690px\" \/><\/p>\n","protected":false},"excerpt":{"rendered":"<p>La banda electro-pop N\u00b0 1 de Argentina estrena video junto a Jes\u00fas Navarro (Reik). \u201cEnero\u201d forma parte del \u00faltimo \u00e1lbum de la banda Fuerte, el cu\u00e1l se encuentra nominado a los premios Latin Grammy 2017 como \u201cMejor \u00c1lbum de Pop-Rock\u201d. Se trata de una canci\u00f3n en pulso retro disco soul. Cuenta la historia de quien&hellip;<\/p>\n","protected":false},"author":4,"featured_media":4028,"comment_status":"closed","ping_status":"open","sticky":false,"template":"","format":"video","meta":{"footnotes":""},"categories":[2],"tags":[13,14,24],"class_list":["post-4009","post","type-post","status-publish","format-video","has-post-thumbnail","hentry","category-noticias","tag-musica","tag-noticias","tag-videos","post_format-post-format-video"],"amp_enabled":true,"_links":{"self":[{"href":"https:\/\/masfm.com\/emisora\/wp-json\/wp\/v2\/posts\/4009","targetHints":{"allow":["GET"]}}],"collection":[{"href":"https:\/\/masfm.com\/emisora\/wp-json\/wp\/v2\/posts"}],"about":[{"href":"https:\/\/masfm.com\/emisora\/wp-json\/wp\/v2\/types\/post"}],"author":[{"embeddable":true,"href":"https:\/\/masfm.com\/emisora\/wp-json\/wp\/v2\/users\/4"}],"replies":[{"embeddable":true,"href":"https:\/\/masfm.com\/emisora\/wp-json\/wp\/v2\/comments?post=4009"}],"version-history":[{"count":0,"href":"https:\/\/masfm.com\/emisora\/wp-json\/wp\/v2\/posts\/4009\/revisions"}],"wp:featuredmedia":[{"embeddable":true,"href":"https:\/\/masfm.com\/emisora\/wp-json\/wp\/v2\/media\/4028"}],"wp:attachment":[{"href":"https:\/\/masfm.com\/emisora\/wp-json\/wp\/v2\/media?parent=4009"}],"wp:term":[{"taxonomy":"category","embeddable":true,"href":"https:\/\/masfm.com\/emisora\/wp-json\/wp\/v2\/categories?post=4009"},{"taxonomy":"post_tag","embeddable":true,"href":"https:\/\/masfm.com\/emisora\/wp-json\/wp\/v2\/tags?post=4009"}],"curies":[{"name":"wp","href":"https:\/\/api.w.org\/{rel}","templated":true}]}}