{"id":4130,"date":"2017-10-30T20:50:01","date_gmt":"2017-10-30T20:50:01","guid":{"rendered":"http:\/\/www.masfm.com.ar\/emisora\/?p=4130"},"modified":"2017-11-07T20:24:33","modified_gmt":"2017-11-07T20:24:33","slug":"el-soldado-de-plomo","status":"publish","type":"post","link":"https:\/\/masfm.com\/emisora\/el-soldado-de-plomo\/","title":{"rendered":"El soldado de plomo."},"content":{"rendered":"<p>La banda de rock uruguaya presenta el segundo corte de difusi\u00f3n de su m\u00e1s reciente lanzamiento La Vela Puerca 20 A\u00f1os &#8211; Festejar para sobrevivir. Esta canci\u00f3n, originalmente editada en el \u00e1lbum \u00c9rase (2014), expone en su versi\u00f3n en vivo toda la potencia de uno de los grupos m\u00e1s sobresalientes del Rio de La Plata. El audio y videoclip fueron registrados en el marco del concierto celebrado el 19 de Noviembre de 2016 en el Vel\u00f3dromo Municipal de Montevideo, show que dio cierre a un extenso tour aniversario que hab\u00eda recorrido Argentina, Brasil, M\u00e9xico, Paraguay, Estados Unidos y Espa\u00f1a.<\/p>\n<p>La Vela Puerca 20 A\u00f1os &#8211; Festejar para sobrevivir es el registro audiovisual completo de aquel show en el Vel\u00f3dromo, que marc\u00f3 un hito inolvidable en la vida de la banda y en el coraz\u00f3n de sus seguidores. Desde el viernes 20 de Octubre &#8220;La Vela Puerca 20 A\u00f1os &#8211; Festejar para sobrevivir&#8221; est\u00e1 disponible en todo el mundo en tiendas digitales y en Argentina y Uruguay en 3 formatos f\u00edsicos: CD doble; vinilo; y edici\u00f3n triple de lujo que incluye doble cd, fotolibro de 44 p\u00e1ginas y dvd, que adem\u00e1s del show trae un documental que descubre la intimidad de la banda en gira, m\u00e1s un c\u00f3digo \u00fanico que brinda la posibilidad de descargar el material en full HD. Pr\u00f3ximamente la edici\u00f3n triple ser\u00e1 lanzada tambi\u00e9n en M\u00e9xico.<\/p>\n<p>Con este lanzamiento La Vela Puerca da un paso importante en su expansi\u00f3n digital, publicando por primera vez en su canal de Youtube el contenido total de una edici\u00f3n discogr\u00e1fica. El documental Festejar para sobrevivir ya puede verse en youtube.com\/lavelapuercavideos, mientras que el concierto completo estar\u00e1 disponible desde las 00 hs del viernes 27.<\/p>\n<p>En sus formatos f\u00edsicos, una suerte de pr\u00f3logo invita a disfrutar de lo nuevo de la banda:<\/p>\n<p>&#8220;\u2026Hay ocasiones para contemplar el camino andado, hacer una pausa y celebrar. Este fue un show retrospectivo, despu\u00e9s de mil conciertos, hecho con el mismo amor y dedicaci\u00f3n de siempre. Nos sobra con verlos bailando. Festejar para sobrevivir\u2026&#8221;<\/p>\n<p><img loading=\"lazy\" decoding=\"async\" class=\"alignnone size-full wp-image-4158\" src=\"http:\/\/www.masfm.com.ar\/emisora\/wp-content\/uploads\/2017\/10\/noticias-la-vela-puerca-2.jpg\" alt=\"\" width=\"690\" height=\"330\" title=\"\" srcset=\"https:\/\/masfm.com\/emisora\/wp-content\/uploads\/2017\/10\/noticias-la-vela-puerca-2.jpg 690w, https:\/\/masfm.com\/emisora\/wp-content\/uploads\/2017\/10\/noticias-la-vela-puerca-2-345x165.jpg 345w, https:\/\/masfm.com\/emisora\/wp-content\/uploads\/2017\/10\/noticias-la-vela-puerca-2-600x287.jpg 600w, https:\/\/masfm.com\/emisora\/wp-content\/uploads\/2017\/10\/noticias-la-vela-puerca-2-560x268.jpg 560w\" sizes=\"auto, (max-width: 690px) 100vw, 690px\" \/><\/p>\n","protected":false},"excerpt":{"rendered":"<p>La banda de rock uruguaya presenta el segundo corte de difusi\u00f3n de su m\u00e1s reciente lanzamiento La Vela Puerca 20 A\u00f1os &#8211; Festejar para sobrevivir. Esta canci\u00f3n, originalmente editada en el \u00e1lbum \u00c9rase (2014), expone en su versi\u00f3n en vivo toda la potencia de uno de los grupos m\u00e1s sobresalientes del Rio de La Plata.&hellip;<\/p>\n","protected":false},"author":4,"featured_media":4159,"comment_status":"closed","ping_status":"open","sticky":false,"template":"","format":"video","meta":{"footnotes":""},"categories":[2],"tags":[13,14,24],"class_list":["post-4130","post","type-post","status-publish","format-video","has-post-thumbnail","hentry","category-noticias","tag-musica","tag-noticias","tag-videos","post_format-post-format-video"],"amp_enabled":true,"_links":{"self":[{"href":"https:\/\/masfm.com\/emisora\/wp-json\/wp\/v2\/posts\/4130","targetHints":{"allow":["GET"]}}],"collection":[{"href":"https:\/\/masfm.com\/emisora\/wp-json\/wp\/v2\/posts"}],"about":[{"href":"https:\/\/masfm.com\/emisora\/wp-json\/wp\/v2\/types\/post"}],"author":[{"embeddable":true,"href":"https:\/\/masfm.com\/emisora\/wp-json\/wp\/v2\/users\/4"}],"replies":[{"embeddable":true,"href":"https:\/\/masfm.com\/emisora\/wp-json\/wp\/v2\/comments?post=4130"}],"version-history":[{"count":0,"href":"https:\/\/masfm.com\/emisora\/wp-json\/wp\/v2\/posts\/4130\/revisions"}],"wp:featuredmedia":[{"embeddable":true,"href":"https:\/\/masfm.com\/emisora\/wp-json\/wp\/v2\/media\/4159"}],"wp:attachment":[{"href":"https:\/\/masfm.com\/emisora\/wp-json\/wp\/v2\/media?parent=4130"}],"wp:term":[{"taxonomy":"category","embeddable":true,"href":"https:\/\/masfm.com\/emisora\/wp-json\/wp\/v2\/categories?post=4130"},{"taxonomy":"post_tag","embeddable":true,"href":"https:\/\/masfm.com\/emisora\/wp-json\/wp\/v2\/tags?post=4130"}],"curies":[{"name":"wp","href":"https:\/\/api.w.org\/{rel}","templated":true}]}}