{"id":4212,"date":"2017-11-06T23:24:44","date_gmt":"2017-11-06T23:24:44","guid":{"rendered":"http:\/\/www.masfm.com.ar\/emisora\/?p=4212"},"modified":"2017-11-07T01:16:46","modified_gmt":"2017-11-07T01:16:46","slug":"dante-con-nuevo-album","status":"publish","type":"post","link":"https:\/\/masfm.com\/emisora\/dante-con-nuevo-album\/","title":{"rendered":"Dante con nuevo \u00e1lbum."},"content":{"rendered":"<p>Dante Spinetta presenta su nuevo \u00e1lbum Pu\u00f1al, compuesto y producido por \u00e9l mismo casi en su totalidad, a excepci\u00f3n del tema Laberinto, en el que comparti\u00f3 producci\u00f3n con Rafa Arcaute.<\/p>\n<p>Este material fue grabado en el m\u00edtico estudio: La Diosa Salvaje y mezclado en la ciudad de Los \u00c1ngeles, California. De acuerdo con un comunicado, esta placa toma vuelo de la mano de la filarm\u00f3nica de Praga, con arreglos del argentino Leo Sujatovich.<\/p>\n<p>Este disco lo empec\u00e9 a componer emocionalmente partido, transitando la soledad y al mismo tiempo (viviendo) el desenfreno de la ciudad de Buenos Aires\u201d, declar\u00f3 el m\u00fasico.<\/p>\n<p>Dijo que arranc\u00f3 imaginando un CD orquestal y la idea se fue expandiendo convirti\u00e9ndose en un material donde conviven el mundo urbano con el rock argentino y el R&amp;B. \u201cEs mi disco m\u00e1s \u00edntimo y vulnerable\u201d, coment\u00f3.<\/p>\n<p>Mi vida es la canci\u00f3n elegida para dar puntapi\u00e9 inicial a este nuevo proyecto, que imprime la sensaci\u00f3n de paranoia y desamor acompa\u00f1ando la canci\u00f3n y el concepto del \u00e1lbum.<\/p>\n<p>El video, dirigido por Hern\u00e1n Corera retrata un paisaje on\u00edrico de una obsesi\u00f3n que abarca diferentes dimensiones y espacios temporales. \u201cUna oscuridad que se cierne durante diferentes vidas y termina por reflejarse en el espejo dual de todo ser humano\u201d, a\u00f1adi\u00f3 la fuente.<\/p>\n<p><img loading=\"lazy\" decoding=\"async\" class=\"alignnone size-full wp-image-4221\" src=\"http:\/\/www.masfm.com.ar\/emisora\/wp-content\/uploads\/2017\/11\/noticias-dante-1.jpg\" alt=\"\" width=\"690\" height=\"330\" title=\"\" srcset=\"https:\/\/masfm.com\/emisora\/wp-content\/uploads\/2017\/11\/noticias-dante-1.jpg 690w, https:\/\/masfm.com\/emisora\/wp-content\/uploads\/2017\/11\/noticias-dante-1-345x165.jpg 345w, https:\/\/masfm.com\/emisora\/wp-content\/uploads\/2017\/11\/noticias-dante-1-600x287.jpg 600w, https:\/\/masfm.com\/emisora\/wp-content\/uploads\/2017\/11\/noticias-dante-1-560x268.jpg 560w\" sizes=\"auto, (max-width: 690px) 100vw, 690px\" \/><\/p>\n","protected":false},"excerpt":{"rendered":"<p>Dante Spinetta presenta su nuevo \u00e1lbum Pu\u00f1al, compuesto y producido por \u00e9l mismo casi en su totalidad, a excepci\u00f3n del tema Laberinto, en el que comparti\u00f3 producci\u00f3n con Rafa Arcaute. Este material fue grabado en el m\u00edtico estudio: La Diosa Salvaje y mezclado en la ciudad de Los \u00c1ngeles, California. De acuerdo con un comunicado,&hellip;<\/p>\n","protected":false},"author":4,"featured_media":4222,"comment_status":"closed","ping_status":"open","sticky":false,"template":"","format":"video","meta":{"footnotes":""},"categories":[2],"tags":[13,14,24],"class_list":["post-4212","post","type-post","status-publish","format-video","has-post-thumbnail","hentry","category-noticias","tag-musica","tag-noticias","tag-videos","post_format-post-format-video"],"amp_enabled":true,"_links":{"self":[{"href":"https:\/\/masfm.com\/emisora\/wp-json\/wp\/v2\/posts\/4212","targetHints":{"allow":["GET"]}}],"collection":[{"href":"https:\/\/masfm.com\/emisora\/wp-json\/wp\/v2\/posts"}],"about":[{"href":"https:\/\/masfm.com\/emisora\/wp-json\/wp\/v2\/types\/post"}],"author":[{"embeddable":true,"href":"https:\/\/masfm.com\/emisora\/wp-json\/wp\/v2\/users\/4"}],"replies":[{"embeddable":true,"href":"https:\/\/masfm.com\/emisora\/wp-json\/wp\/v2\/comments?post=4212"}],"version-history":[{"count":0,"href":"https:\/\/masfm.com\/emisora\/wp-json\/wp\/v2\/posts\/4212\/revisions"}],"wp:featuredmedia":[{"embeddable":true,"href":"https:\/\/masfm.com\/emisora\/wp-json\/wp\/v2\/media\/4222"}],"wp:attachment":[{"href":"https:\/\/masfm.com\/emisora\/wp-json\/wp\/v2\/media?parent=4212"}],"wp:term":[{"taxonomy":"category","embeddable":true,"href":"https:\/\/masfm.com\/emisora\/wp-json\/wp\/v2\/categories?post=4212"},{"taxonomy":"post_tag","embeddable":true,"href":"https:\/\/masfm.com\/emisora\/wp-json\/wp\/v2\/tags?post=4212"}],"curies":[{"name":"wp","href":"https:\/\/api.w.org\/{rel}","templated":true}]}}