{"id":4216,"date":"2017-11-06T23:23:29","date_gmt":"2017-11-06T23:23:29","guid":{"rendered":"http:\/\/www.masfm.com.ar\/emisora\/?p=4216"},"modified":"2017-11-07T01:18:27","modified_gmt":"2017-11-07T01:18:27","slug":"besos-en-guerra","status":"publish","type":"post","link":"https:\/\/masfm.com\/emisora\/besos-en-guerra\/","title":{"rendered":"\u201cBesos en Guerra\u201d."},"content":{"rendered":"<p>Morat y Juanes presentan su nuevo single-video \u201cBesos en Guerra\u201d.<\/p>\n<p>Esta reuni\u00f3n cumbre de talentos colombianos result\u00f3 en una gran canci\u00f3n, cuyo video evoca la situaci\u00f3n de las mujeres cuando a los hombres les toca ir a la guerra y la triste despedida.<\/p>\n<p>En pocos d\u00edas m\u00e1s, el cuarteto colombiano llegar\u00e1 nuevamente a la Argentina para presentarse el 24 de noviembre en el teatro Opera de esta capital.<\/p>\n<p>El 24 de noviembre en el teatro Opera Morat regresa para su definitiva consagraci\u00f3n.<\/p>\n<p><img loading=\"lazy\" decoding=\"async\" class=\"alignnone size-full wp-image-4224\" src=\"http:\/\/www.masfm.com.ar\/emisora\/wp-content\/uploads\/2017\/11\/noticias-morat-juanes-2.jpg\" alt=\"\" width=\"690\" height=\"330\" title=\"\" srcset=\"https:\/\/masfm.com\/emisora\/wp-content\/uploads\/2017\/11\/noticias-morat-juanes-2.jpg 690w, https:\/\/masfm.com\/emisora\/wp-content\/uploads\/2017\/11\/noticias-morat-juanes-2-345x165.jpg 345w, https:\/\/masfm.com\/emisora\/wp-content\/uploads\/2017\/11\/noticias-morat-juanes-2-600x287.jpg 600w, https:\/\/masfm.com\/emisora\/wp-content\/uploads\/2017\/11\/noticias-morat-juanes-2-560x268.jpg 560w\" sizes=\"auto, (max-width: 690px) 100vw, 690px\" \/><\/p>\n","protected":false},"excerpt":{"rendered":"<p>Morat y Juanes presentan su nuevo single-video \u201cBesos en Guerra\u201d. Esta reuni\u00f3n cumbre de talentos colombianos result\u00f3 en una gran canci\u00f3n, cuyo video evoca la situaci\u00f3n de las mujeres cuando a los hombres les toca ir a la guerra y la triste despedida. En pocos d\u00edas m\u00e1s, el cuarteto colombiano llegar\u00e1 nuevamente a la Argentina&hellip;<\/p>\n","protected":false},"author":4,"featured_media":4223,"comment_status":"closed","ping_status":"open","sticky":false,"template":"","format":"video","meta":{"footnotes":""},"categories":[2],"tags":[13,14,24],"class_list":["post-4216","post","type-post","status-publish","format-video","has-post-thumbnail","hentry","category-noticias","tag-musica","tag-noticias","tag-videos","post_format-post-format-video"],"amp_enabled":true,"_links":{"self":[{"href":"https:\/\/masfm.com\/emisora\/wp-json\/wp\/v2\/posts\/4216","targetHints":{"allow":["GET"]}}],"collection":[{"href":"https:\/\/masfm.com\/emisora\/wp-json\/wp\/v2\/posts"}],"about":[{"href":"https:\/\/masfm.com\/emisora\/wp-json\/wp\/v2\/types\/post"}],"author":[{"embeddable":true,"href":"https:\/\/masfm.com\/emisora\/wp-json\/wp\/v2\/users\/4"}],"replies":[{"embeddable":true,"href":"https:\/\/masfm.com\/emisora\/wp-json\/wp\/v2\/comments?post=4216"}],"version-history":[{"count":0,"href":"https:\/\/masfm.com\/emisora\/wp-json\/wp\/v2\/posts\/4216\/revisions"}],"wp:featuredmedia":[{"embeddable":true,"href":"https:\/\/masfm.com\/emisora\/wp-json\/wp\/v2\/media\/4223"}],"wp:attachment":[{"href":"https:\/\/masfm.com\/emisora\/wp-json\/wp\/v2\/media?parent=4216"}],"wp:term":[{"taxonomy":"category","embeddable":true,"href":"https:\/\/masfm.com\/emisora\/wp-json\/wp\/v2\/categories?post=4216"},{"taxonomy":"post_tag","embeddable":true,"href":"https:\/\/masfm.com\/emisora\/wp-json\/wp\/v2\/tags?post=4216"}],"curies":[{"name":"wp","href":"https:\/\/api.w.org\/{rel}","templated":true}]}}