{"id":4370,"date":"2017-11-23T23:34:49","date_gmt":"2017-11-23T23:34:49","guid":{"rendered":"http:\/\/www.masfm.com.ar\/emisora\/?p=4370"},"modified":"2017-11-24T01:34:51","modified_gmt":"2017-11-24T01:34:51","slug":"luis-fonsi-y-demi-lovato","status":"publish","type":"post","link":"https:\/\/masfm.com\/emisora\/luis-fonsi-y-demi-lovato\/","title":{"rendered":"Luis Fonsi y Demi Lovato."},"content":{"rendered":"<p>Luego de un a\u00f1o lleno de logros y hacer historia al romper todos los records de venta, streaming y visitas en YouTube, Luis Fonsi est\u00e1 listo para iniciar una nueva etapa con el lanzamiento de su nuevo sencillo y video titulado \u201c\u00c9chame La Culpa\u201d con la participaci\u00f3n de Demi Lovato.<\/p>\n<p>El tema fue compuesto por Luis Fonsi, Andr\u00e9s Torres, Mauricio Rengifo y Alejandro Rengifo (Cali y El Dandee), bajo la producci\u00f3n a cargo de Andr\u00e9s Torres y Mauricio Rengifo.<\/p>\n<p>El video de \u201c\u00c9chame La Culpa\u201d fue dirigido por Carlos Perez, director creativo de Elastic People, grabado el pasado mes de octubre con Fonsi y Demi Lovato en un almac\u00e9n ubicado en la ciudad de Brooklyn, Nueva York, acompa\u00f1ados de un colorido grupo de bailarines.<\/p>\n<p>Luego de la grabaci\u00f3n, Fonsi expres\u00f3: &#8220;Grabar con Demi fue una experiencia muy bonita y lo que m\u00e1s me emocion\u00f3 fue sus ganas de cantar en espa\u00f1ol y lo perfeccionista que fue a la hora de la pronunciaci\u00f3n de la letra de la canci\u00f3n. Musicalmente es perfecta, lo que hizo que fuese la producci\u00f3n vocal m\u00e1s f\u00e1cil que he hecho en mi carrera&#8221;.<\/p>\n<p><img loading=\"lazy\" decoding=\"async\" class=\"alignnone size-full wp-image-4399\" src=\"http:\/\/www.masfm.com.ar\/emisora\/wp-content\/uploads\/2017\/11\/noticias-fonsi-lovato-1.jpg\" alt=\"\" width=\"690\" height=\"330\" title=\"\" srcset=\"https:\/\/masfm.com\/emisora\/wp-content\/uploads\/2017\/11\/noticias-fonsi-lovato-1.jpg 690w, https:\/\/masfm.com\/emisora\/wp-content\/uploads\/2017\/11\/noticias-fonsi-lovato-1-345x165.jpg 345w, https:\/\/masfm.com\/emisora\/wp-content\/uploads\/2017\/11\/noticias-fonsi-lovato-1-600x287.jpg 600w, https:\/\/masfm.com\/emisora\/wp-content\/uploads\/2017\/11\/noticias-fonsi-lovato-1-560x268.jpg 560w\" sizes=\"auto, (max-width: 690px) 100vw, 690px\" \/><\/p>\n","protected":false},"excerpt":{"rendered":"<p>Luego de un a\u00f1o lleno de logros y hacer historia al romper todos los records de venta, streaming y visitas en YouTube, Luis Fonsi est\u00e1 listo para iniciar una nueva etapa con el lanzamiento de su nuevo sencillo y video titulado \u201c\u00c9chame La Culpa\u201d con la participaci\u00f3n de Demi Lovato. El tema fue compuesto por&hellip;<\/p>\n","protected":false},"author":4,"featured_media":4400,"comment_status":"closed","ping_status":"open","sticky":false,"template":"","format":"video","meta":{"footnotes":""},"categories":[2],"tags":[13,14,24],"class_list":["post-4370","post","type-post","status-publish","format-video","has-post-thumbnail","hentry","category-noticias","tag-musica","tag-noticias","tag-videos","post_format-post-format-video"],"amp_enabled":true,"_links":{"self":[{"href":"https:\/\/masfm.com\/emisora\/wp-json\/wp\/v2\/posts\/4370","targetHints":{"allow":["GET"]}}],"collection":[{"href":"https:\/\/masfm.com\/emisora\/wp-json\/wp\/v2\/posts"}],"about":[{"href":"https:\/\/masfm.com\/emisora\/wp-json\/wp\/v2\/types\/post"}],"author":[{"embeddable":true,"href":"https:\/\/masfm.com\/emisora\/wp-json\/wp\/v2\/users\/4"}],"replies":[{"embeddable":true,"href":"https:\/\/masfm.com\/emisora\/wp-json\/wp\/v2\/comments?post=4370"}],"version-history":[{"count":0,"href":"https:\/\/masfm.com\/emisora\/wp-json\/wp\/v2\/posts\/4370\/revisions"}],"wp:featuredmedia":[{"embeddable":true,"href":"https:\/\/masfm.com\/emisora\/wp-json\/wp\/v2\/media\/4400"}],"wp:attachment":[{"href":"https:\/\/masfm.com\/emisora\/wp-json\/wp\/v2\/media?parent=4370"}],"wp:term":[{"taxonomy":"category","embeddable":true,"href":"https:\/\/masfm.com\/emisora\/wp-json\/wp\/v2\/categories?post=4370"},{"taxonomy":"post_tag","embeddable":true,"href":"https:\/\/masfm.com\/emisora\/wp-json\/wp\/v2\/tags?post=4370"}],"curies":[{"name":"wp","href":"https:\/\/api.w.org\/{rel}","templated":true}]}}