{"id":4414,"date":"2017-11-24T21:58:04","date_gmt":"2017-11-24T21:58:04","guid":{"rendered":"http:\/\/www.masfm.com.ar\/emisora\/?p=4414"},"modified":"2017-11-24T22:17:51","modified_gmt":"2017-11-24T22:17:51","slug":"fito-paez-sorprendio-a-rosario","status":"publish","type":"post","link":"https:\/\/masfm.com\/emisora\/fito-paez-sorprendio-a-rosario\/","title":{"rendered":"Fito P\u00e1ez sorprendi\u00f3 a Rosario."},"content":{"rendered":"<p>Frente a una multitud de fan\u00e1ticos que lo hicieron sentir que estaba &#8220;jugando m\u00e1s de local que nunca&#8221;, Fito P\u00e1ez present\u00f3 La Ciudad Liberada, su nuevo disco.<\/p>\n<p>El escenario se mont\u00f3 en la Plaza San Mart\u00edn y el show dio comienzo a las 19 hs. Vestido con un traje azul el\u00e9ctrico, camisa blanca y corbata naranja, el cantante toc\u00f3 durante 45 minutos, entre canciones de su nuevo trabajo -que ya est\u00e1 a la venta- y cl\u00e1sicos como &#8220;Circo Beat&#8221;, &#8220;Brillante cobre el mic&#8221;, &#8220;Mariposa tecknicolor&#8221; y una versi\u00f3n ac\u00fastica de &#8220;El amor despu\u00e9s del amor&#8221;.<\/p>\n<p>&#8220;Si sos fan de Fito, hoy ten\u00e9s que estar en Rosario&#8221;, adelant\u00f3 la cuenta de Twitter de Sony Music, sembrando el misterio entre los seguidores del rosarino. El armado de un enorme escenario en la c\u00e9ntrica plaza termin\u00f3 de dar pistas sobre lo que suceder\u00eda horas m\u00e1s tarde.<\/p>\n<p>D\u00edas atr\u00e1s, Fito di\u00f3 a conocer &#8220;Aleluya al sol&#8221;, primer corte de La Ciudad Liberada, y desde las redes sociales mostr\u00f3 la tapa del disco.<\/p>\n<p><img loading=\"lazy\" decoding=\"async\" class=\"alignnone size-full wp-image-4421\" src=\"http:\/\/www.masfm.com.ar\/emisora\/wp-content\/uploads\/2017\/11\/noticias-fito-paez-1.jpg\" alt=\"\" width=\"690\" height=\"330\" title=\"\" srcset=\"https:\/\/masfm.com\/emisora\/wp-content\/uploads\/2017\/11\/noticias-fito-paez-1.jpg 690w, https:\/\/masfm.com\/emisora\/wp-content\/uploads\/2017\/11\/noticias-fito-paez-1-345x165.jpg 345w, https:\/\/masfm.com\/emisora\/wp-content\/uploads\/2017\/11\/noticias-fito-paez-1-600x287.jpg 600w, https:\/\/masfm.com\/emisora\/wp-content\/uploads\/2017\/11\/noticias-fito-paez-1-560x268.jpg 560w\" sizes=\"auto, (max-width: 690px) 100vw, 690px\" \/><\/p>\n","protected":false},"excerpt":{"rendered":"<p>Frente a una multitud de fan\u00e1ticos que lo hicieron sentir que estaba &#8220;jugando m\u00e1s de local que nunca&#8221;, Fito P\u00e1ez present\u00f3 La Ciudad Liberada, su nuevo disco. El escenario se mont\u00f3 en la Plaza San Mart\u00edn y el show dio comienzo a las 19 hs. Vestido con un traje azul el\u00e9ctrico, camisa blanca y corbata&hellip;<\/p>\n","protected":false},"author":4,"featured_media":4422,"comment_status":"closed","ping_status":"open","sticky":false,"template":"","format":"video","meta":{"footnotes":""},"categories":[2],"tags":[13,14,24],"class_list":["post-4414","post","type-post","status-publish","format-video","has-post-thumbnail","hentry","category-noticias","tag-musica","tag-noticias","tag-videos","post_format-post-format-video"],"amp_enabled":true,"_links":{"self":[{"href":"https:\/\/masfm.com\/emisora\/wp-json\/wp\/v2\/posts\/4414","targetHints":{"allow":["GET"]}}],"collection":[{"href":"https:\/\/masfm.com\/emisora\/wp-json\/wp\/v2\/posts"}],"about":[{"href":"https:\/\/masfm.com\/emisora\/wp-json\/wp\/v2\/types\/post"}],"author":[{"embeddable":true,"href":"https:\/\/masfm.com\/emisora\/wp-json\/wp\/v2\/users\/4"}],"replies":[{"embeddable":true,"href":"https:\/\/masfm.com\/emisora\/wp-json\/wp\/v2\/comments?post=4414"}],"version-history":[{"count":0,"href":"https:\/\/masfm.com\/emisora\/wp-json\/wp\/v2\/posts\/4414\/revisions"}],"wp:featuredmedia":[{"embeddable":true,"href":"https:\/\/masfm.com\/emisora\/wp-json\/wp\/v2\/media\/4422"}],"wp:attachment":[{"href":"https:\/\/masfm.com\/emisora\/wp-json\/wp\/v2\/media?parent=4414"}],"wp:term":[{"taxonomy":"category","embeddable":true,"href":"https:\/\/masfm.com\/emisora\/wp-json\/wp\/v2\/categories?post=4414"},{"taxonomy":"post_tag","embeddable":true,"href":"https:\/\/masfm.com\/emisora\/wp-json\/wp\/v2\/tags?post=4414"}],"curies":[{"name":"wp","href":"https:\/\/api.w.org\/{rel}","templated":true}]}}