{"id":4490,"date":"2017-11-30T23:22:17","date_gmt":"2017-11-30T23:22:17","guid":{"rendered":"http:\/\/www.masfm.com.ar\/emisora\/?p=4490"},"modified":"2017-12-01T01:40:44","modified_gmt":"2017-12-01T01:40:44","slug":"maluma-eligio-a-una-argentina","status":"publish","type":"post","link":"https:\/\/masfm.com\/emisora\/maluma-eligio-a-una-argentina\/","title":{"rendered":"Maluma eligi\u00f3 a una Argentina."},"content":{"rendered":"<p>Maluma la viene rompiendo con sus shows en Rosario y C\u00f3rdoba. Y este viernes y domingo desembarcar\u00e1 con su Word Tour en el Hip\u00f3dromo de Palermo. Para esa ocasi\u00f3n, el colombiano se guard\u00f3 una sorpresa especial. El creador de Felices los 4 eligi\u00f3 a Jimena Bar\u00f3n para abrir su presentaci\u00f3n del domingo.<\/p>\n<p>La actriz que este a\u00f1o se lanz\u00f3 oficialmente como cantante, se encuentra en medio de su gira. La novia de Juan Mart\u00edn del Potro acaba de presentarse en Punta del Este con un show \u00fanico, donde hizo delirar a 1200 personas al ritmo de La Tonta.<\/p>\n<p>&#8220;\u00a1Tengo novedad!&#8221;, avis\u00f3 Jimena s\u00faper entusiasmada en las redes antes de que se conociera la noticia de que el domingo sonar\u00e1n los temas La Tonta y Q-Lo previo al gran show de Maluma, que tambi\u00e9n dir\u00e1 presente ese d\u00eda en el programa de Susana Gim\u00e9nez.<\/p>\n<p>Desde su lanzamiento como cantante, Bar\u00f3n no para de cosechar \u00e9xitos. El disco que sali\u00f3 hace tres meses y que es n\u00famero uno en virales en Spotify y ventas de singles en Itunes, sorprende d\u00eda a d\u00eda superando m\u00e1s de 20 millones de views en You Tube.<\/p>\n<p><img loading=\"lazy\" decoding=\"async\" class=\"alignnone size-full wp-image-4494\" src=\"http:\/\/www.masfm.com.ar\/emisora\/wp-content\/uploads\/2017\/11\/noticias-maluma-2.jpg\" alt=\"\" width=\"690\" height=\"330\" title=\"\" srcset=\"https:\/\/masfm.com\/emisora\/wp-content\/uploads\/2017\/11\/noticias-maluma-2.jpg 690w, https:\/\/masfm.com\/emisora\/wp-content\/uploads\/2017\/11\/noticias-maluma-2-345x165.jpg 345w, https:\/\/masfm.com\/emisora\/wp-content\/uploads\/2017\/11\/noticias-maluma-2-600x287.jpg 600w, https:\/\/masfm.com\/emisora\/wp-content\/uploads\/2017\/11\/noticias-maluma-2-560x268.jpg 560w\" sizes=\"auto, (max-width: 690px) 100vw, 690px\" \/><\/p>\n","protected":false},"excerpt":{"rendered":"<p>Maluma la viene rompiendo con sus shows en Rosario y C\u00f3rdoba. Y este viernes y domingo desembarcar\u00e1 con su Word Tour en el Hip\u00f3dromo de Palermo. Para esa ocasi\u00f3n, el colombiano se guard\u00f3 una sorpresa especial. El creador de Felices los 4 eligi\u00f3 a Jimena Bar\u00f3n para abrir su presentaci\u00f3n del domingo. La actriz que&hellip;<\/p>\n","protected":false},"author":4,"featured_media":4495,"comment_status":"closed","ping_status":"open","sticky":false,"template":"","format":"video","meta":{"footnotes":""},"categories":[2],"tags":[13,14],"class_list":["post-4490","post","type-post","status-publish","format-video","has-post-thumbnail","hentry","category-noticias","tag-musica","tag-noticias","post_format-post-format-video"],"amp_enabled":true,"_links":{"self":[{"href":"https:\/\/masfm.com\/emisora\/wp-json\/wp\/v2\/posts\/4490","targetHints":{"allow":["GET"]}}],"collection":[{"href":"https:\/\/masfm.com\/emisora\/wp-json\/wp\/v2\/posts"}],"about":[{"href":"https:\/\/masfm.com\/emisora\/wp-json\/wp\/v2\/types\/post"}],"author":[{"embeddable":true,"href":"https:\/\/masfm.com\/emisora\/wp-json\/wp\/v2\/users\/4"}],"replies":[{"embeddable":true,"href":"https:\/\/masfm.com\/emisora\/wp-json\/wp\/v2\/comments?post=4490"}],"version-history":[{"count":0,"href":"https:\/\/masfm.com\/emisora\/wp-json\/wp\/v2\/posts\/4490\/revisions"}],"wp:featuredmedia":[{"embeddable":true,"href":"https:\/\/masfm.com\/emisora\/wp-json\/wp\/v2\/media\/4495"}],"wp:attachment":[{"href":"https:\/\/masfm.com\/emisora\/wp-json\/wp\/v2\/media?parent=4490"}],"wp:term":[{"taxonomy":"category","embeddable":true,"href":"https:\/\/masfm.com\/emisora\/wp-json\/wp\/v2\/categories?post=4490"},{"taxonomy":"post_tag","embeddable":true,"href":"https:\/\/masfm.com\/emisora\/wp-json\/wp\/v2\/tags?post=4490"}],"curies":[{"name":"wp","href":"https:\/\/api.w.org\/{rel}","templated":true}]}}