{"id":4508,"date":"2017-12-04T21:06:43","date_gmt":"2017-12-04T21:06:43","guid":{"rendered":"http:\/\/www.masfm.com.ar\/emisora\/?p=4508"},"modified":"2017-12-04T21:38:19","modified_gmt":"2017-12-04T21:38:19","slug":"la-beriso-toco-gratis","status":"publish","type":"post","link":"https:\/\/masfm.com\/emisora\/la-beriso-toco-gratis\/","title":{"rendered":"La Beriso toc\u00f3 gratis."},"content":{"rendered":"<p>Lo que parec\u00eda ser un d\u00eda m\u00e1s en la ciudad de Buenos Aires, se convirti\u00f3 en una fiesta del rock al aire libre con cientos de transe\u00fantes sorprendidos al presenciar en vivo a La Beriso. Gratuitamente, el grupo liderado por Rolo Sartorio llen\u00f3 la Plaza Vaticano, la misma que est\u00e1 al lado del Teatro Col\u00f3n.<\/p>\n<p>Esta fue la previa al gran cierre de a\u00f1o que tiene preparado: a dos a\u00f1os del m\u00edtico sold out del Estadio \u00danico de La Plata, y despu\u00e9s de llenar un River en 2016 y agotar ocho fechas en Obras Sanitarias en 2017.<\/p>\n<p><img loading=\"lazy\" decoding=\"async\" class=\"alignnone size-full wp-image-4520\" src=\"http:\/\/www.masfm.com.ar\/emisora\/wp-content\/uploads\/2017\/12\/noticias-la-beriso-2.jpg\" alt=\"\" width=\"690\" height=\"330\" title=\"\" srcset=\"https:\/\/masfm.com\/emisora\/wp-content\/uploads\/2017\/12\/noticias-la-beriso-2.jpg 690w, https:\/\/masfm.com\/emisora\/wp-content\/uploads\/2017\/12\/noticias-la-beriso-2-345x165.jpg 345w, https:\/\/masfm.com\/emisora\/wp-content\/uploads\/2017\/12\/noticias-la-beriso-2-600x287.jpg 600w, https:\/\/masfm.com\/emisora\/wp-content\/uploads\/2017\/12\/noticias-la-beriso-2-560x268.jpg 560w\" sizes=\"auto, (max-width: 690px) 100vw, 690px\" \/><\/p>\n","protected":false},"excerpt":{"rendered":"<p>Lo que parec\u00eda ser un d\u00eda m\u00e1s en la ciudad de Buenos Aires, se convirti\u00f3 en una fiesta del rock al aire libre con cientos de transe\u00fantes sorprendidos al presenciar en vivo a La Beriso. Gratuitamente, el grupo liderado por Rolo Sartorio llen\u00f3 la Plaza Vaticano, la misma que est\u00e1 al lado del Teatro Col\u00f3n.&hellip;<\/p>\n","protected":false},"author":4,"featured_media":4521,"comment_status":"closed","ping_status":"open","sticky":false,"template":"","format":"video","meta":{"footnotes":""},"categories":[2],"tags":[13,14],"class_list":["post-4508","post","type-post","status-publish","format-video","has-post-thumbnail","hentry","category-noticias","tag-musica","tag-noticias","post_format-post-format-video"],"amp_enabled":true,"_links":{"self":[{"href":"https:\/\/masfm.com\/emisora\/wp-json\/wp\/v2\/posts\/4508","targetHints":{"allow":["GET"]}}],"collection":[{"href":"https:\/\/masfm.com\/emisora\/wp-json\/wp\/v2\/posts"}],"about":[{"href":"https:\/\/masfm.com\/emisora\/wp-json\/wp\/v2\/types\/post"}],"author":[{"embeddable":true,"href":"https:\/\/masfm.com\/emisora\/wp-json\/wp\/v2\/users\/4"}],"replies":[{"embeddable":true,"href":"https:\/\/masfm.com\/emisora\/wp-json\/wp\/v2\/comments?post=4508"}],"version-history":[{"count":0,"href":"https:\/\/masfm.com\/emisora\/wp-json\/wp\/v2\/posts\/4508\/revisions"}],"wp:featuredmedia":[{"embeddable":true,"href":"https:\/\/masfm.com\/emisora\/wp-json\/wp\/v2\/media\/4521"}],"wp:attachment":[{"href":"https:\/\/masfm.com\/emisora\/wp-json\/wp\/v2\/media?parent=4508"}],"wp:term":[{"taxonomy":"category","embeddable":true,"href":"https:\/\/masfm.com\/emisora\/wp-json\/wp\/v2\/categories?post=4508"},{"taxonomy":"post_tag","embeddable":true,"href":"https:\/\/masfm.com\/emisora\/wp-json\/wp\/v2\/tags?post=4508"}],"curies":[{"name":"wp","href":"https:\/\/api.w.org\/{rel}","templated":true}]}}