{"id":4608,"date":"2017-12-14T21:40:46","date_gmt":"2017-12-14T21:40:46","guid":{"rendered":"http:\/\/www.masfm.com.ar\/emisora\/?p=4608"},"modified":"2017-12-14T23:44:14","modified_gmt":"2017-12-14T23:44:14","slug":"calido-y-rojo","status":"publish","type":"post","link":"https:\/\/masfm.com\/emisora\/calido-y-rojo\/","title":{"rendered":"C\u00e1lido y rojo."},"content":{"rendered":"<p>La banda electro pop argentina dio cuatro conciertos en Espa\u00f1a, present\u00e1ndose en Madrid, Barcelona, Sevilla y Valencia. Resulta que su \u00e1lbum \u201cFuerte\u201d, conocido en Argentina en abril de este a\u00f1o, ya puede conseguirse en formato f\u00edsico en el pa\u00eds que cobija a Messi.<\/p>\n<p>En su visita al otro lado del oc\u00e9ano Atl\u00e1ntico, los Miranda! grabaron una versi\u00f3n de \u201cC\u00e1lido y Rojo\u201d, tema incluido en el \u00e1lbum, pero esta vez junto al espa\u00f1ol Carlos Sadness.<\/p>\n<p>Temas como \u201c743\u201d y \u201cEnero\u201d, junto a Jes\u00fas Navarro de Reik, fueron los explosivos adelantos de este material.<\/p>\n<p><img loading=\"lazy\" decoding=\"async\" class=\"alignnone size-full wp-image-4638\" src=\"http:\/\/www.masfm.com.ar\/emisora\/wp-content\/uploads\/2017\/12\/noticias-miranda-2.jpg\" alt=\"\" width=\"690\" height=\"330\" title=\"\" srcset=\"https:\/\/masfm.com\/emisora\/wp-content\/uploads\/2017\/12\/noticias-miranda-2.jpg 690w, https:\/\/masfm.com\/emisora\/wp-content\/uploads\/2017\/12\/noticias-miranda-2-345x165.jpg 345w, https:\/\/masfm.com\/emisora\/wp-content\/uploads\/2017\/12\/noticias-miranda-2-600x287.jpg 600w, https:\/\/masfm.com\/emisora\/wp-content\/uploads\/2017\/12\/noticias-miranda-2-560x268.jpg 560w\" sizes=\"auto, (max-width: 690px) 100vw, 690px\" \/><\/p>\n","protected":false},"excerpt":{"rendered":"<p>La banda electro pop argentina dio cuatro conciertos en Espa\u00f1a, present\u00e1ndose en Madrid, Barcelona, Sevilla y Valencia. Resulta que su \u00e1lbum \u201cFuerte\u201d, conocido en Argentina en abril de este a\u00f1o, ya puede conseguirse en formato f\u00edsico en el pa\u00eds que cobija a Messi. En su visita al otro lado del oc\u00e9ano Atl\u00e1ntico, los Miranda! grabaron&hellip;<\/p>\n","protected":false},"author":4,"featured_media":4637,"comment_status":"closed","ping_status":"open","sticky":false,"template":"","format":"video","meta":{"footnotes":""},"categories":[2],"tags":[13,14,24],"class_list":["post-4608","post","type-post","status-publish","format-video","has-post-thumbnail","hentry","category-noticias","tag-musica","tag-noticias","tag-videos","post_format-post-format-video"],"amp_enabled":true,"_links":{"self":[{"href":"https:\/\/masfm.com\/emisora\/wp-json\/wp\/v2\/posts\/4608","targetHints":{"allow":["GET"]}}],"collection":[{"href":"https:\/\/masfm.com\/emisora\/wp-json\/wp\/v2\/posts"}],"about":[{"href":"https:\/\/masfm.com\/emisora\/wp-json\/wp\/v2\/types\/post"}],"author":[{"embeddable":true,"href":"https:\/\/masfm.com\/emisora\/wp-json\/wp\/v2\/users\/4"}],"replies":[{"embeddable":true,"href":"https:\/\/masfm.com\/emisora\/wp-json\/wp\/v2\/comments?post=4608"}],"version-history":[{"count":0,"href":"https:\/\/masfm.com\/emisora\/wp-json\/wp\/v2\/posts\/4608\/revisions"}],"wp:featuredmedia":[{"embeddable":true,"href":"https:\/\/masfm.com\/emisora\/wp-json\/wp\/v2\/media\/4637"}],"wp:attachment":[{"href":"https:\/\/masfm.com\/emisora\/wp-json\/wp\/v2\/media?parent=4608"}],"wp:term":[{"taxonomy":"category","embeddable":true,"href":"https:\/\/masfm.com\/emisora\/wp-json\/wp\/v2\/categories?post=4608"},{"taxonomy":"post_tag","embeddable":true,"href":"https:\/\/masfm.com\/emisora\/wp-json\/wp\/v2\/tags?post=4608"}],"curies":[{"name":"wp","href":"https:\/\/api.w.org\/{rel}","templated":true}]}}