{"id":4630,"date":"2017-12-14T21:44:35","date_gmt":"2017-12-14T21:44:35","guid":{"rendered":"http:\/\/www.masfm.com.ar\/emisora\/?p=4630"},"modified":"2017-12-14T23:43:04","modified_gmt":"2017-12-14T23:43:04","slug":"deborah-de-corral-es-normal","status":"publish","type":"post","link":"https:\/\/masfm.com\/emisora\/deborah-de-corral-es-normal\/","title":{"rendered":"Deborah De Corral es &#8220;Normal&#8221;."},"content":{"rendered":"<p>La cantante y modelo presenta su nuevo video lyric: \u201cNormal\u201d, el segundo corte de su \u00e1lbum Piel, editado en 2016.<\/p>\n<p>En palabras de Deborah: \u201cNormal es una invitaci\u00f3n a mostrarte como sos y a que no te de verg\u00fcenza lo que piensen u opinen los dem\u00e1s, lo importante es ser feliz con uno mismo y de esa forma atraemos a la gente que tiene que estar con nosotros\u201d.<\/p>\n<p>\u201cGran parte del mal de este tiempo de incomunicaci\u00f3n es que por m\u00e1s que estemos todos comunicados, con las redes sociales la gente no se muestra tal cual es. Estamos todos muy separados y tratamos de poner una m\u00e1scara y un disfraz para poner nuestra mejor cara y de esa forma nos vamos separando de los dem\u00e1s al querer pertenecer y ser aceptado a toda costa.\u201d<\/p>\n<p>El video lyric fue dirigido por Daniel Mora y cuenta la historia de un personaje animado que intenta ser normal y encajar en los distintos \u00e1mbitos de su vida sin mucho \u00e9xito.<\/p>\n<p><img loading=\"lazy\" decoding=\"async\" class=\"alignnone size-full wp-image-4641\" src=\"http:\/\/www.masfm.com.ar\/emisora\/wp-content\/uploads\/2017\/12\/noticias-deborah-del-corral-2.jpg\" alt=\"\" width=\"690\" height=\"330\" title=\"\" srcset=\"https:\/\/masfm.com\/emisora\/wp-content\/uploads\/2017\/12\/noticias-deborah-del-corral-2.jpg 690w, https:\/\/masfm.com\/emisora\/wp-content\/uploads\/2017\/12\/noticias-deborah-del-corral-2-345x165.jpg 345w, https:\/\/masfm.com\/emisora\/wp-content\/uploads\/2017\/12\/noticias-deborah-del-corral-2-600x287.jpg 600w, https:\/\/masfm.com\/emisora\/wp-content\/uploads\/2017\/12\/noticias-deborah-del-corral-2-560x268.jpg 560w\" sizes=\"auto, (max-width: 690px) 100vw, 690px\" \/><\/p>\n","protected":false},"excerpt":{"rendered":"<p>La cantante y modelo presenta su nuevo video lyric: \u201cNormal\u201d, el segundo corte de su \u00e1lbum Piel, editado en 2016. En palabras de Deborah: \u201cNormal es una invitaci\u00f3n a mostrarte como sos y a que no te de verg\u00fcenza lo que piensen u opinen los dem\u00e1s, lo importante es ser feliz con uno mismo y&hellip;<\/p>\n","protected":false},"author":4,"featured_media":4640,"comment_status":"closed","ping_status":"open","sticky":false,"template":"","format":"video","meta":{"footnotes":""},"categories":[2],"tags":[13,14,24],"class_list":["post-4630","post","type-post","status-publish","format-video","has-post-thumbnail","hentry","category-noticias","tag-musica","tag-noticias","tag-videos","post_format-post-format-video"],"amp_enabled":true,"_links":{"self":[{"href":"https:\/\/masfm.com\/emisora\/wp-json\/wp\/v2\/posts\/4630","targetHints":{"allow":["GET"]}}],"collection":[{"href":"https:\/\/masfm.com\/emisora\/wp-json\/wp\/v2\/posts"}],"about":[{"href":"https:\/\/masfm.com\/emisora\/wp-json\/wp\/v2\/types\/post"}],"author":[{"embeddable":true,"href":"https:\/\/masfm.com\/emisora\/wp-json\/wp\/v2\/users\/4"}],"replies":[{"embeddable":true,"href":"https:\/\/masfm.com\/emisora\/wp-json\/wp\/v2\/comments?post=4630"}],"version-history":[{"count":0,"href":"https:\/\/masfm.com\/emisora\/wp-json\/wp\/v2\/posts\/4630\/revisions"}],"wp:featuredmedia":[{"embeddable":true,"href":"https:\/\/masfm.com\/emisora\/wp-json\/wp\/v2\/media\/4640"}],"wp:attachment":[{"href":"https:\/\/masfm.com\/emisora\/wp-json\/wp\/v2\/media?parent=4630"}],"wp:term":[{"taxonomy":"category","embeddable":true,"href":"https:\/\/masfm.com\/emisora\/wp-json\/wp\/v2\/categories?post=4630"},{"taxonomy":"post_tag","embeddable":true,"href":"https:\/\/masfm.com\/emisora\/wp-json\/wp\/v2\/tags?post=4630"}],"curies":[{"name":"wp","href":"https:\/\/api.w.org\/{rel}","templated":true}]}}