{"id":4655,"date":"2017-12-23T00:52:10","date_gmt":"2017-12-23T00:52:10","guid":{"rendered":"http:\/\/www.masfm.com.ar\/emisora\/?p=4655"},"modified":"2017-12-24T02:59:55","modified_gmt":"2017-12-24T02:59:55","slug":"benjamin-amadeo-de-estreno","status":"publish","type":"post","link":"https:\/\/masfm.com\/emisora\/benjamin-amadeo-de-estreno\/","title":{"rendered":"Benjam\u00edn Amadeo de estreno."},"content":{"rendered":"<p>Benjam\u00edn Amadeo estren\u00f3 el videoclip de su canci\u00f3n &#8220;Cada noche&#8221;. El tema formar\u00e1 parte del pr\u00f3ximo disco del artista argentino, que anunci\u00f3 que actuar\u00e1 en el teatro \u00d3pera de la Ciudad de Buenos Aires el 14 de abril de 2018.<\/p>\n<p>\u201cEl video de &#8216;Cada noche&#8217; cuenta c\u00f3mo a veces por casualidad nos podemos encontrar con nuestras pasiones. Yo quer\u00eda que esta canci\u00f3n se baile as\u00ed que me puse a bailar yo primero\u201d, dijo el cantante, y agreg\u00f3: \u201cEl anuncio de una fecha en el teatro \u00d3pera era un sue\u00f1o impensado atr\u00e1s, pero que va a cumplirse el 14 de abril. Llevar mi concierto a un escenario tan emblem\u00e1tico me llena de alegr\u00eda, orgullo y nervios. Va a ser una fiesta inolvidable\u201d.<\/p>\n<p><img loading=\"lazy\" decoding=\"async\" class=\"alignnone size-full wp-image-4757\" src=\"http:\/\/www.masfm.com.ar\/emisora\/wp-content\/uploads\/2017\/12\/noticias-benjamin-amadeo-4.jpg\" alt=\"\" width=\"690\" height=\"330\" title=\"\" srcset=\"https:\/\/masfm.com\/emisora\/wp-content\/uploads\/2017\/12\/noticias-benjamin-amadeo-4.jpg 690w, https:\/\/masfm.com\/emisora\/wp-content\/uploads\/2017\/12\/noticias-benjamin-amadeo-4-345x165.jpg 345w, https:\/\/masfm.com\/emisora\/wp-content\/uploads\/2017\/12\/noticias-benjamin-amadeo-4-600x287.jpg 600w, https:\/\/masfm.com\/emisora\/wp-content\/uploads\/2017\/12\/noticias-benjamin-amadeo-4-560x268.jpg 560w\" sizes=\"auto, (max-width: 690px) 100vw, 690px\" \/><\/p>\n","protected":false},"excerpt":{"rendered":"<p>Benjam\u00edn Amadeo estren\u00f3 el videoclip de su canci\u00f3n &#8220;Cada noche&#8221;. El tema formar\u00e1 parte del pr\u00f3ximo disco del artista argentino, que anunci\u00f3 que actuar\u00e1 en el teatro \u00d3pera de la Ciudad de Buenos Aires el 14 de abril de 2018. \u201cEl video de &#8216;Cada noche&#8217; cuenta c\u00f3mo a veces por casualidad nos podemos encontrar con&hellip;<\/p>\n","protected":false},"author":4,"featured_media":4756,"comment_status":"closed","ping_status":"open","sticky":false,"template":"","format":"video","meta":{"footnotes":""},"categories":[2],"tags":[13,14,24],"class_list":["post-4655","post","type-post","status-publish","format-video","has-post-thumbnail","hentry","category-noticias","tag-musica","tag-noticias","tag-videos","post_format-post-format-video"],"amp_enabled":true,"_links":{"self":[{"href":"https:\/\/masfm.com\/emisora\/wp-json\/wp\/v2\/posts\/4655","targetHints":{"allow":["GET"]}}],"collection":[{"href":"https:\/\/masfm.com\/emisora\/wp-json\/wp\/v2\/posts"}],"about":[{"href":"https:\/\/masfm.com\/emisora\/wp-json\/wp\/v2\/types\/post"}],"author":[{"embeddable":true,"href":"https:\/\/masfm.com\/emisora\/wp-json\/wp\/v2\/users\/4"}],"replies":[{"embeddable":true,"href":"https:\/\/masfm.com\/emisora\/wp-json\/wp\/v2\/comments?post=4655"}],"version-history":[{"count":0,"href":"https:\/\/masfm.com\/emisora\/wp-json\/wp\/v2\/posts\/4655\/revisions"}],"wp:featuredmedia":[{"embeddable":true,"href":"https:\/\/masfm.com\/emisora\/wp-json\/wp\/v2\/media\/4756"}],"wp:attachment":[{"href":"https:\/\/masfm.com\/emisora\/wp-json\/wp\/v2\/media?parent=4655"}],"wp:term":[{"taxonomy":"category","embeddable":true,"href":"https:\/\/masfm.com\/emisora\/wp-json\/wp\/v2\/categories?post=4655"},{"taxonomy":"post_tag","embeddable":true,"href":"https:\/\/masfm.com\/emisora\/wp-json\/wp\/v2\/tags?post=4655"}],"curies":[{"name":"wp","href":"https:\/\/api.w.org\/{rel}","templated":true}]}}