{"id":4828,"date":"2017-12-28T23:51:08","date_gmt":"2017-12-28T23:51:08","guid":{"rendered":"http:\/\/www.masfm.com.ar\/emisora\/?p=4828"},"modified":"2018-01-01T22:52:41","modified_gmt":"2018-01-01T22:52:41","slug":"aun-me-queda-tu-sonrisa","status":"publish","type":"post","link":"https:\/\/masfm.com\/emisora\/aun-me-queda-tu-sonrisa\/","title":{"rendered":"A\u00fan me queda tu sonrisa."},"content":{"rendered":"<p>El 2017 es un gran a\u00f1o para la cantante. Una linda manera de coronarlo fue con el estreno de su emotivo video: &#8220;Tu Sonrisa&#8221;.<\/p>\n<p>Lali eligi\u00f3 lanzarlo para una fecha muy especial como es la Navidad. Es que &#8220;Tu Sonrisa&#8221; tiene una letra que emociona. La canci\u00f3n habla de todas las personas que no est\u00e1n y siguen presentes en nuestras vidas con el recuerdo de su sonrisa.<\/p>\n<p>El video est\u00e1 filmando \u00edntegramente en blanco y negro y muestra a Lali en el escenario, sentada en una banqueta, en un clima \u00edntimo, junto a sus m\u00fasicos, inclusive en una parte cuando canta se emociona hasta las l\u00e1grimas.<\/p>\n<p>Tambi\u00e9n hay escenas que muestran la previa al salir al escenario y el detr\u00e1s de escena.<\/p>\n<p><img loading=\"lazy\" decoding=\"async\" class=\"alignnone size-full wp-image-4863\" src=\"http:\/\/www.masfm.com.ar\/emisora\/wp-content\/uploads\/2017\/12\/noticias-lali-5.jpg\" alt=\"\" width=\"690\" height=\"330\" title=\"\" srcset=\"https:\/\/masfm.com\/emisora\/wp-content\/uploads\/2017\/12\/noticias-lali-5.jpg 690w, https:\/\/masfm.com\/emisora\/wp-content\/uploads\/2017\/12\/noticias-lali-5-345x165.jpg 345w, https:\/\/masfm.com\/emisora\/wp-content\/uploads\/2017\/12\/noticias-lali-5-600x287.jpg 600w, https:\/\/masfm.com\/emisora\/wp-content\/uploads\/2017\/12\/noticias-lali-5-560x268.jpg 560w\" sizes=\"auto, (max-width: 690px) 100vw, 690px\" \/><\/p>\n","protected":false},"excerpt":{"rendered":"<p>El 2017 es un gran a\u00f1o para la cantante. Una linda manera de coronarlo fue con el estreno de su emotivo video: &#8220;Tu Sonrisa&#8221;. Lali eligi\u00f3 lanzarlo para una fecha muy especial como es la Navidad. Es que &#8220;Tu Sonrisa&#8221; tiene una letra que emociona. La canci\u00f3n habla de todas las personas que no est\u00e1n&hellip;<\/p>\n","protected":false},"author":4,"featured_media":4862,"comment_status":"closed","ping_status":"open","sticky":false,"template":"","format":"video","meta":{"footnotes":""},"categories":[2],"tags":[13,14,24],"class_list":["post-4828","post","type-post","status-publish","format-video","has-post-thumbnail","hentry","category-noticias","tag-musica","tag-noticias","tag-videos","post_format-post-format-video"],"amp_enabled":true,"_links":{"self":[{"href":"https:\/\/masfm.com\/emisora\/wp-json\/wp\/v2\/posts\/4828","targetHints":{"allow":["GET"]}}],"collection":[{"href":"https:\/\/masfm.com\/emisora\/wp-json\/wp\/v2\/posts"}],"about":[{"href":"https:\/\/masfm.com\/emisora\/wp-json\/wp\/v2\/types\/post"}],"author":[{"embeddable":true,"href":"https:\/\/masfm.com\/emisora\/wp-json\/wp\/v2\/users\/4"}],"replies":[{"embeddable":true,"href":"https:\/\/masfm.com\/emisora\/wp-json\/wp\/v2\/comments?post=4828"}],"version-history":[{"count":0,"href":"https:\/\/masfm.com\/emisora\/wp-json\/wp\/v2\/posts\/4828\/revisions"}],"wp:featuredmedia":[{"embeddable":true,"href":"https:\/\/masfm.com\/emisora\/wp-json\/wp\/v2\/media\/4862"}],"wp:attachment":[{"href":"https:\/\/masfm.com\/emisora\/wp-json\/wp\/v2\/media?parent=4828"}],"wp:term":[{"taxonomy":"category","embeddable":true,"href":"https:\/\/masfm.com\/emisora\/wp-json\/wp\/v2\/categories?post=4828"},{"taxonomy":"post_tag","embeddable":true,"href":"https:\/\/masfm.com\/emisora\/wp-json\/wp\/v2\/tags?post=4828"}],"curies":[{"name":"wp","href":"https:\/\/api.w.org\/{rel}","templated":true}]}}