{"id":4852,"date":"2018-01-03T23:27:20","date_gmt":"2018-01-03T23:27:20","guid":{"rendered":"http:\/\/www.masfm.com.ar\/emisora\/?p=4852"},"modified":"2018-01-04T13:07:19","modified_gmt":"2018-01-04T13:07:19","slug":"shakira-reanuda-su-gira","status":"publish","type":"post","link":"https:\/\/masfm.com\/emisora\/shakira-reanuda-su-gira\/","title":{"rendered":"Shakira reanuda su gira."},"content":{"rendered":"<p>Son buenas las noticias para los fan\u00e1ticos de la cantante colombiana.<\/p>\n<p>Luego de suspender su gira, por una hemorragia en las cuerdas vocales, Shakira anunci\u00f3 por redes sociales que finalmente reanudar\u00e1 &#8220;El Dorado World Tour&#8221;.<\/p>\n<p>Ser\u00e1 en junio de 2018, cuando Shakira inicie los shows para presentar su \u00faltimo trabajo discogr\u00e1fico, &#8220;El Dorado&#8221;.<\/p>\n<p>La cantante primero se presentar\u00e1 en Europa, Estados Unidos y luego en latinoam\u00e9rica, seg\u00fan dice en su comunicado anunciar\u00e1 m\u00e1s adelante las fechas en la que se presentar\u00e1 en nuestro continente.<\/p>\n<p><img loading=\"lazy\" decoding=\"async\" class=\"alignnone size-full wp-image-4900\" src=\"http:\/\/www.masfm.com.ar\/emisora\/wp-content\/uploads\/2017\/12\/noticias-shakira-2.jpg\" alt=\"\" width=\"690\" height=\"330\" title=\"\" srcset=\"https:\/\/masfm.com\/emisora\/wp-content\/uploads\/2017\/12\/noticias-shakira-2.jpg 690w, https:\/\/masfm.com\/emisora\/wp-content\/uploads\/2017\/12\/noticias-shakira-2-345x165.jpg 345w, https:\/\/masfm.com\/emisora\/wp-content\/uploads\/2017\/12\/noticias-shakira-2-600x287.jpg 600w, https:\/\/masfm.com\/emisora\/wp-content\/uploads\/2017\/12\/noticias-shakira-2-560x268.jpg 560w\" sizes=\"auto, (max-width: 690px) 100vw, 690px\" \/><\/p>\n","protected":false},"excerpt":{"rendered":"<p>Son buenas las noticias para los fan\u00e1ticos de la cantante colombiana. Luego de suspender su gira, por una hemorragia en las cuerdas vocales, Shakira anunci\u00f3 por redes sociales que finalmente reanudar\u00e1 &#8220;El Dorado World Tour&#8221;. Ser\u00e1 en junio de 2018, cuando Shakira inicie los shows para presentar su \u00faltimo trabajo discogr\u00e1fico, &#8220;El Dorado&#8221;. La cantante&hellip;<\/p>\n","protected":false},"author":4,"featured_media":4901,"comment_status":"closed","ping_status":"open","sticky":false,"template":"","format":"video","meta":{"footnotes":""},"categories":[2],"tags":[13,14,45],"class_list":["post-4852","post","type-post","status-publish","format-video","has-post-thumbnail","hentry","category-noticias","tag-musica","tag-noticias","tag-shows","post_format-post-format-video"],"amp_enabled":true,"_links":{"self":[{"href":"https:\/\/masfm.com\/emisora\/wp-json\/wp\/v2\/posts\/4852","targetHints":{"allow":["GET"]}}],"collection":[{"href":"https:\/\/masfm.com\/emisora\/wp-json\/wp\/v2\/posts"}],"about":[{"href":"https:\/\/masfm.com\/emisora\/wp-json\/wp\/v2\/types\/post"}],"author":[{"embeddable":true,"href":"https:\/\/masfm.com\/emisora\/wp-json\/wp\/v2\/users\/4"}],"replies":[{"embeddable":true,"href":"https:\/\/masfm.com\/emisora\/wp-json\/wp\/v2\/comments?post=4852"}],"version-history":[{"count":0,"href":"https:\/\/masfm.com\/emisora\/wp-json\/wp\/v2\/posts\/4852\/revisions"}],"wp:featuredmedia":[{"embeddable":true,"href":"https:\/\/masfm.com\/emisora\/wp-json\/wp\/v2\/media\/4901"}],"wp:attachment":[{"href":"https:\/\/masfm.com\/emisora\/wp-json\/wp\/v2\/media?parent=4852"}],"wp:term":[{"taxonomy":"category","embeddable":true,"href":"https:\/\/masfm.com\/emisora\/wp-json\/wp\/v2\/categories?post=4852"},{"taxonomy":"post_tag","embeddable":true,"href":"https:\/\/masfm.com\/emisora\/wp-json\/wp\/v2\/tags?post=4852"}],"curies":[{"name":"wp","href":"https:\/\/api.w.org\/{rel}","templated":true}]}}