{"id":4913,"date":"2018-01-12T23:33:43","date_gmt":"2018-01-12T23:33:43","guid":{"rendered":"http:\/\/www.masfm.com.ar\/emisora\/?p=4913"},"modified":"2018-01-15T13:20:43","modified_gmt":"2018-01-15T13:20:43","slug":"sep7imo-dia-llega-a-estados-unidos","status":"publish","type":"post","link":"https:\/\/masfm.com\/emisora\/sep7imo-dia-llega-a-estados-unidos\/","title":{"rendered":"Sep7imo d\u00eda llega a Estados Unidos."},"content":{"rendered":"<p>El show de Cirque Du Soleil en homenaje a Soda Stereo anunci\u00f3 sus fechas de presentaci\u00f3n en los Estados Unidos. El espect\u00e1culo est\u00e1 basado en la m\u00fasica e historia del tr\u00edo argentino que formaron Gustavo Cerati, Zeta Bosio y Charly Alberti, a principios de los ochenta.<\/p>\n<p>Sep7imo D\u00eda &#8211; No Descansar\u00e9 debutar\u00e1 en Miami el 18 de abril, luego viajar\u00e1 a Los \u00c1ngeles donde estar\u00e1 del 3 al 6 de mayo. El show acumula un total de 73 funciones en el estadio Luna Park y 14 en la provincia de C\u00f3rdoba.<\/p>\n<p>Tambi\u00e9n tuvo 14 shows en Per\u00fa, 20 en Chile y 21 en Colombia. El \u00faltimo mes agot\u00f3 28 presentaciones en M\u00e9xico. El 23 de enero comienza su gira por centroam\u00e9rica, pasar\u00e1 por Costa Rica, Panam\u00e1 y Guatemala.<\/p>\n<p><img loading=\"lazy\" decoding=\"async\" class=\"alignnone size-full wp-image-4975\" src=\"http:\/\/www.masfm.com.ar\/emisora\/wp-content\/uploads\/2018\/01\/noticias-soda-stereo-5.jpg\" alt=\"\" width=\"690\" height=\"330\" title=\"\" srcset=\"https:\/\/masfm.com\/emisora\/wp-content\/uploads\/2018\/01\/noticias-soda-stereo-5.jpg 690w, https:\/\/masfm.com\/emisora\/wp-content\/uploads\/2018\/01\/noticias-soda-stereo-5-345x165.jpg 345w, https:\/\/masfm.com\/emisora\/wp-content\/uploads\/2018\/01\/noticias-soda-stereo-5-600x287.jpg 600w, https:\/\/masfm.com\/emisora\/wp-content\/uploads\/2018\/01\/noticias-soda-stereo-5-560x268.jpg 560w\" sizes=\"auto, (max-width: 690px) 100vw, 690px\" \/><\/p>\n","protected":false},"excerpt":{"rendered":"<p>El show de Cirque Du Soleil en homenaje a Soda Stereo anunci\u00f3 sus fechas de presentaci\u00f3n en los Estados Unidos. El espect\u00e1culo est\u00e1 basado en la m\u00fasica e historia del tr\u00edo argentino que formaron Gustavo Cerati, Zeta Bosio y Charly Alberti, a principios de los ochenta. Sep7imo D\u00eda &#8211; No Descansar\u00e9 debutar\u00e1 en Miami el&hellip;<\/p>\n","protected":false},"author":4,"featured_media":4974,"comment_status":"closed","ping_status":"open","sticky":false,"template":"","format":"video","meta":{"footnotes":""},"categories":[2],"tags":[14,45],"class_list":["post-4913","post","type-post","status-publish","format-video","has-post-thumbnail","hentry","category-noticias","tag-noticias","tag-shows","post_format-post-format-video"],"amp_enabled":true,"_links":{"self":[{"href":"https:\/\/masfm.com\/emisora\/wp-json\/wp\/v2\/posts\/4913","targetHints":{"allow":["GET"]}}],"collection":[{"href":"https:\/\/masfm.com\/emisora\/wp-json\/wp\/v2\/posts"}],"about":[{"href":"https:\/\/masfm.com\/emisora\/wp-json\/wp\/v2\/types\/post"}],"author":[{"embeddable":true,"href":"https:\/\/masfm.com\/emisora\/wp-json\/wp\/v2\/users\/4"}],"replies":[{"embeddable":true,"href":"https:\/\/masfm.com\/emisora\/wp-json\/wp\/v2\/comments?post=4913"}],"version-history":[{"count":0,"href":"https:\/\/masfm.com\/emisora\/wp-json\/wp\/v2\/posts\/4913\/revisions"}],"wp:featuredmedia":[{"embeddable":true,"href":"https:\/\/masfm.com\/emisora\/wp-json\/wp\/v2\/media\/4974"}],"wp:attachment":[{"href":"https:\/\/masfm.com\/emisora\/wp-json\/wp\/v2\/media?parent=4913"}],"wp:term":[{"taxonomy":"category","embeddable":true,"href":"https:\/\/masfm.com\/emisora\/wp-json\/wp\/v2\/categories?post=4913"},{"taxonomy":"post_tag","embeddable":true,"href":"https:\/\/masfm.com\/emisora\/wp-json\/wp\/v2\/tags?post=4913"}],"curies":[{"name":"wp","href":"https:\/\/api.w.org\/{rel}","templated":true}]}}