{"id":5099,"date":"2018-02-01T22:25:22","date_gmt":"2018-02-01T22:25:22","guid":{"rendered":"http:\/\/www.masfm.com.ar\/emisora\/?p=5099"},"modified":"2018-02-02T13:42:53","modified_gmt":"2018-02-02T13:42:53","slug":"festival-buena-vibra","status":"publish","type":"post","link":"https:\/\/masfm.com\/emisora\/festival-buena-vibra\/","title":{"rendered":"Festival &#8220;Buena Vibra&#8221;."},"content":{"rendered":"<p>Este domingo 4 de febrero, el festival Buena Vibra tendr\u00e1 su edici\u00f3n Verano en el patio de Ciudad Cultural Konex (Sarmiento 3131, CABA). A partir de las 16:00 hs., F\u00e9mina, Francisca y Los Exploradores, Sig Ragga y Juana Molina se har\u00e1n cargo del line up de un festival que apunta a un p\u00fablico familiar por su amplia grilla de juegos, opciones gastron\u00f3micas, exposiciones, arte en vivo, feria de vinilos y m\u00e1s.<\/p>\n<p>No se suspende por lluvia. La Preventa 1, 2 y 3 ya est\u00e1n agotadas, pero pod\u00e9s comprar tus entradas a precio final a $400 en la p\u00e1gina del Konex o en la boleter\u00eda de lunes a viernes de 14 a 18 hs.<\/p>\n<p><img loading=\"lazy\" decoding=\"async\" class=\"alignnone size-full wp-image-5120\" src=\"http:\/\/www.masfm.com.ar\/emisora\/wp-content\/uploads\/2018\/01\/noticias-sig-ragga-1.jpg\" alt=\"\" width=\"690\" height=\"330\" title=\"\" srcset=\"https:\/\/masfm.com\/emisora\/wp-content\/uploads\/2018\/01\/noticias-sig-ragga-1.jpg 690w, https:\/\/masfm.com\/emisora\/wp-content\/uploads\/2018\/01\/noticias-sig-ragga-1-345x165.jpg 345w, https:\/\/masfm.com\/emisora\/wp-content\/uploads\/2018\/01\/noticias-sig-ragga-1-600x287.jpg 600w, https:\/\/masfm.com\/emisora\/wp-content\/uploads\/2018\/01\/noticias-sig-ragga-1-560x268.jpg 560w\" sizes=\"auto, (max-width: 690px) 100vw, 690px\" \/><\/p>\n","protected":false},"excerpt":{"rendered":"<p>Este domingo 4 de febrero, el festival Buena Vibra tendr\u00e1 su edici\u00f3n Verano en el patio de Ciudad Cultural Konex (Sarmiento 3131, CABA). A partir de las 16:00 hs., F\u00e9mina, Francisca y Los Exploradores, Sig Ragga y Juana Molina se har\u00e1n cargo del line up de un festival que apunta a un p\u00fablico familiar por&hellip;<\/p>\n","protected":false},"author":4,"featured_media":5119,"comment_status":"closed","ping_status":"open","sticky":false,"template":"","format":"video","meta":{"footnotes":""},"categories":[2],"tags":[13,14,45],"class_list":["post-5099","post","type-post","status-publish","format-video","has-post-thumbnail","hentry","category-noticias","tag-musica","tag-noticias","tag-shows","post_format-post-format-video"],"amp_enabled":true,"_links":{"self":[{"href":"https:\/\/masfm.com\/emisora\/wp-json\/wp\/v2\/posts\/5099","targetHints":{"allow":["GET"]}}],"collection":[{"href":"https:\/\/masfm.com\/emisora\/wp-json\/wp\/v2\/posts"}],"about":[{"href":"https:\/\/masfm.com\/emisora\/wp-json\/wp\/v2\/types\/post"}],"author":[{"embeddable":true,"href":"https:\/\/masfm.com\/emisora\/wp-json\/wp\/v2\/users\/4"}],"replies":[{"embeddable":true,"href":"https:\/\/masfm.com\/emisora\/wp-json\/wp\/v2\/comments?post=5099"}],"version-history":[{"count":0,"href":"https:\/\/masfm.com\/emisora\/wp-json\/wp\/v2\/posts\/5099\/revisions"}],"wp:featuredmedia":[{"embeddable":true,"href":"https:\/\/masfm.com\/emisora\/wp-json\/wp\/v2\/media\/5119"}],"wp:attachment":[{"href":"https:\/\/masfm.com\/emisora\/wp-json\/wp\/v2\/media?parent=5099"}],"wp:term":[{"taxonomy":"category","embeddable":true,"href":"https:\/\/masfm.com\/emisora\/wp-json\/wp\/v2\/categories?post=5099"},{"taxonomy":"post_tag","embeddable":true,"href":"https:\/\/masfm.com\/emisora\/wp-json\/wp\/v2\/tags?post=5099"}],"curies":[{"name":"wp","href":"https:\/\/api.w.org\/{rel}","templated":true}]}}