{"id":5101,"date":"2018-01-31T23:36:09","date_gmt":"2018-01-31T23:36:09","guid":{"rendered":"http:\/\/www.masfm.com.ar\/emisora\/?p=5101"},"modified":"2018-02-02T13:43:28","modified_gmt":"2018-02-02T13:43:28","slug":"benjamin-amadeo-con-ciro-y-los-persas","status":"publish","type":"post","link":"https:\/\/masfm.com\/emisora\/benjamin-amadeo-con-ciro-y-los-persas\/","title":{"rendered":"Benjam\u00edn Amadeo con Ciro y Los Persas."},"content":{"rendered":"<p>El m\u00fasico argentino sigue siendo convocado por grandes artistas. Ya acompa\u00f1\u00f3 a Ed Sheeran en la apertura del show del brit\u00e1nico en el Estadio \u00danico de La Plata y comparti\u00f3 escenario con Abel Pintos, El Kuelgue, Miranda!, Sandra Mihanovich, entre otros.<\/p>\n<p>Ahora, la novedad es que el s\u00e1bado por la noche en el Polideportivo de la Feliz, se subi\u00f3 al escenario con Ciro y Los Persas frente a un p\u00fablico fervoroso e interpretaron juntos Marad\u00f3, Me gusta y El farolito.<\/p>\n<p><img loading=\"lazy\" decoding=\"async\" class=\"alignnone size-full wp-image-5110\" src=\"http:\/\/www.masfm.com.ar\/emisora\/wp-content\/uploads\/2018\/01\/noticias-ciro-benjamin-1.jpg\" alt=\"\" width=\"690\" height=\"330\" title=\"\" srcset=\"https:\/\/masfm.com\/emisora\/wp-content\/uploads\/2018\/01\/noticias-ciro-benjamin-1.jpg 690w, https:\/\/masfm.com\/emisora\/wp-content\/uploads\/2018\/01\/noticias-ciro-benjamin-1-345x165.jpg 345w, https:\/\/masfm.com\/emisora\/wp-content\/uploads\/2018\/01\/noticias-ciro-benjamin-1-600x287.jpg 600w, https:\/\/masfm.com\/emisora\/wp-content\/uploads\/2018\/01\/noticias-ciro-benjamin-1-560x268.jpg 560w\" sizes=\"auto, (max-width: 690px) 100vw, 690px\" \/><\/p>\n","protected":false},"excerpt":{"rendered":"<p>El m\u00fasico argentino sigue siendo convocado por grandes artistas. Ya acompa\u00f1\u00f3 a Ed Sheeran en la apertura del show del brit\u00e1nico en el Estadio \u00danico de La Plata y comparti\u00f3 escenario con Abel Pintos, El Kuelgue, Miranda!, Sandra Mihanovich, entre otros. Ahora, la novedad es que el s\u00e1bado por la noche en el Polideportivo de&hellip;<\/p>\n","protected":false},"author":4,"featured_media":5109,"comment_status":"closed","ping_status":"open","sticky":false,"template":"","format":"video","meta":{"footnotes":""},"categories":[2],"tags":[13,14,45],"class_list":["post-5101","post","type-post","status-publish","format-video","has-post-thumbnail","hentry","category-noticias","tag-musica","tag-noticias","tag-shows","post_format-post-format-video"],"amp_enabled":true,"_links":{"self":[{"href":"https:\/\/masfm.com\/emisora\/wp-json\/wp\/v2\/posts\/5101","targetHints":{"allow":["GET"]}}],"collection":[{"href":"https:\/\/masfm.com\/emisora\/wp-json\/wp\/v2\/posts"}],"about":[{"href":"https:\/\/masfm.com\/emisora\/wp-json\/wp\/v2\/types\/post"}],"author":[{"embeddable":true,"href":"https:\/\/masfm.com\/emisora\/wp-json\/wp\/v2\/users\/4"}],"replies":[{"embeddable":true,"href":"https:\/\/masfm.com\/emisora\/wp-json\/wp\/v2\/comments?post=5101"}],"version-history":[{"count":0,"href":"https:\/\/masfm.com\/emisora\/wp-json\/wp\/v2\/posts\/5101\/revisions"}],"wp:featuredmedia":[{"embeddable":true,"href":"https:\/\/masfm.com\/emisora\/wp-json\/wp\/v2\/media\/5109"}],"wp:attachment":[{"href":"https:\/\/masfm.com\/emisora\/wp-json\/wp\/v2\/media?parent=5101"}],"wp:term":[{"taxonomy":"category","embeddable":true,"href":"https:\/\/masfm.com\/emisora\/wp-json\/wp\/v2\/categories?post=5101"},{"taxonomy":"post_tag","embeddable":true,"href":"https:\/\/masfm.com\/emisora\/wp-json\/wp\/v2\/tags?post=5101"}],"curies":[{"name":"wp","href":"https:\/\/api.w.org\/{rel}","templated":true}]}}