{"id":5103,"date":"2018-02-01T22:30:00","date_gmt":"2018-02-01T22:30:00","guid":{"rendered":"http:\/\/www.masfm.com.ar\/emisora\/?p=5103"},"modified":"2018-02-02T13:42:27","modified_gmt":"2018-02-02T13:42:27","slug":"nacidos-para-creer","status":"publish","type":"post","link":"https:\/\/masfm.com\/emisora\/nacidos-para-creer\/","title":{"rendered":"Nacidos para Creer."},"content":{"rendered":"<p>Amaia Montero rompi\u00f3 con el silencio al lanzar su nuevo sencillo.<\/p>\n<p>La ex cantante de La Oreja de Van Gogh, luego de cuatro a\u00f1os, nos trae un nuevo material que es bastante personal.<\/p>\n<p>Con un esp\u00edritu rebelde, en &#8220;Nacidos Para Creer&#8221;, la cantante habla de c\u00f3mo es ella y plantea todo lo que la sociedad espera de una mujer a una edad como los 40.<\/p>\n<p>El video de esta canci\u00f3n transcurre en una c\u00e1rcel y est\u00e1 inspirado est\u00e9ticamente en series como &#8220;Orange Is The New Black&#8221; o &#8220;Vis a Vis&#8221;.<\/p>\n<p><img loading=\"lazy\" decoding=\"async\" class=\"alignnone size-full wp-image-5122\" src=\"http:\/\/www.masfm.com.ar\/emisora\/wp-content\/uploads\/2018\/01\/noticias-amaia-montero-1.jpg\" alt=\"\" width=\"690\" height=\"330\" title=\"\" srcset=\"https:\/\/masfm.com\/emisora\/wp-content\/uploads\/2018\/01\/noticias-amaia-montero-1.jpg 690w, https:\/\/masfm.com\/emisora\/wp-content\/uploads\/2018\/01\/noticias-amaia-montero-1-345x165.jpg 345w, https:\/\/masfm.com\/emisora\/wp-content\/uploads\/2018\/01\/noticias-amaia-montero-1-600x287.jpg 600w, https:\/\/masfm.com\/emisora\/wp-content\/uploads\/2018\/01\/noticias-amaia-montero-1-560x268.jpg 560w\" sizes=\"auto, (max-width: 690px) 100vw, 690px\" \/><\/p>\n","protected":false},"excerpt":{"rendered":"<p>Amaia Montero rompi\u00f3 con el silencio al lanzar su nuevo sencillo. La ex cantante de La Oreja de Van Gogh, luego de cuatro a\u00f1os, nos trae un nuevo material que es bastante personal. Con un esp\u00edritu rebelde, en &#8220;Nacidos Para Creer&#8221;, la cantante habla de c\u00f3mo es ella y plantea todo lo que la sociedad&hellip;<\/p>\n","protected":false},"author":4,"featured_media":5123,"comment_status":"closed","ping_status":"open","sticky":false,"template":"","format":"video","meta":{"footnotes":""},"categories":[2],"tags":[13,14,24],"class_list":["post-5103","post","type-post","status-publish","format-video","has-post-thumbnail","hentry","category-noticias","tag-musica","tag-noticias","tag-videos","post_format-post-format-video"],"amp_enabled":true,"_links":{"self":[{"href":"https:\/\/masfm.com\/emisora\/wp-json\/wp\/v2\/posts\/5103","targetHints":{"allow":["GET"]}}],"collection":[{"href":"https:\/\/masfm.com\/emisora\/wp-json\/wp\/v2\/posts"}],"about":[{"href":"https:\/\/masfm.com\/emisora\/wp-json\/wp\/v2\/types\/post"}],"author":[{"embeddable":true,"href":"https:\/\/masfm.com\/emisora\/wp-json\/wp\/v2\/users\/4"}],"replies":[{"embeddable":true,"href":"https:\/\/masfm.com\/emisora\/wp-json\/wp\/v2\/comments?post=5103"}],"version-history":[{"count":0,"href":"https:\/\/masfm.com\/emisora\/wp-json\/wp\/v2\/posts\/5103\/revisions"}],"wp:featuredmedia":[{"embeddable":true,"href":"https:\/\/masfm.com\/emisora\/wp-json\/wp\/v2\/media\/5123"}],"wp:attachment":[{"href":"https:\/\/masfm.com\/emisora\/wp-json\/wp\/v2\/media?parent=5103"}],"wp:term":[{"taxonomy":"category","embeddable":true,"href":"https:\/\/masfm.com\/emisora\/wp-json\/wp\/v2\/categories?post=5103"},{"taxonomy":"post_tag","embeddable":true,"href":"https:\/\/masfm.com\/emisora\/wp-json\/wp\/v2\/tags?post=5103"}],"curies":[{"name":"wp","href":"https:\/\/api.w.org\/{rel}","templated":true}]}}