{"id":5117,"date":"2018-02-01T22:31:31","date_gmt":"2018-02-01T22:31:31","guid":{"rendered":"http:\/\/www.masfm.com.ar\/emisora\/?p=5117"},"modified":"2018-02-02T13:23:59","modified_gmt":"2018-02-02T13:23:59","slug":"vanthra-estrena-cancion-sola","status":"publish","type":"post","link":"https:\/\/masfm.com\/emisora\/vanthra-estrena-cancion-sola\/","title":{"rendered":"Vanthra estrena &#8220;Canci\u00f3n sola&#8221;."},"content":{"rendered":"<p>Vanthra, actual proyecto de Fernando Ruiz D\u00edaz junto a Charlie Noguera y Pablo &#8220;Pape&#8221; Fioravanti, sali\u00f3 a la luz en noviembre de 2017 con el lanzamiento del single \u201cCanci\u00f3n sola\u201d, el primer adelanto del disco y con cuatro shows \u00edntimos y colmados de energ\u00eda.<\/p>\n<p>El objetivo fue mostrar a la banda en vivo, present\u00e1ndose durante cuatro semanas consecutivas en diferentes lugares de la Ciudad de Buenos Aires. El viaje de Vanthra contin\u00faa el 11 de febrero en el m\u00edtico festival Cosqu\u00edn Rock 2018. Luego, tambi\u00e9n este mes, la banda se presentar\u00e1 en Mendoza, donde se filmar\u00e1 un DVD que integrar\u00e1 su primer disco.<\/p>\n<p><img loading=\"lazy\" decoding=\"async\" class=\"alignnone size-full wp-image-5025\" src=\"http:\/\/www.masfm.com.ar\/emisora\/wp-content\/uploads\/2018\/01\/noticias-vanthra-4.jpg\" alt=\"\" width=\"690\" height=\"330\" title=\"\" srcset=\"https:\/\/masfm.com\/emisora\/wp-content\/uploads\/2018\/01\/noticias-vanthra-4.jpg 690w, https:\/\/masfm.com\/emisora\/wp-content\/uploads\/2018\/01\/noticias-vanthra-4-345x165.jpg 345w, https:\/\/masfm.com\/emisora\/wp-content\/uploads\/2018\/01\/noticias-vanthra-4-600x287.jpg 600w, https:\/\/masfm.com\/emisora\/wp-content\/uploads\/2018\/01\/noticias-vanthra-4-560x268.jpg 560w\" sizes=\"auto, (max-width: 690px) 100vw, 690px\" \/><\/p>\n","protected":false},"excerpt":{"rendered":"<p>Vanthra, actual proyecto de Fernando Ruiz D\u00edaz junto a Charlie Noguera y Pablo &#8220;Pape&#8221; Fioravanti, sali\u00f3 a la luz en noviembre de 2017 con el lanzamiento del single \u201cCanci\u00f3n sola\u201d, el primer adelanto del disco y con cuatro shows \u00edntimos y colmados de energ\u00eda. El objetivo fue mostrar a la banda en vivo, present\u00e1ndose durante&hellip;<\/p>\n","protected":false},"author":4,"featured_media":5024,"comment_status":"closed","ping_status":"open","sticky":false,"template":"","format":"video","meta":{"footnotes":""},"categories":[2],"tags":[13,14,24],"class_list":["post-5117","post","type-post","status-publish","format-video","has-post-thumbnail","hentry","category-noticias","tag-musica","tag-noticias","tag-videos","post_format-post-format-video"],"amp_enabled":true,"_links":{"self":[{"href":"https:\/\/masfm.com\/emisora\/wp-json\/wp\/v2\/posts\/5117","targetHints":{"allow":["GET"]}}],"collection":[{"href":"https:\/\/masfm.com\/emisora\/wp-json\/wp\/v2\/posts"}],"about":[{"href":"https:\/\/masfm.com\/emisora\/wp-json\/wp\/v2\/types\/post"}],"author":[{"embeddable":true,"href":"https:\/\/masfm.com\/emisora\/wp-json\/wp\/v2\/users\/4"}],"replies":[{"embeddable":true,"href":"https:\/\/masfm.com\/emisora\/wp-json\/wp\/v2\/comments?post=5117"}],"version-history":[{"count":0,"href":"https:\/\/masfm.com\/emisora\/wp-json\/wp\/v2\/posts\/5117\/revisions"}],"wp:featuredmedia":[{"embeddable":true,"href":"https:\/\/masfm.com\/emisora\/wp-json\/wp\/v2\/media\/5024"}],"wp:attachment":[{"href":"https:\/\/masfm.com\/emisora\/wp-json\/wp\/v2\/media?parent=5117"}],"wp:term":[{"taxonomy":"category","embeddable":true,"href":"https:\/\/masfm.com\/emisora\/wp-json\/wp\/v2\/categories?post=5117"},{"taxonomy":"post_tag","embeddable":true,"href":"https:\/\/masfm.com\/emisora\/wp-json\/wp\/v2\/tags?post=5117"}],"curies":[{"name":"wp","href":"https:\/\/api.w.org\/{rel}","templated":true}]}}