{"id":5153,"date":"2018-02-08T14:28:54","date_gmt":"2018-02-08T14:28:54","guid":{"rendered":"http:\/\/www.masfm.com.ar\/emisora\/?p=5153"},"modified":"2018-02-08T22:05:24","modified_gmt":"2018-02-08T22:05:24","slug":"silvina-moreno-estrena-video","status":"publish","type":"post","link":"https:\/\/masfm.com\/emisora\/silvina-moreno-estrena-video\/","title":{"rendered":"Silvina Moreno estrena video."},"content":{"rendered":"<p>La cantante argentina acaba de lanzar el video oficial de &#8220;Cu\u00eddame&#8221;.<\/p>\n<p>Este sencillo forma parte de &#8220;Sof\u00e1\u201d, tercer trabajo discogr\u00e1fico de Silvina Moreno, un disco de doce canciones de autor\u00eda propia y en algunos casos co-autor\u00eda.<\/p>\n<p>El video es simple y costumbrista. Vemos a la cantante sentada en el sof\u00e1 de un living, cantando con su guitarra las estrofas de esta canci\u00f3n.<\/p>\n<p>Alrededor hay elementos, como una taza de caf\u00e9, que on\u00edricamente la transportan a otras mundos.<\/p>\n<p><img loading=\"lazy\" decoding=\"async\" class=\"alignnone size-full wp-image-5163\" src=\"http:\/\/www.masfm.com.ar\/emisora\/wp-content\/uploads\/2018\/02\/noticias-Silvina-Moreno.jpg\" alt=\"\" width=\"690\" height=\"330\" title=\"\" srcset=\"https:\/\/masfm.com\/emisora\/wp-content\/uploads\/2018\/02\/noticias-Silvina-Moreno.jpg 690w, https:\/\/masfm.com\/emisora\/wp-content\/uploads\/2018\/02\/noticias-Silvina-Moreno-345x165.jpg 345w, https:\/\/masfm.com\/emisora\/wp-content\/uploads\/2018\/02\/noticias-Silvina-Moreno-600x287.jpg 600w, https:\/\/masfm.com\/emisora\/wp-content\/uploads\/2018\/02\/noticias-Silvina-Moreno-560x268.jpg 560w\" sizes=\"auto, (max-width: 690px) 100vw, 690px\" \/><\/p>\n","protected":false},"excerpt":{"rendered":"<p>La cantante argentina acaba de lanzar el video oficial de &#8220;Cu\u00eddame&#8221;. Este sencillo forma parte de &#8220;Sof\u00e1\u201d, tercer trabajo discogr\u00e1fico de Silvina Moreno, un disco de doce canciones de autor\u00eda propia y en algunos casos co-autor\u00eda. El video es simple y costumbrista. Vemos a la cantante sentada en el sof\u00e1 de un living, cantando con&hellip;<\/p>\n","protected":false},"author":4,"featured_media":5164,"comment_status":"closed","ping_status":"open","sticky":false,"template":"","format":"video","meta":{"footnotes":""},"categories":[2],"tags":[13,14,24],"class_list":["post-5153","post","type-post","status-publish","format-video","has-post-thumbnail","hentry","category-noticias","tag-musica","tag-noticias","tag-videos","post_format-post-format-video"],"amp_enabled":true,"_links":{"self":[{"href":"https:\/\/masfm.com\/emisora\/wp-json\/wp\/v2\/posts\/5153","targetHints":{"allow":["GET"]}}],"collection":[{"href":"https:\/\/masfm.com\/emisora\/wp-json\/wp\/v2\/posts"}],"about":[{"href":"https:\/\/masfm.com\/emisora\/wp-json\/wp\/v2\/types\/post"}],"author":[{"embeddable":true,"href":"https:\/\/masfm.com\/emisora\/wp-json\/wp\/v2\/users\/4"}],"replies":[{"embeddable":true,"href":"https:\/\/masfm.com\/emisora\/wp-json\/wp\/v2\/comments?post=5153"}],"version-history":[{"count":0,"href":"https:\/\/masfm.com\/emisora\/wp-json\/wp\/v2\/posts\/5153\/revisions"}],"wp:featuredmedia":[{"embeddable":true,"href":"https:\/\/masfm.com\/emisora\/wp-json\/wp\/v2\/media\/5164"}],"wp:attachment":[{"href":"https:\/\/masfm.com\/emisora\/wp-json\/wp\/v2\/media?parent=5153"}],"wp:term":[{"taxonomy":"category","embeddable":true,"href":"https:\/\/masfm.com\/emisora\/wp-json\/wp\/v2\/categories?post=5153"},{"taxonomy":"post_tag","embeddable":true,"href":"https:\/\/masfm.com\/emisora\/wp-json\/wp\/v2\/tags?post=5153"}],"curies":[{"name":"wp","href":"https:\/\/api.w.org\/{rel}","templated":true}]}}