{"id":5197,"date":"2018-02-15T14:30:13","date_gmt":"2018-02-15T14:30:13","guid":{"rendered":"http:\/\/www.masfm.com.ar\/emisora\/?p=5197"},"modified":"2018-02-15T23:33:19","modified_gmt":"2018-02-15T23:33:19","slug":"lo-nuevo-de-eminem-feat-ed-sheeran","status":"publish","type":"post","link":"https:\/\/masfm.com\/emisora\/lo-nuevo-de-eminem-feat-ed-sheeran\/","title":{"rendered":"Lo nuevo de Eminem feat. Ed Sheeran."},"content":{"rendered":"<p>Eminem lanz\u00f3 el video de su canci\u00f3n junto a Ed Sheeran, River. En el clip, dirigido por Emil Nava, Slim Shaddy y el brit\u00e1nico comienzan hablando a c\u00e1mara sobre el amor. \u201cMi vida personal no es exactamente un pedestal\u201d, dice el rapero.<\/p>\n<p>Durante el video, Eminem protagoniza una historia de amor con una chica que en el pasado hab\u00eda sido maltratada por su ex marido. Pero este nuevo romance tampoco termina bien.<\/p>\n<p><img loading=\"lazy\" decoding=\"async\" class=\"alignnone size-full wp-image-5200\" src=\"http:\/\/www.masfm.com.ar\/emisora\/wp-content\/uploads\/2018\/02\/noticias-EMINEM-Y-ED-SHEERAN.jpg\" alt=\"\" width=\"690\" height=\"330\" title=\"\" srcset=\"https:\/\/masfm.com\/emisora\/wp-content\/uploads\/2018\/02\/noticias-EMINEM-Y-ED-SHEERAN.jpg 690w, https:\/\/masfm.com\/emisora\/wp-content\/uploads\/2018\/02\/noticias-EMINEM-Y-ED-SHEERAN-345x165.jpg 345w, https:\/\/masfm.com\/emisora\/wp-content\/uploads\/2018\/02\/noticias-EMINEM-Y-ED-SHEERAN-600x287.jpg 600w, https:\/\/masfm.com\/emisora\/wp-content\/uploads\/2018\/02\/noticias-EMINEM-Y-ED-SHEERAN-560x268.jpg 560w\" sizes=\"auto, (max-width: 690px) 100vw, 690px\" \/><\/p>\n","protected":false},"excerpt":{"rendered":"<p>Eminem lanz\u00f3 el video de su canci\u00f3n junto a Ed Sheeran, River. En el clip, dirigido por Emil Nava, Slim Shaddy y el brit\u00e1nico comienzan hablando a c\u00e1mara sobre el amor. \u201cMi vida personal no es exactamente un pedestal\u201d, dice el rapero. Durante el video, Eminem protagoniza una historia de amor con una chica que&hellip;<\/p>\n","protected":false},"author":4,"featured_media":5201,"comment_status":"closed","ping_status":"open","sticky":false,"template":"","format":"video","meta":{"footnotes":""},"categories":[2],"tags":[13,14,24],"class_list":["post-5197","post","type-post","status-publish","format-video","has-post-thumbnail","hentry","category-noticias","tag-musica","tag-noticias","tag-videos","post_format-post-format-video"],"amp_enabled":true,"_links":{"self":[{"href":"https:\/\/masfm.com\/emisora\/wp-json\/wp\/v2\/posts\/5197","targetHints":{"allow":["GET"]}}],"collection":[{"href":"https:\/\/masfm.com\/emisora\/wp-json\/wp\/v2\/posts"}],"about":[{"href":"https:\/\/masfm.com\/emisora\/wp-json\/wp\/v2\/types\/post"}],"author":[{"embeddable":true,"href":"https:\/\/masfm.com\/emisora\/wp-json\/wp\/v2\/users\/4"}],"replies":[{"embeddable":true,"href":"https:\/\/masfm.com\/emisora\/wp-json\/wp\/v2\/comments?post=5197"}],"version-history":[{"count":0,"href":"https:\/\/masfm.com\/emisora\/wp-json\/wp\/v2\/posts\/5197\/revisions"}],"wp:featuredmedia":[{"embeddable":true,"href":"https:\/\/masfm.com\/emisora\/wp-json\/wp\/v2\/media\/5201"}],"wp:attachment":[{"href":"https:\/\/masfm.com\/emisora\/wp-json\/wp\/v2\/media?parent=5197"}],"wp:term":[{"taxonomy":"category","embeddable":true,"href":"https:\/\/masfm.com\/emisora\/wp-json\/wp\/v2\/categories?post=5197"},{"taxonomy":"post_tag","embeddable":true,"href":"https:\/\/masfm.com\/emisora\/wp-json\/wp\/v2\/tags?post=5197"}],"curies":[{"name":"wp","href":"https:\/\/api.w.org\/{rel}","templated":true}]}}