{"id":5315,"date":"2018-02-26T20:00:04","date_gmt":"2018-02-26T23:00:04","guid":{"rendered":"http:\/\/www.masfm.com.ar\/emisora\/?p=5315"},"modified":"2025-07-09T13:18:35","modified_gmt":"2025-07-09T16:18:35","slug":"nueva-formacion-de-la-franela","status":"publish","type":"post","link":"https:\/\/masfm.com\/emisora\/nueva-formacion-de-la-franela\/","title":{"rendered":"NUEVA FORMACI\u00d3N DE LA FRANELA."},"content":{"rendered":"\n<figure class=\"wp-block-image size-full\"><img loading=\"lazy\" decoding=\"async\" width=\"690\" height=\"330\" src=\"https:\/\/masfm.com\/emisora\/wp-content\/uploads\/2018\/02\/noticias-piti-la-franela-1.jpg\" alt=\"La Franela renueva su formaci\u00f3n, que ser\u00e1 presentada oficialmente el 10 de marzo en el local porte\u00f1o La Trastienda.\n\nEn esta nueva etapa, La Franela presenta a sus integrantes: Daniel \u201cPiti\u201d Fern\u00e1ndez (voz y guitarra), Joselo de Diego (voz), Changuito Far\u00edas G\u00f3mez (percusi\u00f3n), Sebasti\u00e1n \u201cRoger\u201d Cardero (bater\u00eda), Fernando Cardero (bajo), Mat\u00edas Kupinsky (guitarra) y Nico Simone (guitarra).\" class=\"wp-image-5320\" title=\"La Franela renueva su formaci\u00f3n, que ser\u00e1 presentada oficialmente el 10 de marzo en el local porte\u00f1o La Trastienda.  En esta nueva etapa, La Franela presenta a sus integrantes: Daniel \u201cPiti\u201d Fern\u00e1ndez (voz y guitarra), Joselo de Diego (voz), Changuito Far\u00edas G\u00f3mez (percusi\u00f3n), Sebasti\u00e1n \u201cRoger\u201d Cardero (bater\u00eda), Fernando Cardero (bajo), Mat\u00edas Kupinsky (guitarra) y Nico Simone (guitarra).\" srcset=\"https:\/\/masfm.com\/emisora\/wp-content\/uploads\/2018\/02\/noticias-piti-la-franela-1.jpg 690w, https:\/\/masfm.com\/emisora\/wp-content\/uploads\/2018\/02\/noticias-piti-la-franela-1-345x165.jpg 345w, https:\/\/masfm.com\/emisora\/wp-content\/uploads\/2018\/02\/noticias-piti-la-franela-1-600x287.jpg 600w, https:\/\/masfm.com\/emisora\/wp-content\/uploads\/2018\/02\/noticias-piti-la-franela-1-560x268.jpg 560w\" sizes=\"auto, (max-width: 690px) 100vw, 690px\" \/><\/figure>\n\n\n\n<h2 class=\"wp-block-heading\">La Franela renueva su formaci\u00f3n, que ser\u00e1 presentada oficialmente el 10 de marzo en el local porte\u00f1o La Trastienda.<\/h2>\n\n\n\n<p>En esta nueva etapa, La Franela presenta a sus integrantes: Daniel \u201cPiti\u201d Fern\u00e1ndez (voz y guitarra), Joselo de Diego (voz), Changuito Far\u00edas G\u00f3mez (percusi\u00f3n), Sebasti\u00e1n \u201cRoger\u201d Cardero (bater\u00eda), Fernando Cardero (bajo), Mat\u00edas Kupinsky (guitarra) y Nico Simone (guitarra).<\/p>\n\n\n\n<p>A fines de 2017, el guitarrista Mart\u00edn \u201cTuc\u00e1n\u201d Bosa anunciaba que dejaba el grupo. <\/p>\n\n\n\n<blockquote class=\"wp-block-quote is-layout-flow wp-block-quote-is-layout-flow\">\n<p>\u201cHace un mes comuniqu\u00e9 la decisi\u00f3n a mis compa\u00f1eros de seguir hasta fin de a\u00f1o y ac\u00e1 estamos\u201d, expres\u00f3 en un comunicado publicado en Facebook. <\/p>\n<\/blockquote>\n\n\n\n<p>Al poco tiempo, fue el baterista Diego M\u00f3dica quien informaba su alejamiento. <\/p>\n\n\n\n<blockquote class=\"wp-block-quote is-layout-flow wp-block-quote-is-layout-flow\">\n<p>\u201cEs un momento de mucha tristeza pero tambi\u00e9n para agradecer: A mis amigos y compa\u00f1eros en esta aventura, por lo vivido y lo aprendido\u201d, escribi\u00f3 en su cuenta de Facebook. <\/p>\n<\/blockquote>\n\n\n\n<p>As\u00ed, los \u00fanicos que quedaron junto a Piti son el Changuito Far\u00edas G\u00f3mez, ex percusionista de <a href=\"https:\/\/masfm.com\/emisora\/?s=los+piojos\" target=\"_blank\" rel=\"noreferrer noopener\">Los Piojos<\/a> y el cantante Joselo De Diego.<\/p>\n\n\n\n<p>Ante esa situaci\u00f3n, el grupo oficializ\u00f3 a los nuevos integrantes que tienen, en mayor o menor medida, una esencia piojosa y que fueron presentado como los \u201camigos de siempre\u201d. <\/p>\n\n\n\n<p>Sebasti\u00e1n \u201cRoger\u201d Cardero fue el \u00faltimo baterista de Los Piojos, cuando entr\u00f3 en 2000 como relevo de Daniel Buira.<\/p>\n\n\n\n<p>Fernando, hermano de \u201cRoger\u201d con quien comparti\u00f3 El Vuelo de la Grulla, tambi\u00e9n ingres\u00f3 al grupo como bajista. <\/p>\n\n\n\n<p>El ex Los Umbanda, Mat\u00edas Kupinski, hermano del recordado Tavo, violero fundacional piojoso (quien muri\u00f3 en un accidente automovil\u00edstico en el 2011), suma su guitarra a la de Nicol\u00e1s Simone, otro nuevo ingreso.<\/p>\n\n\n\n<p>En el concierto en La Trastienda, <a href=\"https:\/\/masfm.com\/emisora\/?s=la+franela\" target=\"_blank\" rel=\"noreferrer noopener\">La Franela<\/a> repasar\u00e1 las canciones de su M\u00e1s reciente \u00e1lbum, \u201cAire\u201d (2017) y lo mejor de sus carrera.<\/p>\n\n\n\n<h2 class=\"wp-block-heading\" id=\"ya-lo-sumamos\">\u00a1Ya lo sumamos!<\/h2>\n\n\n\n<p>Los mejores videos de Los Piojos y La Franela ya forman parte de nuestra programaci\u00f3n, la cual desde hace M\u00e1s de dos d\u00e9cadas, la disfrut\u00e1s 100 % con im\u00e1genes.<\/p>\n\n\n\n<p>Acordate, pod\u00e9s mirarnos desde tu compu, tablet, notebook o Smart TV con s\u00f3lo&nbsp;<a href=\"https:\/\/masfm.com\/emisora\/#section-custom-content-2\" target=\"_blank\" rel=\"noreferrer noopener\">entrar ac\u00e1<\/a>.<\/p>\n\n\n\n<p>Si prefer\u00eds que la experiencia sea por medio de tu celular, bajate la App gratuitamente&nbsp;<a href=\"https:\/\/masfm.pryx.com.ar\/install\/\" target=\"_blank\" rel=\"noreferrer noopener\">desde ac\u00e1<\/a>&nbsp;y miranos desde cualquier parte del mundo, a la hora que quieras!<\/p>\n\n\n\n<p>Estamos las 24 horas con la mejor m\u00fasica y sus clips.<\/p>\n\n\n\n<h2 class=\"wp-block-heading\" id=\"registrate-a-mas-fm-95-9\">\u00a1Registrate a M\u00e1s FM 95 9!<\/h2>\n\n\n  \n  \n  <div class=\"\n    mailpoet_form_popup_overlay\n      \"><\/div>\n  <div\n    id=\"mailpoet_form_3\"\n    class=\"\n      mailpoet_form\n      mailpoet_form_html\n      mailpoet_form_position_\n      mailpoet_form_animation_\n    \"\n      >\n\n    <style type=\"text\/css\">\n     #mailpoet_form_3 .mailpoet_form {  }\n#mailpoet_form_3 .mailpoet_column_with_background { padding: 10px; }\n#mailpoet_form_3 .mailpoet_form_column:not(:first-child) { margin-left: 20px; }\n#mailpoet_form_3 .mailpoet_paragraph { line-height: 20px; margin-bottom: 20px; }\n#mailpoet_form_3 .mailpoet_segment_label, #mailpoet_form_3 .mailpoet_text_label, #mailpoet_form_3 .mailpoet_textarea_label, #mailpoet_form_3 .mailpoet_select_label, #mailpoet_form_3 .mailpoet_radio_label, #mailpoet_form_3 .mailpoet_checkbox_label, #mailpoet_form_3 .mailpoet_list_label, #mailpoet_form_3 .mailpoet_date_label { display: block; font-weight: normal; }\n#mailpoet_form_3 .mailpoet_text, #mailpoet_form_3 .mailpoet_textarea, #mailpoet_form_3 .mailpoet_select, #mailpoet_form_3 .mailpoet_date_month, #mailpoet_form_3 .mailpoet_date_day, #mailpoet_form_3 .mailpoet_date_year, #mailpoet_form_3 .mailpoet_date { display: block; }\n#mailpoet_form_3 .mailpoet_text, #mailpoet_form_3 .mailpoet_textarea { width: 200px; }\n#mailpoet_form_3 .mailpoet_checkbox {  }\n#mailpoet_form_3 .mailpoet_submit {  }\n#mailpoet_form_3 .mailpoet_divider {  }\n#mailpoet_form_3 .mailpoet_message {  }\n#mailpoet_form_3 .mailpoet_form_loading { width: 30px; text-align: center; line-height: normal; }\n#mailpoet_form_3 .mailpoet_form_loading > span { width: 5px; height: 5px; background-color: #5b5b5b; }#mailpoet_form_3{border-radius: 0px;text-align: left;}#mailpoet_form_3 form.mailpoet_form {padding: 20px;}#mailpoet_form_3{width: 100%;}#mailpoet_form_3 .mailpoet_message {margin: 0; padding: 0 20px;}#mailpoet_form_3 .mailpoet_paragraph.last {margin-bottom: 0} @media (max-width: 500px) {#mailpoet_form_3 {background-image: none;}} @media (min-width: 500px) {#mailpoet_form_3 .last .mailpoet_paragraph:last-child {margin-bottom: 0}}  @media (max-width: 500px) {#mailpoet_form_3 .mailpoet_form_column:last-child .mailpoet_paragraph:last-child {margin-bottom: 0}} \n    <\/style>\n\n    <form\n      target=\"_self\"\n      method=\"post\"\n      action=\"https:\/\/masfm.com\/emisora\/wp-admin\/admin-post.php?action=mailpoet_subscription_form\"\n      class=\"mailpoet_form mailpoet_form_form mailpoet_form_html\"\n      novalidate\n      data-delay=\"\"\n      data-exit-intent-enabled=\"\"\n      data-trigger-mode=\"\"\n      data-click-trigger-selector=\"\"\n      data-font-family=\"\"\n      data-cookie-expiration-time=\"\"\n    >\n      <input type=\"hidden\" name=\"data[form_id]\" value=\"3\" \/>\n      <input type=\"hidden\" name=\"token\" value=\"a4b0f744f3\" \/>\n      <input type=\"hidden\" name=\"api_version\" value=\"v1\" \/>\n      <input type=\"hidden\" name=\"endpoint\" value=\"subscribers\" \/>\n      <input type=\"hidden\" name=\"mailpoet_method\" value=\"subscribe\" \/>\n\n      <label class=\"mailpoet_hp_email_label\" style=\"display: none !important;\">Please leave this field empty<input type=\"email\" name=\"data[email]\"\/><\/label><div class='mailpoet_form_columns_container'><div class=\"mailpoet_form_columns mailpoet_paragraph mailpoet_stack_on_mobile\"><div class=\"mailpoet_form_column\"><div class=\"mailpoet_paragraph \"><input type=\"text\" autocomplete=\"given-name\" class=\"mailpoet_text\" id=\"form_first_name_3\" name=\"data[form_field_Mjg5ZDFmYWM5ZDQ5X2ZpcnN0X25hbWU=]\" title=\"Nombre\" value=\"\" style=\"width:100%;box-sizing:border-box;padding:5px;margin: 0 auto 0 0;\" data-automation-id=\"form_first_name\"  placeholder=\"Nombre\" aria-label=\"Nombre\" data-parsley-errors-container=\".mailpoet_error_1ye51\" data-parsley-names='[&quot;Please specify a valid name.&quot;,&quot;Addresses in names are not permitted, please add your name instead.&quot;]'\/><span class=\"mailpoet_error_1ye51\"><\/span><\/div>\n<\/div>\n<div class=\"mailpoet_form_column\"><div class=\"mailpoet_paragraph \"><input type=\"email\" autocomplete=\"email\" class=\"mailpoet_text\" id=\"form_email_3\" name=\"data[form_field_OGY2ODJhNTQxZjUxX2VtYWls]\" title=\"TU MAIL:\" value=\"\" style=\"width:100%;box-sizing:border-box;padding:5px;margin: 0 auto 0 0;\" data-automation-id=\"form_email\"  placeholder=\"TU MAIL: *\" aria-label=\"TU MAIL: *\" data-parsley-errors-container=\".mailpoet_error_tnb5m\" data-parsley-required=\"true\" required aria-required=\"true\" data-parsley-minlength=\"6\" data-parsley-maxlength=\"150\" data-parsley-type-message=\"This value should be a valid email.\" data-parsley-required-message=\"This field is required.\"\/><span class=\"mailpoet_error_tnb5m\"><\/span><\/div>\n<\/div>\n<div class=\"mailpoet_form_column\"><div class=\"mailpoet_paragraph \"><input type=\"submit\" class=\"mailpoet_submit\" value=\"SUMATE YA!\" data-automation-id=\"subscribe-submit-button\" style=\"width:100%;box-sizing:border-box;padding:5px;margin: 0 auto 0 0;border-color:transparent;\" \/><span class=\"mailpoet_form_loading\"><span class=\"mailpoet_bounce1\"><\/span><span class=\"mailpoet_bounce2\"><\/span><span class=\"mailpoet_bounce3\"><\/span><\/span><\/div>\n<\/div>\n<\/div><\/div>\n<div class='mailpoet_form_columns_container'><div class=\"mailpoet_form_columns mailpoet_paragraph mailpoet_stack_on_mobile\"><div class=\"mailpoet_form_column\"><\/div>\n<div class=\"mailpoet_form_column\"><\/div>\n<\/div><\/div>\n\n      <div class=\"mailpoet_message\">\n        <p class=\"mailpoet_validate_success\"\n                style=\"display:none;\"\n                >Revisa tu bandeja de entrada o la carpeta de spam para confirmar tu suscripci\u00f3n.\n        <\/p>\n        <p class=\"mailpoet_validate_error\"\n                style=\"display:none;\"\n                >        <\/p>\n      <\/div>\n    <\/form>\n\n      <\/div>\n\n  \n\n\n<figure class=\"wp-block-image size-full\"><img loading=\"lazy\" decoding=\"async\" width=\"690\" height=\"330\" src=\"https:\/\/masfm.com\/emisora\/wp-content\/uploads\/2018\/02\/noticias-piti-la-franela-2.jpg\" alt=\"La Franela renueva su formaci\u00f3n, que ser\u00e1 presentada oficialmente el 10 de marzo en el local porte\u00f1o La Trastienda.\n\nEn esta nueva etapa, La Franela presenta a sus integrantes: Daniel \u201cPiti\u201d Fern\u00e1ndez (voz y guitarra), Joselo de Diego (voz), Changuito Far\u00edas G\u00f3mez (percusi\u00f3n), Sebasti\u00e1n \u201cRoger\u201d Cardero (bater\u00eda), Fernando Cardero (bajo), Mat\u00edas Kupinsky (guitarra) y Nico Simone (guitarra).\" class=\"wp-image-5319\" title=\"La Franela renueva su formaci\u00f3n, que ser\u00e1 presentada oficialmente el 10 de marzo en el local porte\u00f1o La Trastienda.  En esta nueva etapa, La Franela presenta a sus integrantes: Daniel \u201cPiti\u201d Fern\u00e1ndez (voz y guitarra), Joselo de Diego (voz), Changuito Far\u00edas G\u00f3mez (percusi\u00f3n), Sebasti\u00e1n \u201cRoger\u201d Cardero (bater\u00eda), Fernando Cardero (bajo), Mat\u00edas Kupinsky (guitarra) y Nico Simone (guitarra).\" srcset=\"https:\/\/masfm.com\/emisora\/wp-content\/uploads\/2018\/02\/noticias-piti-la-franela-2.jpg 690w, https:\/\/masfm.com\/emisora\/wp-content\/uploads\/2018\/02\/noticias-piti-la-franela-2-345x165.jpg 345w, https:\/\/masfm.com\/emisora\/wp-content\/uploads\/2018\/02\/noticias-piti-la-franela-2-600x287.jpg 600w, https:\/\/masfm.com\/emisora\/wp-content\/uploads\/2018\/02\/noticias-piti-la-franela-2-560x268.jpg 560w\" sizes=\"auto, (max-width: 690px) 100vw, 690px\" \/><\/figure>\n","protected":false},"excerpt":{"rendered":"<p>La Franela renueva su formaci\u00f3n, que ser\u00e1 presentada oficialmente el 10 de marzo en el local porte\u00f1o La Trastienda. En esta nueva etapa, La Franela presenta a sus integrantes: Daniel \u201cPiti\u201d Fern\u00e1ndez (voz y guitarra), Joselo de Diego (voz), Changuito Far\u00edas G\u00f3mez (percusi\u00f3n), Sebasti\u00e1n \u201cRoger\u201d Cardero (bater\u00eda), Fernando Cardero (bajo), Mat\u00edas Kupinsky (guitarra) y Nico&hellip;<\/p>\n","protected":false},"author":4,"featured_media":5320,"comment_status":"closed","ping_status":"open","sticky":false,"template":"","format":"video","meta":{"footnotes":""},"categories":[2],"tags":[13,14],"class_list":["post-5315","post","type-post","status-publish","format-video","has-post-thumbnail","hentry","category-noticias","tag-musica","tag-noticias","post_format-post-format-video"],"amp_enabled":true,"_links":{"self":[{"href":"https:\/\/masfm.com\/emisora\/wp-json\/wp\/v2\/posts\/5315","targetHints":{"allow":["GET"]}}],"collection":[{"href":"https:\/\/masfm.com\/emisora\/wp-json\/wp\/v2\/posts"}],"about":[{"href":"https:\/\/masfm.com\/emisora\/wp-json\/wp\/v2\/types\/post"}],"author":[{"embeddable":true,"href":"https:\/\/masfm.com\/emisora\/wp-json\/wp\/v2\/users\/4"}],"replies":[{"embeddable":true,"href":"https:\/\/masfm.com\/emisora\/wp-json\/wp\/v2\/comments?post=5315"}],"version-history":[{"count":0,"href":"https:\/\/masfm.com\/emisora\/wp-json\/wp\/v2\/posts\/5315\/revisions"}],"wp:featuredmedia":[{"embeddable":true,"href":"https:\/\/masfm.com\/emisora\/wp-json\/wp\/v2\/media\/5320"}],"wp:attachment":[{"href":"https:\/\/masfm.com\/emisora\/wp-json\/wp\/v2\/media?parent=5315"}],"wp:term":[{"taxonomy":"category","embeddable":true,"href":"https:\/\/masfm.com\/emisora\/wp-json\/wp\/v2\/categories?post=5315"},{"taxonomy":"post_tag","embeddable":true,"href":"https:\/\/masfm.com\/emisora\/wp-json\/wp\/v2\/tags?post=5315"}],"curies":[{"name":"wp","href":"https:\/\/api.w.org\/{rel}","templated":true}]}}