{"id":5386,"date":"2018-03-07T19:20:46","date_gmt":"2018-03-07T22:20:46","guid":{"rendered":"http:\/\/www.masfm.com.ar\/emisora\/?p=5386"},"modified":"2018-03-15T19:04:56","modified_gmt":"2018-03-15T22:04:56","slug":"lanzaran-vinilos-de-u2","status":"publish","type":"post","link":"https:\/\/masfm.com\/emisora\/lanzaran-vinilos-de-u2\/","title":{"rendered":"Lanzar\u00e1n vinilos de U2."},"content":{"rendered":"<p>U2 anunci\u00f3 la reedici\u00f3n en vinilo de tres de sus \u00e1lbumes cl\u00e1sicos: El EP \u201cWide Awake In America\u201d, \u201cPop\u201d y \u201cAll That You Can The Leave Behind\u201d.<\/p>\n<p>Estas versiones saldr\u00e1n a la venta el 13 de abril en vinilo (180 gramos) con portadas que van a representar fielmente el arte original de las obras.<\/p>\n<p>Adem\u00e1s, tanto \u201cPop\u201d como \u201cAll That You Can The Leave Behind\u201d vendr\u00e1n con un booklet especial. Por otra parte, todas las reediciones vendr\u00e1n con sus correspondientes tarjetas de descarga especial.<\/p>\n<p>Desde ya puedes hacer el encargo por estos \u00e1lbumes en la tienda de la p\u00e1gina oficial de U2.<\/p>\n<p><img loading=\"lazy\" decoding=\"async\" class=\"alignnone size-full wp-image-5395\" src=\"http:\/\/www.masfm.com.ar\/emisora\/wp-content\/uploads\/2018\/03\/noticias-U2-2.jpg\" alt=\"\" width=\"690\" height=\"330\" title=\"\" srcset=\"https:\/\/masfm.com\/emisora\/wp-content\/uploads\/2018\/03\/noticias-U2-2.jpg 690w, https:\/\/masfm.com\/emisora\/wp-content\/uploads\/2018\/03\/noticias-U2-2-345x165.jpg 345w, https:\/\/masfm.com\/emisora\/wp-content\/uploads\/2018\/03\/noticias-U2-2-600x287.jpg 600w, https:\/\/masfm.com\/emisora\/wp-content\/uploads\/2018\/03\/noticias-U2-2-560x268.jpg 560w\" sizes=\"auto, (max-width: 690px) 100vw, 690px\" \/><\/p>\n","protected":false},"excerpt":{"rendered":"<p>U2 anunci\u00f3 la reedici\u00f3n en vinilo de tres de sus \u00e1lbumes cl\u00e1sicos: El EP \u201cWide Awake In America\u201d, \u201cPop\u201d y \u201cAll That You Can The Leave Behind\u201d. Estas versiones saldr\u00e1n a la venta el 13 de abril en vinilo (180 gramos) con portadas que van a representar fielmente el arte original de las obras. Adem\u00e1s,&hellip;<\/p>\n","protected":false},"author":4,"featured_media":5396,"comment_status":"closed","ping_status":"open","sticky":false,"template":"","format":"video","meta":{"footnotes":""},"categories":[2],"tags":[13,14],"class_list":["post-5386","post","type-post","status-publish","format-video","has-post-thumbnail","hentry","category-noticias","tag-musica","tag-noticias","post_format-post-format-video"],"amp_enabled":true,"_links":{"self":[{"href":"https:\/\/masfm.com\/emisora\/wp-json\/wp\/v2\/posts\/5386","targetHints":{"allow":["GET"]}}],"collection":[{"href":"https:\/\/masfm.com\/emisora\/wp-json\/wp\/v2\/posts"}],"about":[{"href":"https:\/\/masfm.com\/emisora\/wp-json\/wp\/v2\/types\/post"}],"author":[{"embeddable":true,"href":"https:\/\/masfm.com\/emisora\/wp-json\/wp\/v2\/users\/4"}],"replies":[{"embeddable":true,"href":"https:\/\/masfm.com\/emisora\/wp-json\/wp\/v2\/comments?post=5386"}],"version-history":[{"count":0,"href":"https:\/\/masfm.com\/emisora\/wp-json\/wp\/v2\/posts\/5386\/revisions"}],"wp:featuredmedia":[{"embeddable":true,"href":"https:\/\/masfm.com\/emisora\/wp-json\/wp\/v2\/media\/5396"}],"wp:attachment":[{"href":"https:\/\/masfm.com\/emisora\/wp-json\/wp\/v2\/media?parent=5386"}],"wp:term":[{"taxonomy":"category","embeddable":true,"href":"https:\/\/masfm.com\/emisora\/wp-json\/wp\/v2\/categories?post=5386"},{"taxonomy":"post_tag","embeddable":true,"href":"https:\/\/masfm.com\/emisora\/wp-json\/wp\/v2\/tags?post=5386"}],"curies":[{"name":"wp","href":"https:\/\/api.w.org\/{rel}","templated":true}]}}