{"id":5547,"date":"2018-04-03T19:48:26","date_gmt":"2018-04-03T22:48:26","guid":{"rendered":"http:\/\/www.masfm.com.ar\/emisora\/?p=5547"},"modified":"2018-04-04T14:30:14","modified_gmt":"2018-04-04T17:30:14","slug":"las-pelotas-se-despide","status":"publish","type":"post","link":"https:\/\/masfm.com\/emisora\/las-pelotas-se-despide\/","title":{"rendered":"Las Pelotas se despide."},"content":{"rendered":"<p>Las Pelotas se prepara para despedir en vivo \u201cBrindando por nada\u201d, el disco n\u00famero once de su carrera. Tras una extensa gira presentando este material en las salas y festivales m\u00e1s importantes del pa\u00eds -e incluso en el exterior con shows en M\u00e9xico y Chile-, el grupo liderado por Germ\u00e1n Daffunchio brindar\u00e1 dos conciertos \u00fanicos y masivos en territorio nacional para cerrar el ciclo de este \u00e1lbum.<\/p>\n<p>La primera fecha tendr\u00e1 lugar el viernes 4 de mayo en la Plaza de la M\u00fasica, en la ciudad de C\u00f3rdoba. Las entradas est\u00e1n a la venta desde hoy por www.edenentradas.com.ar. Luego ser\u00e1 el turno de Capital Federal, el s\u00e1bado 12 de mayo a las 21 en el Microestadio Cubierto Malvinas Argentinas. Las entradas se pueden adquirir por Sistema Ticketek, en Locuras (sucursales Once, Mor\u00f3n, Quilmes) y en La Cueva (Lan\u00fas).<\/p>\n<p>\u201cBrindando por nada\u201d fue lanzado en marzo de 2016 por Popart Discos y ha sido destacado por la cr\u00edtica especializada como uno de los trabajos m\u00e1s exquisitos del rock nacional. Con producci\u00f3n de Germ\u00e1n Daffunchio y Sebasti\u00e1n Schachtel, la banda exhibe con elegancia su madurez l\u00edrica e interpretativa abrazando la luz y la oscuridad, la furia, la melancol\u00eda, la esperanza, transitando una energ\u00eda post punk y haci\u00e9ndose cargo del esp\u00edritu siempre combativo de Las Pelotas. Los conciertos de C\u00f3rdoba y Buenos Aires recorrer\u00e1n el repertorio de este disco, adem\u00e1s de proponer un repaso por los m\u00e1s grandes cl\u00e1sicos de una de las bandas m\u00e1s influyentes del rock en las \u00faltimas tres d\u00e9cadas.<\/p>\n<p>En lo que resta de 2018 Las Pelotas se sumergir\u00e1 en la intimidad de la composici\u00f3n para comenzar a trabajar en las canciones que ser\u00e1n parte de su pr\u00f3ximo material de estudio.<\/p>\n<p><img loading=\"lazy\" decoding=\"async\" class=\"alignnone size-full wp-image-5550\" src=\"http:\/\/www.masfm.com.ar\/emisora\/wp-content\/uploads\/2018\/04\/noticias-las-pelotas-4.jpg\" alt=\"\" width=\"690\" height=\"330\" title=\"\" srcset=\"https:\/\/masfm.com\/emisora\/wp-content\/uploads\/2018\/04\/noticias-las-pelotas-4.jpg 690w, https:\/\/masfm.com\/emisora\/wp-content\/uploads\/2018\/04\/noticias-las-pelotas-4-345x165.jpg 345w, https:\/\/masfm.com\/emisora\/wp-content\/uploads\/2018\/04\/noticias-las-pelotas-4-600x287.jpg 600w, https:\/\/masfm.com\/emisora\/wp-content\/uploads\/2018\/04\/noticias-las-pelotas-4-560x268.jpg 560w\" sizes=\"auto, (max-width: 690px) 100vw, 690px\" \/><\/p>\n","protected":false},"excerpt":{"rendered":"<p>Las Pelotas se prepara para despedir en vivo \u201cBrindando por nada\u201d, el disco n\u00famero once de su carrera. Tras una extensa gira presentando este material en las salas y festivales m\u00e1s importantes del pa\u00eds -e incluso en el exterior con shows en M\u00e9xico y Chile-, el grupo liderado por Germ\u00e1n Daffunchio brindar\u00e1 dos conciertos \u00fanicos&hellip;<\/p>\n","protected":false},"author":4,"featured_media":5549,"comment_status":"closed","ping_status":"open","sticky":false,"template":"","format":"video","meta":{"footnotes":""},"categories":[2],"tags":[13,14,45],"class_list":["post-5547","post","type-post","status-publish","format-video","has-post-thumbnail","hentry","category-noticias","tag-musica","tag-noticias","tag-shows","post_format-post-format-video"],"amp_enabled":true,"_links":{"self":[{"href":"https:\/\/masfm.com\/emisora\/wp-json\/wp\/v2\/posts\/5547","targetHints":{"allow":["GET"]}}],"collection":[{"href":"https:\/\/masfm.com\/emisora\/wp-json\/wp\/v2\/posts"}],"about":[{"href":"https:\/\/masfm.com\/emisora\/wp-json\/wp\/v2\/types\/post"}],"author":[{"embeddable":true,"href":"https:\/\/masfm.com\/emisora\/wp-json\/wp\/v2\/users\/4"}],"replies":[{"embeddable":true,"href":"https:\/\/masfm.com\/emisora\/wp-json\/wp\/v2\/comments?post=5547"}],"version-history":[{"count":0,"href":"https:\/\/masfm.com\/emisora\/wp-json\/wp\/v2\/posts\/5547\/revisions"}],"wp:featuredmedia":[{"embeddable":true,"href":"https:\/\/masfm.com\/emisora\/wp-json\/wp\/v2\/media\/5549"}],"wp:attachment":[{"href":"https:\/\/masfm.com\/emisora\/wp-json\/wp\/v2\/media?parent=5547"}],"wp:term":[{"taxonomy":"category","embeddable":true,"href":"https:\/\/masfm.com\/emisora\/wp-json\/wp\/v2\/categories?post=5547"},{"taxonomy":"post_tag","embeddable":true,"href":"https:\/\/masfm.com\/emisora\/wp-json\/wp\/v2\/tags?post=5547"}],"curies":[{"name":"wp","href":"https:\/\/api.w.org\/{rel}","templated":true}]}}