{"id":5562,"date":"2018-04-04T18:19:35","date_gmt":"2018-04-04T21:19:35","guid":{"rendered":"http:\/\/www.masfm.com.ar\/emisora\/?p=5562"},"modified":"2018-04-07T16:03:02","modified_gmt":"2018-04-07T19:03:02","slug":"hay-balas-de-magia","status":"publish","type":"post","link":"https:\/\/masfm.com\/emisora\/hay-balas-de-magia\/","title":{"rendered":"Hay &#8220;Balas de Magia&#8221;."},"content":{"rendered":"<p>Despu\u00e9s de un a\u00f1o 2017 consagratorio para la banda de La Plata, donde llenaron 4 Trastiendas con entradas agotadas, realizaron un Estadio Atenas lleno ante un marco imponente de p\u00fablico y se dieron el lujo de telonear a No Te Va Gustar en el play\u00f3n del Estadio Unico en diciembre; Cruzando el Charco comienza el 2018 con un gran show en su ciudad de origen: ser\u00e1 el s\u00e1bado 14 de abril en el Microestadio Atenas y tendr\u00e1 como banda invitada a Percance (desde Costa Rica). Cabe destacar que durante el verano estuvieron girando por la costa atl\u00e1ntica y participaron del Festival Rock en Baradero con gran \u00e9xito.<\/p>\n<p>Al finalizar el 2017 estrenaron el videoclip de &#8220;Cambiando de color&#8221; (dirigido por Octavio Lovisolo) tercer corte de difusi\u00f3n de &#8220;A Mil&#8221; (su \u00faltimo disco editado el a\u00f1o pasado y producido por Pepe C\u00e9spedes y Juan Bruno de Bersuit).<\/p>\n<p>Como antesala al concierto que realizar\u00e1n en su propia ciudad, estrenan nuevo corte y videoclip, se trata de la canci\u00f3n &#8220;Balas de Magia&#8221;(cuarto sencillo de &#8220;A Mil&#8221;). El video y audio fueron grabados en vivo durante la presentaci\u00f3n de su disco que se realiz\u00f3 el 8\/4\/2017 en el Microestadio Atenas, donde volver\u00e1n a tocar el pr\u00f3ximo 14 de abril para reconfirmar su gran crecimiento.<\/p>\n<p>Faltar\u00e1 mucho para que vuelvan a pisar nuestra ciudad?<\/p>\n<p><img loading=\"lazy\" decoding=\"async\" class=\"alignnone size-full wp-image-5564\" src=\"http:\/\/www.masfm.com.ar\/emisora\/wp-content\/uploads\/2018\/04\/noticias-cruzando-el-charco-1.jpg\" alt=\"\" width=\"690\" height=\"330\" title=\"\" srcset=\"https:\/\/masfm.com\/emisora\/wp-content\/uploads\/2018\/04\/noticias-cruzando-el-charco-1.jpg 690w, https:\/\/masfm.com\/emisora\/wp-content\/uploads\/2018\/04\/noticias-cruzando-el-charco-1-345x165.jpg 345w, https:\/\/masfm.com\/emisora\/wp-content\/uploads\/2018\/04\/noticias-cruzando-el-charco-1-600x287.jpg 600w, https:\/\/masfm.com\/emisora\/wp-content\/uploads\/2018\/04\/noticias-cruzando-el-charco-1-560x268.jpg 560w\" sizes=\"auto, (max-width: 690px) 100vw, 690px\" \/><\/p>\n","protected":false},"excerpt":{"rendered":"<p>Despu\u00e9s de un a\u00f1o 2017 consagratorio para la banda de La Plata, donde llenaron 4 Trastiendas con entradas agotadas, realizaron un Estadio Atenas lleno ante un marco imponente de p\u00fablico y se dieron el lujo de telonear a No Te Va Gustar en el play\u00f3n del Estadio Unico en diciembre; Cruzando el Charco comienza el&hellip;<\/p>\n","protected":false},"author":4,"featured_media":5563,"comment_status":"closed","ping_status":"open","sticky":false,"template":"","format":"video","meta":{"footnotes":""},"categories":[2],"tags":[13,14,24],"class_list":["post-5562","post","type-post","status-publish","format-video","has-post-thumbnail","hentry","category-noticias","tag-musica","tag-noticias","tag-videos","post_format-post-format-video"],"amp_enabled":true,"_links":{"self":[{"href":"https:\/\/masfm.com\/emisora\/wp-json\/wp\/v2\/posts\/5562","targetHints":{"allow":["GET"]}}],"collection":[{"href":"https:\/\/masfm.com\/emisora\/wp-json\/wp\/v2\/posts"}],"about":[{"href":"https:\/\/masfm.com\/emisora\/wp-json\/wp\/v2\/types\/post"}],"author":[{"embeddable":true,"href":"https:\/\/masfm.com\/emisora\/wp-json\/wp\/v2\/users\/4"}],"replies":[{"embeddable":true,"href":"https:\/\/masfm.com\/emisora\/wp-json\/wp\/v2\/comments?post=5562"}],"version-history":[{"count":0,"href":"https:\/\/masfm.com\/emisora\/wp-json\/wp\/v2\/posts\/5562\/revisions"}],"wp:featuredmedia":[{"embeddable":true,"href":"https:\/\/masfm.com\/emisora\/wp-json\/wp\/v2\/media\/5563"}],"wp:attachment":[{"href":"https:\/\/masfm.com\/emisora\/wp-json\/wp\/v2\/media?parent=5562"}],"wp:term":[{"taxonomy":"category","embeddable":true,"href":"https:\/\/masfm.com\/emisora\/wp-json\/wp\/v2\/categories?post=5562"},{"taxonomy":"post_tag","embeddable":true,"href":"https:\/\/masfm.com\/emisora\/wp-json\/wp\/v2\/tags?post=5562"}],"curies":[{"name":"wp","href":"https:\/\/api.w.org\/{rel}","templated":true}]}}