{"id":5576,"date":"2018-04-07T16:29:32","date_gmt":"2018-04-07T19:29:32","guid":{"rendered":"http:\/\/www.masfm.com.ar\/emisora\/?p=5576"},"modified":"2025-07-29T13:13:31","modified_gmt":"2025-07-29T16:13:31","slug":"uno-mas-de-eminem","status":"publish","type":"post","link":"https:\/\/masfm.com\/emisora\/uno-mas-de-eminem\/","title":{"rendered":"UNO M\u00c1S DE EMINEM"},"content":{"rendered":"\n<figure class=\"wp-block-image size-full\"><img loading=\"lazy\" decoding=\"async\" width=\"690\" height=\"330\" src=\"https:\/\/masfm.com\/emisora\/wp-content\/uploads\/2017\/08\/noticias-eminem.jpg\" alt=\"El rapero Eminem presenta &quot;Framed&quot; y te contamos todo.\n\nEminem comparti\u00f3 un nuevo video musical para la canci\u00f3n &quot;Framed&quot;, la cual se desprende de su m\u00e1s reciente disco Revival.\" class=\"wp-image-2738\" title=\"El rapero Eminem presenta &quot;Framed&quot; y te contamos todo.  Eminem comparti\u00f3 un nuevo video musical para la canci\u00f3n &quot;Framed&quot;, la cual se desprende de su m\u00e1s reciente disco Revival.\" srcset=\"https:\/\/masfm.com\/emisora\/wp-content\/uploads\/2017\/08\/noticias-eminem.jpg 690w, https:\/\/masfm.com\/emisora\/wp-content\/uploads\/2017\/08\/noticias-eminem-345x165.jpg 345w, https:\/\/masfm.com\/emisora\/wp-content\/uploads\/2017\/08\/noticias-eminem-600x287.jpg 600w, https:\/\/masfm.com\/emisora\/wp-content\/uploads\/2017\/08\/noticias-eminem-30x14.jpg 30w, https:\/\/masfm.com\/emisora\/wp-content\/uploads\/2017\/08\/noticias-eminem-560x268.jpg 560w\" sizes=\"auto, (max-width: 690px) 100vw, 690px\" \/><\/figure>\n\n\n\n<h2 class=\"wp-block-heading\">El rapero presenta &#8220;Framed&#8221; y te contamos todo.<\/h2>\n\n\n\n<p>Eminem comparti\u00f3 un nuevo video musical para la canci\u00f3n &#8220;Framed&#8221;, la cual se desprende de su m\u00e1s reciente disco Revival.<\/p>\n\n\n\n<p>El clip, dirigido por James Larese, comienza con una noticia que cuenta que el artista &#8220;escap\u00f3 de un asilo&#8221;.<\/p>\n\n\n\n<p>En el crudo audiovisual se muestran im\u00e1genes expl\u00edcitas de <a href=\"https:\/\/masfm.com\/emisora\/?s=eminem\" target=\"_blank\" rel=\"noreferrer noopener\">Eminem<\/a> cubierto de sangre. <\/p>\n\n\n\n<p>Hacia el final, el m\u00fasico regresa al hospital psiqui\u00e1trico.<\/p>\n\n\n\n<p>Este nuevo tema es el tercer single oficial del disco que promociona el artista, un material que cuenta con 19 temas e incluye duetos con <a href=\"https:\/\/masfm.com\/emisora\/?s=pink\" target=\"_blank\" rel=\"noreferrer noopener\">Pink<\/a>, <a href=\"https:\/\/masfm.com\/emisora\/?s=Ed+Sheeran\" target=\"_blank\" rel=\"noreferrer noopener\">Ed Sheeran<\/a>, <a href=\"https:\/\/masfm.com\/emisora\/?s=alicia+keys\" target=\"_blank\" rel=\"noreferrer noopener\">Alicia Keys<\/a>, Skylar Grey, Kehlani, la banda de rock X Ambassadors, el rapero Phresher y <a href=\"https:\/\/masfm.com\/emisora\/?s=beyonce\" target=\"_blank\" rel=\"noreferrer noopener\">Beyonc\u00e9<\/a>.<\/p>\n\n\n\n<h3 class=\"wp-block-heading\">Tambi\u00e9n te puede gustar saber M\u00e1s sobre:<\/h3>\n\n\n<ul class=\"wp-block-latest-posts__list wp-block-latest-posts\"><li><a class=\"wp-block-latest-posts__post-title\" href=\"https:\/\/masfm.com\/emisora\/turr4zo-y-la-habilidad-de-trueno\/\">&#8220;TURR4ZO&#8221; Y LA HABILIDAD DE TRUENO<\/a><\/li>\n<li><a class=\"wp-block-latest-posts__post-title\" href=\"https:\/\/masfm.com\/emisora\/un-manantial-une-a-morelo-y-abel-pintos\/\">UN \u201cMANANTIAL\u201d UNE A MORELO Y ABEL PINTOS<\/a><\/li>\n<li><a class=\"wp-block-latest-posts__post-title\" href=\"https:\/\/masfm.com\/emisora\/con-flores-luz-gaggi-nos-da-paz\/\">CON &#8220;FLORES&#8221;, LUZ GAGGI NOS DA PAZ<\/a><\/li>\n<li><a class=\"wp-block-latest-posts__post-title\" href=\"https:\/\/masfm.com\/emisora\/las-flores-lo-nuevo-de-ricky-para-mau\/\">&#8220;LAS FLORES&#8221;, LO NUEVO DE RICKY PARA MAU<\/a><\/li>\n<li><a class=\"wp-block-latest-posts__post-title\" href=\"https:\/\/masfm.com\/emisora\/vienes-y-te-vas-lo-nuevo-de-soledad-y-miranda\/\">\u201cVIENES Y TE VAS\u201d, LO NUEVO DE SOLEDAD Y MIRANDA!<\/a><\/li>\n<\/ul>\n\n\n<h2 class=\"wp-block-heading\" id=\"ya-lo-sumamos\">\u00a1Ya lo sumamos!<\/h2>\n\n\n\n<p>Los mejores videos de Eminem ya forman parte de nuestra programaci\u00f3n, la cual desde hace M\u00e1s de dos d\u00e9cadas, la disfrut\u00e1s 100 % con im\u00e1genes.<\/p>\n\n\n\n<p>Acordate, pod\u00e9s mirarnos desde tu compu, tablet, notebook o Smart TV con s\u00f3lo&nbsp;<a href=\"https:\/\/masfm.com\/emisora\/#section-custom-content-2\" target=\"_blank\" rel=\"noreferrer noopener\">entrar ac\u00e1<\/a>.<\/p>\n\n\n\n<p>Si prefer\u00eds que la experiencia sea por medio de tu celular, bajate la App gratuitamente&nbsp;<a href=\"https:\/\/masfm.pryx.com.ar\/install\/\" target=\"_blank\" rel=\"noreferrer noopener\">desde ac\u00e1<\/a>&nbsp;y miranos desde cualquier parte del mundo, a la hora que quieras!<\/p>\n\n\n\n<p>Estamos las 24 horas con la mejor m\u00fasica y sus clips.<\/p>\n\n\n\n<h2 class=\"wp-block-heading\" id=\"registrate-a-mas-fm-95-9\">\u00a1Registrate a M\u00e1s FM 95 9!<\/h2>\n\n\n  \n  \n  <div class=\"\n    mailpoet_form_popup_overlay\n      \"><\/div>\n  <div\n    id=\"mailpoet_form_3\"\n    class=\"\n      mailpoet_form\n      mailpoet_form_html\n      mailpoet_form_position_\n      mailpoet_form_animation_\n    \"\n      >\n\n    <style type=\"text\/css\">\n     #mailpoet_form_3 .mailpoet_form {  }\n#mailpoet_form_3 .mailpoet_column_with_background { padding: 10px; }\n#mailpoet_form_3 .mailpoet_form_column:not(:first-child) { margin-left: 20px; }\n#mailpoet_form_3 .mailpoet_paragraph { line-height: 20px; margin-bottom: 20px; }\n#mailpoet_form_3 .mailpoet_segment_label, #mailpoet_form_3 .mailpoet_text_label, #mailpoet_form_3 .mailpoet_textarea_label, #mailpoet_form_3 .mailpoet_select_label, #mailpoet_form_3 .mailpoet_radio_label, #mailpoet_form_3 .mailpoet_checkbox_label, #mailpoet_form_3 .mailpoet_list_label, #mailpoet_form_3 .mailpoet_date_label { display: block; font-weight: normal; }\n#mailpoet_form_3 .mailpoet_text, #mailpoet_form_3 .mailpoet_textarea, #mailpoet_form_3 .mailpoet_select, #mailpoet_form_3 .mailpoet_date_month, #mailpoet_form_3 .mailpoet_date_day, #mailpoet_form_3 .mailpoet_date_year, #mailpoet_form_3 .mailpoet_date { display: block; }\n#mailpoet_form_3 .mailpoet_text, #mailpoet_form_3 .mailpoet_textarea { width: 200px; }\n#mailpoet_form_3 .mailpoet_checkbox {  }\n#mailpoet_form_3 .mailpoet_submit {  }\n#mailpoet_form_3 .mailpoet_divider {  }\n#mailpoet_form_3 .mailpoet_message {  }\n#mailpoet_form_3 .mailpoet_form_loading { width: 30px; text-align: center; line-height: normal; }\n#mailpoet_form_3 .mailpoet_form_loading > span { width: 5px; height: 5px; background-color: #5b5b5b; }#mailpoet_form_3{border-radius: 0px;text-align: left;}#mailpoet_form_3 form.mailpoet_form {padding: 20px;}#mailpoet_form_3{width: 100%;}#mailpoet_form_3 .mailpoet_message {margin: 0; padding: 0 20px;}#mailpoet_form_3 .mailpoet_paragraph.last {margin-bottom: 0} @media (max-width: 500px) {#mailpoet_form_3 {background-image: none;}} @media (min-width: 500px) {#mailpoet_form_3 .last .mailpoet_paragraph:last-child {margin-bottom: 0}}  @media (max-width: 500px) {#mailpoet_form_3 .mailpoet_form_column:last-child .mailpoet_paragraph:last-child {margin-bottom: 0}} \n    <\/style>\n\n    <form\n      target=\"_self\"\n      method=\"post\"\n      action=\"https:\/\/masfm.com\/emisora\/wp-admin\/admin-post.php?action=mailpoet_subscription_form\"\n      class=\"mailpoet_form mailpoet_form_form mailpoet_form_html\"\n      novalidate\n      data-delay=\"\"\n      data-exit-intent-enabled=\"\"\n      data-trigger-mode=\"\"\n      data-click-trigger-selector=\"\"\n      data-font-family=\"\"\n      data-cookie-expiration-time=\"\"\n    >\n      <input type=\"hidden\" name=\"data[form_id]\" value=\"3\" \/>\n      <input type=\"hidden\" name=\"token\" value=\"a4b0f744f3\" \/>\n      <input type=\"hidden\" name=\"api_version\" value=\"v1\" \/>\n      <input type=\"hidden\" name=\"endpoint\" value=\"subscribers\" \/>\n      <input type=\"hidden\" name=\"mailpoet_method\" value=\"subscribe\" \/>\n\n      <label class=\"mailpoet_hp_email_label\" style=\"display: none !important;\">Please leave this field empty<input type=\"email\" name=\"data[email]\"\/><\/label><div class='mailpoet_form_columns_container'><div class=\"mailpoet_form_columns mailpoet_paragraph mailpoet_stack_on_mobile\"><div class=\"mailpoet_form_column\"><div class=\"mailpoet_paragraph \"><input type=\"text\" autocomplete=\"given-name\" class=\"mailpoet_text\" id=\"form_first_name_3\" name=\"data[form_field_Mjg5ZDFmYWM5ZDQ5X2ZpcnN0X25hbWU=]\" title=\"Nombre\" value=\"\" style=\"width:100%;box-sizing:border-box;padding:5px;margin: 0 auto 0 0;\" data-automation-id=\"form_first_name\"  placeholder=\"Nombre\" aria-label=\"Nombre\" data-parsley-errors-container=\".mailpoet_error_1ok9w\" data-parsley-names='[&quot;Please specify a valid name.&quot;,&quot;Addresses in names are not permitted, please add your name instead.&quot;]'\/><span class=\"mailpoet_error_1ok9w\"><\/span><\/div>\n<\/div>\n<div class=\"mailpoet_form_column\"><div class=\"mailpoet_paragraph \"><input type=\"email\" autocomplete=\"email\" class=\"mailpoet_text\" id=\"form_email_3\" name=\"data[form_field_OGY2ODJhNTQxZjUxX2VtYWls]\" title=\"TU MAIL:\" value=\"\" style=\"width:100%;box-sizing:border-box;padding:5px;margin: 0 auto 0 0;\" data-automation-id=\"form_email\"  placeholder=\"TU MAIL: *\" aria-label=\"TU MAIL: *\" data-parsley-errors-container=\".mailpoet_error_x6tc3\" data-parsley-required=\"true\" required aria-required=\"true\" data-parsley-minlength=\"6\" data-parsley-maxlength=\"150\" data-parsley-type-message=\"This value should be a valid email.\" data-parsley-required-message=\"This field is required.\"\/><span class=\"mailpoet_error_x6tc3\"><\/span><\/div>\n<\/div>\n<div class=\"mailpoet_form_column\"><div class=\"mailpoet_paragraph \"><input type=\"submit\" class=\"mailpoet_submit\" value=\"SUMATE YA!\" data-automation-id=\"subscribe-submit-button\" style=\"width:100%;box-sizing:border-box;padding:5px;margin: 0 auto 0 0;border-color:transparent;\" \/><span class=\"mailpoet_form_loading\"><span class=\"mailpoet_bounce1\"><\/span><span class=\"mailpoet_bounce2\"><\/span><span class=\"mailpoet_bounce3\"><\/span><\/span><\/div>\n<\/div>\n<\/div><\/div>\n<div class='mailpoet_form_columns_container'><div class=\"mailpoet_form_columns mailpoet_paragraph mailpoet_stack_on_mobile\"><div class=\"mailpoet_form_column\"><\/div>\n<div class=\"mailpoet_form_column\"><\/div>\n<\/div><\/div>\n\n      <div class=\"mailpoet_message\">\n        <p class=\"mailpoet_validate_success\"\n                style=\"display:none;\"\n                >Revisa tu bandeja de entrada o la carpeta de spam para confirmar tu suscripci\u00f3n.\n        <\/p>\n        <p class=\"mailpoet_validate_error\"\n                style=\"display:none;\"\n                >        <\/p>\n      <\/div>\n    <\/form>\n\n      <\/div>\n\n  \n\n\n<figure class=\"wp-block-image size-full\"><img loading=\"lazy\" decoding=\"async\" width=\"690\" height=\"330\" src=\"https:\/\/masfm.com\/emisora\/wp-content\/uploads\/2017\/08\/noticias-eminem.jpg\" alt=\"El rapero Eminem presenta &quot;Framed&quot; y te contamos todo.\n\nEminem comparti\u00f3 un nuevo video musical para la canci\u00f3n &quot;Framed&quot;, la cual se desprende de su m\u00e1s reciente disco Revival.\" class=\"wp-image-2738\" title=\"El rapero Eminem presenta &quot;Framed&quot; y te contamos todo.  Eminem comparti\u00f3 un nuevo video musical para la canci\u00f3n &quot;Framed&quot;, la cual se desprende de su m\u00e1s reciente disco Revival.\" srcset=\"https:\/\/masfm.com\/emisora\/wp-content\/uploads\/2017\/08\/noticias-eminem.jpg 690w, https:\/\/masfm.com\/emisora\/wp-content\/uploads\/2017\/08\/noticias-eminem-345x165.jpg 345w, https:\/\/masfm.com\/emisora\/wp-content\/uploads\/2017\/08\/noticias-eminem-600x287.jpg 600w, https:\/\/masfm.com\/emisora\/wp-content\/uploads\/2017\/08\/noticias-eminem-30x14.jpg 30w, https:\/\/masfm.com\/emisora\/wp-content\/uploads\/2017\/08\/noticias-eminem-560x268.jpg 560w\" sizes=\"auto, (max-width: 690px) 100vw, 690px\" \/><\/figure>\n","protected":false},"excerpt":{"rendered":"<p>El rapero presenta &#8220;Framed&#8221; y te contamos todo. Eminem comparti\u00f3 un nuevo video musical para la canci\u00f3n &#8220;Framed&#8221;, la cual se desprende de su m\u00e1s reciente disco Revival. El clip, dirigido por James Larese, comienza con una noticia que cuenta que el artista &#8220;escap\u00f3 de un asilo&#8221;. En el crudo audiovisual se muestran im\u00e1genes expl\u00edcitas&hellip;<\/p>\n","protected":false},"author":4,"featured_media":4597,"comment_status":"closed","ping_status":"open","sticky":false,"template":"","format":"video","meta":{"footnotes":""},"categories":[2],"tags":[374,48,47,46,13,14,23],"class_list":["post-5576","post","type-post","status-publish","format-video","has-post-thumbnail","hentry","category-noticias","tag-eminem","tag-esporaca","tag-laradioqueseve","tag-masfm959","tag-musica","tag-noticias","tag-video","post_format-post-format-video"],"amp_enabled":true,"_links":{"self":[{"href":"https:\/\/masfm.com\/emisora\/wp-json\/wp\/v2\/posts\/5576","targetHints":{"allow":["GET"]}}],"collection":[{"href":"https:\/\/masfm.com\/emisora\/wp-json\/wp\/v2\/posts"}],"about":[{"href":"https:\/\/masfm.com\/emisora\/wp-json\/wp\/v2\/types\/post"}],"author":[{"embeddable":true,"href":"https:\/\/masfm.com\/emisora\/wp-json\/wp\/v2\/users\/4"}],"replies":[{"embeddable":true,"href":"https:\/\/masfm.com\/emisora\/wp-json\/wp\/v2\/comments?post=5576"}],"version-history":[{"count":0,"href":"https:\/\/masfm.com\/emisora\/wp-json\/wp\/v2\/posts\/5576\/revisions"}],"wp:featuredmedia":[{"embeddable":true,"href":"https:\/\/masfm.com\/emisora\/wp-json\/wp\/v2\/media\/4597"}],"wp:attachment":[{"href":"https:\/\/masfm.com\/emisora\/wp-json\/wp\/v2\/media?parent=5576"}],"wp:term":[{"taxonomy":"category","embeddable":true,"href":"https:\/\/masfm.com\/emisora\/wp-json\/wp\/v2\/categories?post=5576"},{"taxonomy":"post_tag","embeddable":true,"href":"https:\/\/masfm.com\/emisora\/wp-json\/wp\/v2\/tags?post=5576"}],"curies":[{"name":"wp","href":"https:\/\/api.w.org\/{rel}","templated":true}]}}