{"id":5664,"date":"2018-04-16T11:20:18","date_gmt":"2018-04-16T14:20:18","guid":{"rendered":"http:\/\/www.masfm.com.ar\/emisora\/?p=5664"},"modified":"2025-07-08T13:16:38","modified_gmt":"2025-07-08T16:16:38","slug":"volvio-el-camion","status":"publish","type":"post","link":"https:\/\/masfm.com\/emisora\/volvio-el-camion\/","title":{"rendered":"\u00a1VOLVI\u00d3 EL CAMI\u00d3N!"},"content":{"rendered":"\n<figure class=\"wp-block-image size-full\"><img loading=\"lazy\" decoding=\"async\" width=\"690\" height=\"330\" src=\"https:\/\/masfm.com\/emisora\/wp-content\/uploads\/2018\/04\/noticias-camion.jpg\" alt=\"Sabemos que la noticia M\u00e1s importante es el evento al que fue nuestro cami\u00f3n y no que haya estado ah\u00ed, pero es uno de nuestros juguetes exclusivos y nos alegra cuando hace, una vez M\u00e1s, algo diferente al resto.\n\nEl viernes, M\u00e1s all\u00e1 del d\u00eda poco jamaiquino que vivimos los santafesinos, estuvimos presentes en las instalaciones del Complejo ZYX, cito en la nueva zona de boliches en la ruta 168.\" class=\"wp-image-5713\" title=\"Sabemos que la noticia M\u00e1s importante es el evento al que fue nuestro cami\u00f3n y no que haya estado ah\u00ed, pero es uno de nuestros juguetes exclusivos y nos alegra cuando hace, una vez M\u00e1s, algo diferente al resto.  El viernes, M\u00e1s all\u00e1 del d\u00eda poco jamaiquino que vivimos los santafesinos, estuvimos presentes en las instalaciones del Complejo ZYX, cito en la nueva zona de boliches en la ruta 168.\" srcset=\"https:\/\/masfm.com\/emisora\/wp-content\/uploads\/2018\/04\/noticias-camion.jpg 690w, https:\/\/masfm.com\/emisora\/wp-content\/uploads\/2018\/04\/noticias-camion-345x165.jpg 345w, https:\/\/masfm.com\/emisora\/wp-content\/uploads\/2018\/04\/noticias-camion-600x287.jpg 600w, https:\/\/masfm.com\/emisora\/wp-content\/uploads\/2018\/04\/noticias-camion-560x268.jpg 560w\" sizes=\"auto, (max-width: 690px) 100vw, 690px\" \/><\/figure>\n\n\n\n<p>Sabemos que la noticia M\u00e1s importante es el evento al que fue nuestro cami\u00f3n y no que haya estado ah\u00ed, pero es uno de nuestros juguetes exclusivos y nos alegra cuando hace, una vez M\u00e1s, algo diferente al resto.<\/p>\n\n\n\n<p>El viernes, M\u00e1s all\u00e1 del d\u00eda poco jamaiquino que vivimos los santafesinos, estuvimos presentes en las instalaciones del Complejo ZYX, cito en la nueva zona de boliches en la ruta 168. <\/p>\n\n\n\n<p>No conoc\u00edamos c\u00f3mo hab\u00edan quedado las nuevas instalaciones de aquella pir\u00e1mide que vimos crecer, como <a href=\"https:\/\/masfm.com\/emisora\/?s=fito+paez\" target=\"_blank\" rel=\"noreferrer noopener\">Fito<\/a>, &#8220;Al costado del camino&#8221; en la entrada al WalMart.<\/p>\n\n\n\n<p>Tres sectores dentro del edificio egipcio e innumerables espacios en el exterior del terrero, dieron marco al Segundo Festival Santafesino de Reggae. <\/p>\n\n\n\n<p>Para la fiesta fueron invitados Big Ton, Delfino Flow, Micronomade, Rasniko, Motta, Caliajah (Chile) y Gaspar Om.<\/p>\n\n\n\n<p>No hubo palmeras, ni sol, ni arena porque la presencia de constantes lluvias dieron otro marco a los diferentes shows que hicieron bailar al p\u00fablico con las diversas propuestas de ritmos. <\/p>\n\n\n\n<p>Sin dudas, una noche y un evento que se deben repetir para que siga creciendo en cada paso que da.<\/p>\n\n\n\n<figure class=\"wp-block-gallery has-nested-images columns-3 is-cropped wp-block-gallery-1 is-layout-flex wp-block-gallery-is-layout-flex\">\n<figure class=\"wp-block-image size-large\"><img loading=\"lazy\" decoding=\"async\" width=\"1080\" height=\"1080\" data-id=\"5712\" src=\"https:\/\/masfm.com\/emisora\/wp-content\/uploads\/2018\/04\/10-2.jpg\" alt=\"Nuestro cami\u00f3n de exteriores en el Segundo Festival Santafesino de Reggae. \" class=\"wp-image-5712\" title=\"Nuestro cami\u00f3n de exteriores en el Segundo Festival Santafesino de Reggae. \" srcset=\"https:\/\/masfm.com\/emisora\/wp-content\/uploads\/2018\/04\/10-2.jpg 1080w, https:\/\/masfm.com\/emisora\/wp-content\/uploads\/2018\/04\/10-2-330x330.jpg 330w, https:\/\/masfm.com\/emisora\/wp-content\/uploads\/2018\/04\/10-2-600x600.jpg 600w, https:\/\/masfm.com\/emisora\/wp-content\/uploads\/2018\/04\/10-2-190x190.jpg 190w, https:\/\/masfm.com\/emisora\/wp-content\/uploads\/2018\/04\/10-2-70x70.jpg 70w, https:\/\/masfm.com\/emisora\/wp-content\/uploads\/2018\/04\/10-2-60x60.jpg 60w, https:\/\/masfm.com\/emisora\/wp-content\/uploads\/2018\/04\/10-2-560x560.jpg 560w\" sizes=\"auto, (max-width: 1080px) 100vw, 1080px\" \/><\/figure>\n\n\n\n<figure class=\"wp-block-image size-large\"><img loading=\"lazy\" decoding=\"async\" width=\"1080\" height=\"1080\" data-id=\"5711\" src=\"https:\/\/masfm.com\/emisora\/wp-content\/uploads\/2018\/04\/9-2.jpg\" alt=\"Nuestro cami\u00f3n de exteriores en el Segundo Festival Santafesino de Reggae. \" class=\"wp-image-5711\" title=\"Nuestro cami\u00f3n de exteriores en el Segundo Festival Santafesino de Reggae. \" srcset=\"https:\/\/masfm.com\/emisora\/wp-content\/uploads\/2018\/04\/9-2.jpg 1080w, https:\/\/masfm.com\/emisora\/wp-content\/uploads\/2018\/04\/9-2-330x330.jpg 330w, https:\/\/masfm.com\/emisora\/wp-content\/uploads\/2018\/04\/9-2-600x600.jpg 600w, https:\/\/masfm.com\/emisora\/wp-content\/uploads\/2018\/04\/9-2-190x190.jpg 190w, https:\/\/masfm.com\/emisora\/wp-content\/uploads\/2018\/04\/9-2-70x70.jpg 70w, https:\/\/masfm.com\/emisora\/wp-content\/uploads\/2018\/04\/9-2-60x60.jpg 60w, https:\/\/masfm.com\/emisora\/wp-content\/uploads\/2018\/04\/9-2-560x560.jpg 560w\" sizes=\"auto, (max-width: 1080px) 100vw, 1080px\" \/><\/figure>\n\n\n\n<figure class=\"wp-block-image size-large\"><img loading=\"lazy\" decoding=\"async\" width=\"1080\" height=\"1080\" data-id=\"5710\" src=\"https:\/\/masfm.com\/emisora\/wp-content\/uploads\/2018\/04\/8-2.jpg\" alt=\"Nuestro cami\u00f3n de exteriores en el Segundo Festival Santafesino de Reggae. \" class=\"wp-image-5710\" title=\"Nuestro cami\u00f3n de exteriores en el Segundo Festival Santafesino de Reggae. \" srcset=\"https:\/\/masfm.com\/emisora\/wp-content\/uploads\/2018\/04\/8-2.jpg 1080w, https:\/\/masfm.com\/emisora\/wp-content\/uploads\/2018\/04\/8-2-330x330.jpg 330w, https:\/\/masfm.com\/emisora\/wp-content\/uploads\/2018\/04\/8-2-600x600.jpg 600w, https:\/\/masfm.com\/emisora\/wp-content\/uploads\/2018\/04\/8-2-190x190.jpg 190w, https:\/\/masfm.com\/emisora\/wp-content\/uploads\/2018\/04\/8-2-70x70.jpg 70w, https:\/\/masfm.com\/emisora\/wp-content\/uploads\/2018\/04\/8-2-60x60.jpg 60w, https:\/\/masfm.com\/emisora\/wp-content\/uploads\/2018\/04\/8-2-560x560.jpg 560w\" sizes=\"auto, (max-width: 1080px) 100vw, 1080px\" \/><\/figure>\n\n\n\n<figure class=\"wp-block-image size-large\"><img loading=\"lazy\" decoding=\"async\" width=\"1080\" height=\"1080\" data-id=\"5709\" src=\"https:\/\/masfm.com\/emisora\/wp-content\/uploads\/2018\/04\/7-3.jpg\" alt=\"Nuestro cami\u00f3n de exteriores en el Segundo Festival Santafesino de Reggae. \" class=\"wp-image-5709\" title=\"Nuestro cami\u00f3n de exteriores en el Segundo Festival Santafesino de Reggae. \" srcset=\"https:\/\/masfm.com\/emisora\/wp-content\/uploads\/2018\/04\/7-3.jpg 1080w, https:\/\/masfm.com\/emisora\/wp-content\/uploads\/2018\/04\/7-3-330x330.jpg 330w, https:\/\/masfm.com\/emisora\/wp-content\/uploads\/2018\/04\/7-3-600x600.jpg 600w, https:\/\/masfm.com\/emisora\/wp-content\/uploads\/2018\/04\/7-3-190x190.jpg 190w, https:\/\/masfm.com\/emisora\/wp-content\/uploads\/2018\/04\/7-3-70x70.jpg 70w, https:\/\/masfm.com\/emisora\/wp-content\/uploads\/2018\/04\/7-3-60x60.jpg 60w, https:\/\/masfm.com\/emisora\/wp-content\/uploads\/2018\/04\/7-3-560x560.jpg 560w\" sizes=\"auto, (max-width: 1080px) 100vw, 1080px\" \/><\/figure>\n\n\n\n<figure class=\"wp-block-image size-large\"><img loading=\"lazy\" decoding=\"async\" width=\"1080\" height=\"1080\" data-id=\"5704\" src=\"https:\/\/masfm.com\/emisora\/wp-content\/uploads\/2018\/04\/2-4.jpg\" alt=\"Nuestro cami\u00f3n de exteriores en el Segundo Festival Santafesino de Reggae. \" class=\"wp-image-5704\" title=\"Nuestro cami\u00f3n de exteriores en el Segundo Festival Santafesino de Reggae. \" srcset=\"https:\/\/masfm.com\/emisora\/wp-content\/uploads\/2018\/04\/2-4.jpg 1080w, https:\/\/masfm.com\/emisora\/wp-content\/uploads\/2018\/04\/2-4-330x330.jpg 330w, https:\/\/masfm.com\/emisora\/wp-content\/uploads\/2018\/04\/2-4-600x600.jpg 600w, https:\/\/masfm.com\/emisora\/wp-content\/uploads\/2018\/04\/2-4-190x190.jpg 190w, https:\/\/masfm.com\/emisora\/wp-content\/uploads\/2018\/04\/2-4-70x70.jpg 70w, https:\/\/masfm.com\/emisora\/wp-content\/uploads\/2018\/04\/2-4-60x60.jpg 60w, https:\/\/masfm.com\/emisora\/wp-content\/uploads\/2018\/04\/2-4-560x560.jpg 560w\" sizes=\"auto, (max-width: 1080px) 100vw, 1080px\" \/><\/figure>\n\n\n\n<figure class=\"wp-block-image size-large\"><img loading=\"lazy\" decoding=\"async\" width=\"1080\" height=\"1080\" data-id=\"5705\" src=\"https:\/\/masfm.com\/emisora\/wp-content\/uploads\/2018\/04\/3-4.jpg\" alt=\"Nuestro cami\u00f3n de exteriores en el Segundo Festival Santafesino de Reggae. \" class=\"wp-image-5705\" title=\"Nuestro cami\u00f3n de exteriores en el Segundo Festival Santafesino de Reggae. \" srcset=\"https:\/\/masfm.com\/emisora\/wp-content\/uploads\/2018\/04\/3-4.jpg 1080w, https:\/\/masfm.com\/emisora\/wp-content\/uploads\/2018\/04\/3-4-330x330.jpg 330w, https:\/\/masfm.com\/emisora\/wp-content\/uploads\/2018\/04\/3-4-600x600.jpg 600w, https:\/\/masfm.com\/emisora\/wp-content\/uploads\/2018\/04\/3-4-190x190.jpg 190w, https:\/\/masfm.com\/emisora\/wp-content\/uploads\/2018\/04\/3-4-70x70.jpg 70w, https:\/\/masfm.com\/emisora\/wp-content\/uploads\/2018\/04\/3-4-60x60.jpg 60w, https:\/\/masfm.com\/emisora\/wp-content\/uploads\/2018\/04\/3-4-560x560.jpg 560w\" sizes=\"auto, (max-width: 1080px) 100vw, 1080px\" \/><\/figure>\n\n\n\n<figure class=\"wp-block-image size-large\"><img loading=\"lazy\" decoding=\"async\" width=\"1080\" height=\"1080\" data-id=\"5706\" src=\"https:\/\/masfm.com\/emisora\/wp-content\/uploads\/2018\/04\/4-4.jpg\" alt=\"Nuestro cami\u00f3n de exteriores en el Segundo Festival Santafesino de Reggae. \" class=\"wp-image-5706\" title=\"Nuestro cami\u00f3n de exteriores en el Segundo Festival Santafesino de Reggae. \" srcset=\"https:\/\/masfm.com\/emisora\/wp-content\/uploads\/2018\/04\/4-4.jpg 1080w, https:\/\/masfm.com\/emisora\/wp-content\/uploads\/2018\/04\/4-4-330x330.jpg 330w, https:\/\/masfm.com\/emisora\/wp-content\/uploads\/2018\/04\/4-4-600x600.jpg 600w, https:\/\/masfm.com\/emisora\/wp-content\/uploads\/2018\/04\/4-4-190x190.jpg 190w, https:\/\/masfm.com\/emisora\/wp-content\/uploads\/2018\/04\/4-4-70x70.jpg 70w, https:\/\/masfm.com\/emisora\/wp-content\/uploads\/2018\/04\/4-4-60x60.jpg 60w, https:\/\/masfm.com\/emisora\/wp-content\/uploads\/2018\/04\/4-4-560x560.jpg 560w\" sizes=\"auto, (max-width: 1080px) 100vw, 1080px\" \/><\/figure>\n\n\n\n<figure class=\"wp-block-image size-large\"><img loading=\"lazy\" decoding=\"async\" width=\"1080\" height=\"1080\" data-id=\"5707\" src=\"https:\/\/masfm.com\/emisora\/wp-content\/uploads\/2018\/04\/5-4.jpg\" alt=\"Nuestro cami\u00f3n de exteriores en el Segundo Festival Santafesino de Reggae. \" class=\"wp-image-5707\" title=\"Nuestro cami\u00f3n de exteriores en el Segundo Festival Santafesino de Reggae. \" srcset=\"https:\/\/masfm.com\/emisora\/wp-content\/uploads\/2018\/04\/5-4.jpg 1080w, https:\/\/masfm.com\/emisora\/wp-content\/uploads\/2018\/04\/5-4-330x330.jpg 330w, https:\/\/masfm.com\/emisora\/wp-content\/uploads\/2018\/04\/5-4-600x600.jpg 600w, https:\/\/masfm.com\/emisora\/wp-content\/uploads\/2018\/04\/5-4-190x190.jpg 190w, https:\/\/masfm.com\/emisora\/wp-content\/uploads\/2018\/04\/5-4-70x70.jpg 70w, https:\/\/masfm.com\/emisora\/wp-content\/uploads\/2018\/04\/5-4-60x60.jpg 60w, https:\/\/masfm.com\/emisora\/wp-content\/uploads\/2018\/04\/5-4-560x560.jpg 560w\" sizes=\"auto, (max-width: 1080px) 100vw, 1080px\" \/><\/figure>\n\n\n\n<figure class=\"wp-block-image size-large\"><img loading=\"lazy\" decoding=\"async\" width=\"1080\" height=\"1080\" data-id=\"5708\" src=\"https:\/\/masfm.com\/emisora\/wp-content\/uploads\/2018\/04\/6-4.jpg\" alt=\"Nuestro cami\u00f3n de exteriores en el Segundo Festival Santafesino de Reggae. \" class=\"wp-image-5708\" title=\"Nuestro cami\u00f3n de exteriores en el Segundo Festival Santafesino de Reggae. \" srcset=\"https:\/\/masfm.com\/emisora\/wp-content\/uploads\/2018\/04\/6-4.jpg 1080w, https:\/\/masfm.com\/emisora\/wp-content\/uploads\/2018\/04\/6-4-330x330.jpg 330w, https:\/\/masfm.com\/emisora\/wp-content\/uploads\/2018\/04\/6-4-600x600.jpg 600w, https:\/\/masfm.com\/emisora\/wp-content\/uploads\/2018\/04\/6-4-190x190.jpg 190w, https:\/\/masfm.com\/emisora\/wp-content\/uploads\/2018\/04\/6-4-70x70.jpg 70w, https:\/\/masfm.com\/emisora\/wp-content\/uploads\/2018\/04\/6-4-60x60.jpg 60w, https:\/\/masfm.com\/emisora\/wp-content\/uploads\/2018\/04\/6-4-560x560.jpg 560w\" sizes=\"auto, (max-width: 1080px) 100vw, 1080px\" \/><\/figure>\n\n\n\n<figure class=\"wp-block-image size-large\"><img loading=\"lazy\" decoding=\"async\" width=\"1080\" height=\"1080\" data-id=\"5703\" src=\"https:\/\/masfm.com\/emisora\/wp-content\/uploads\/2018\/04\/1-4.jpg\" alt=\"Nuestro cami\u00f3n de exteriores en el Segundo Festival Santafesino de Reggae. \" class=\"wp-image-5703\" title=\"Nuestro cami\u00f3n de exteriores en el Segundo Festival Santafesino de Reggae. \" srcset=\"https:\/\/masfm.com\/emisora\/wp-content\/uploads\/2018\/04\/1-4.jpg 1080w, https:\/\/masfm.com\/emisora\/wp-content\/uploads\/2018\/04\/1-4-330x330.jpg 330w, https:\/\/masfm.com\/emisora\/wp-content\/uploads\/2018\/04\/1-4-600x600.jpg 600w, https:\/\/masfm.com\/emisora\/wp-content\/uploads\/2018\/04\/1-4-190x190.jpg 190w, https:\/\/masfm.com\/emisora\/wp-content\/uploads\/2018\/04\/1-4-70x70.jpg 70w, https:\/\/masfm.com\/emisora\/wp-content\/uploads\/2018\/04\/1-4-60x60.jpg 60w, https:\/\/masfm.com\/emisora\/wp-content\/uploads\/2018\/04\/1-4-560x560.jpg 560w\" sizes=\"auto, (max-width: 1080px) 100vw, 1080px\" \/><\/figure>\n\n\n\n<figure class=\"wp-block-image size-large\"><img loading=\"lazy\" decoding=\"async\" width=\"1080\" height=\"1080\" data-id=\"5702\" src=\"https:\/\/masfm.com\/emisora\/wp-content\/uploads\/2018\/04\/7-2.jpg\" alt=\"Nuestro cami\u00f3n de exteriores en el Segundo Festival Santafesino de Reggae. \" class=\"wp-image-5702\" title=\"Nuestro cami\u00f3n de exteriores en el Segundo Festival Santafesino de Reggae. \" srcset=\"https:\/\/masfm.com\/emisora\/wp-content\/uploads\/2018\/04\/7-2.jpg 1080w, https:\/\/masfm.com\/emisora\/wp-content\/uploads\/2018\/04\/7-2-330x330.jpg 330w, https:\/\/masfm.com\/emisora\/wp-content\/uploads\/2018\/04\/7-2-600x600.jpg 600w, https:\/\/masfm.com\/emisora\/wp-content\/uploads\/2018\/04\/7-2-190x190.jpg 190w, https:\/\/masfm.com\/emisora\/wp-content\/uploads\/2018\/04\/7-2-70x70.jpg 70w, https:\/\/masfm.com\/emisora\/wp-content\/uploads\/2018\/04\/7-2-60x60.jpg 60w, https:\/\/masfm.com\/emisora\/wp-content\/uploads\/2018\/04\/7-2-560x560.jpg 560w\" sizes=\"auto, (max-width: 1080px) 100vw, 1080px\" \/><\/figure>\n\n\n\n<figure class=\"wp-block-image size-large\"><img loading=\"lazy\" decoding=\"async\" width=\"1080\" height=\"1080\" data-id=\"5701\" src=\"https:\/\/masfm.com\/emisora\/wp-content\/uploads\/2018\/04\/6-3.jpg\" alt=\"Nuestro cami\u00f3n de exteriores en el Segundo Festival Santafesino de Reggae. \" class=\"wp-image-5701\" title=\"Nuestro cami\u00f3n de exteriores en el Segundo Festival Santafesino de Reggae. \" srcset=\"https:\/\/masfm.com\/emisora\/wp-content\/uploads\/2018\/04\/6-3.jpg 1080w, https:\/\/masfm.com\/emisora\/wp-content\/uploads\/2018\/04\/6-3-330x330.jpg 330w, https:\/\/masfm.com\/emisora\/wp-content\/uploads\/2018\/04\/6-3-600x600.jpg 600w, https:\/\/masfm.com\/emisora\/wp-content\/uploads\/2018\/04\/6-3-190x190.jpg 190w, https:\/\/masfm.com\/emisora\/wp-content\/uploads\/2018\/04\/6-3-70x70.jpg 70w, https:\/\/masfm.com\/emisora\/wp-content\/uploads\/2018\/04\/6-3-60x60.jpg 60w, https:\/\/masfm.com\/emisora\/wp-content\/uploads\/2018\/04\/6-3-560x560.jpg 560w\" sizes=\"auto, (max-width: 1080px) 100vw, 1080px\" \/><\/figure>\n\n\n\n<figure class=\"wp-block-image size-large\"><img loading=\"lazy\" decoding=\"async\" width=\"1080\" height=\"1080\" data-id=\"5700\" src=\"https:\/\/masfm.com\/emisora\/wp-content\/uploads\/2018\/04\/5-3.jpg\" alt=\"Nuestro cami\u00f3n de exteriores en el Segundo Festival Santafesino de Reggae. \" class=\"wp-image-5700\" title=\"Nuestro cami\u00f3n de exteriores en el Segundo Festival Santafesino de Reggae. \" srcset=\"https:\/\/masfm.com\/emisora\/wp-content\/uploads\/2018\/04\/5-3.jpg 1080w, https:\/\/masfm.com\/emisora\/wp-content\/uploads\/2018\/04\/5-3-330x330.jpg 330w, https:\/\/masfm.com\/emisora\/wp-content\/uploads\/2018\/04\/5-3-600x600.jpg 600w, https:\/\/masfm.com\/emisora\/wp-content\/uploads\/2018\/04\/5-3-190x190.jpg 190w, https:\/\/masfm.com\/emisora\/wp-content\/uploads\/2018\/04\/5-3-70x70.jpg 70w, https:\/\/masfm.com\/emisora\/wp-content\/uploads\/2018\/04\/5-3-60x60.jpg 60w, https:\/\/masfm.com\/emisora\/wp-content\/uploads\/2018\/04\/5-3-560x560.jpg 560w\" sizes=\"auto, (max-width: 1080px) 100vw, 1080px\" \/><\/figure>\n\n\n\n<figure class=\"wp-block-image size-large\"><img loading=\"lazy\" decoding=\"async\" width=\"1080\" height=\"1080\" data-id=\"5699\" src=\"https:\/\/masfm.com\/emisora\/wp-content\/uploads\/2018\/04\/4-3.jpg\" alt=\"Nuestro cami\u00f3n de exteriores en el Segundo Festival Santafesino de Reggae. \" class=\"wp-image-5699\" title=\"Nuestro cami\u00f3n de exteriores en el Segundo Festival Santafesino de Reggae. \" srcset=\"https:\/\/masfm.com\/emisora\/wp-content\/uploads\/2018\/04\/4-3.jpg 1080w, https:\/\/masfm.com\/emisora\/wp-content\/uploads\/2018\/04\/4-3-330x330.jpg 330w, https:\/\/masfm.com\/emisora\/wp-content\/uploads\/2018\/04\/4-3-600x600.jpg 600w, https:\/\/masfm.com\/emisora\/wp-content\/uploads\/2018\/04\/4-3-190x190.jpg 190w, https:\/\/masfm.com\/emisora\/wp-content\/uploads\/2018\/04\/4-3-70x70.jpg 70w, https:\/\/masfm.com\/emisora\/wp-content\/uploads\/2018\/04\/4-3-60x60.jpg 60w, https:\/\/masfm.com\/emisora\/wp-content\/uploads\/2018\/04\/4-3-560x560.jpg 560w\" sizes=\"auto, (max-width: 1080px) 100vw, 1080px\" \/><\/figure>\n\n\n\n<figure class=\"wp-block-image size-large\"><img loading=\"lazy\" decoding=\"async\" width=\"1080\" height=\"1080\" data-id=\"5694\" src=\"https:\/\/masfm.com\/emisora\/wp-content\/uploads\/2018\/04\/13.jpg\" alt=\"Nuestro cami\u00f3n de exteriores en el Segundo Festival Santafesino de Reggae. \" class=\"wp-image-5694\" title=\"Nuestro cami\u00f3n de exteriores en el Segundo Festival Santafesino de Reggae. \" srcset=\"https:\/\/masfm.com\/emisora\/wp-content\/uploads\/2018\/04\/13.jpg 1080w, https:\/\/masfm.com\/emisora\/wp-content\/uploads\/2018\/04\/13-330x330.jpg 330w, https:\/\/masfm.com\/emisora\/wp-content\/uploads\/2018\/04\/13-600x600.jpg 600w, https:\/\/masfm.com\/emisora\/wp-content\/uploads\/2018\/04\/13-190x190.jpg 190w, https:\/\/masfm.com\/emisora\/wp-content\/uploads\/2018\/04\/13-70x70.jpg 70w, https:\/\/masfm.com\/emisora\/wp-content\/uploads\/2018\/04\/13-60x60.jpg 60w, https:\/\/masfm.com\/emisora\/wp-content\/uploads\/2018\/04\/13-560x560.jpg 560w\" sizes=\"auto, (max-width: 1080px) 100vw, 1080px\" \/><\/figure>\n\n\n\n<figure class=\"wp-block-image size-large\"><img loading=\"lazy\" decoding=\"async\" width=\"1080\" height=\"1080\" data-id=\"5695\" src=\"https:\/\/masfm.com\/emisora\/wp-content\/uploads\/2018\/04\/14.jpg\" alt=\"Nuestro cami\u00f3n de exteriores en el Segundo Festival Santafesino de Reggae. \" class=\"wp-image-5695\" title=\"Nuestro cami\u00f3n de exteriores en el Segundo Festival Santafesino de Reggae. \" srcset=\"https:\/\/masfm.com\/emisora\/wp-content\/uploads\/2018\/04\/14.jpg 1080w, https:\/\/masfm.com\/emisora\/wp-content\/uploads\/2018\/04\/14-330x330.jpg 330w, https:\/\/masfm.com\/emisora\/wp-content\/uploads\/2018\/04\/14-600x600.jpg 600w, https:\/\/masfm.com\/emisora\/wp-content\/uploads\/2018\/04\/14-190x190.jpg 190w, https:\/\/masfm.com\/emisora\/wp-content\/uploads\/2018\/04\/14-70x70.jpg 70w, https:\/\/masfm.com\/emisora\/wp-content\/uploads\/2018\/04\/14-60x60.jpg 60w, https:\/\/masfm.com\/emisora\/wp-content\/uploads\/2018\/04\/14-560x560.jpg 560w\" sizes=\"auto, (max-width: 1080px) 100vw, 1080px\" \/><\/figure>\n\n\n\n<figure class=\"wp-block-image size-large\"><img loading=\"lazy\" decoding=\"async\" width=\"1080\" height=\"1080\" data-id=\"5696\" src=\"https:\/\/masfm.com\/emisora\/wp-content\/uploads\/2018\/04\/1-3.jpg\" alt=\"Nuestro cami\u00f3n de exteriores en el Segundo Festival Santafesino de Reggae. \" class=\"wp-image-5696\" title=\"Nuestro cami\u00f3n de exteriores en el Segundo Festival Santafesino de Reggae. \" srcset=\"https:\/\/masfm.com\/emisora\/wp-content\/uploads\/2018\/04\/1-3.jpg 1080w, https:\/\/masfm.com\/emisora\/wp-content\/uploads\/2018\/04\/1-3-330x330.jpg 330w, https:\/\/masfm.com\/emisora\/wp-content\/uploads\/2018\/04\/1-3-600x600.jpg 600w, https:\/\/masfm.com\/emisora\/wp-content\/uploads\/2018\/04\/1-3-190x190.jpg 190w, https:\/\/masfm.com\/emisora\/wp-content\/uploads\/2018\/04\/1-3-70x70.jpg 70w, https:\/\/masfm.com\/emisora\/wp-content\/uploads\/2018\/04\/1-3-60x60.jpg 60w, https:\/\/masfm.com\/emisora\/wp-content\/uploads\/2018\/04\/1-3-560x560.jpg 560w\" sizes=\"auto, (max-width: 1080px) 100vw, 1080px\" \/><\/figure>\n\n\n\n<figure class=\"wp-block-image size-large\"><img loading=\"lazy\" decoding=\"async\" width=\"1080\" height=\"1080\" data-id=\"5697\" src=\"https:\/\/masfm.com\/emisora\/wp-content\/uploads\/2018\/04\/2-3.jpg\" alt=\"Nuestro cami\u00f3n de exteriores en el Segundo Festival Santafesino de Reggae. \" class=\"wp-image-5697\" title=\"Nuestro cami\u00f3n de exteriores en el Segundo Festival Santafesino de Reggae. \" srcset=\"https:\/\/masfm.com\/emisora\/wp-content\/uploads\/2018\/04\/2-3.jpg 1080w, https:\/\/masfm.com\/emisora\/wp-content\/uploads\/2018\/04\/2-3-330x330.jpg 330w, https:\/\/masfm.com\/emisora\/wp-content\/uploads\/2018\/04\/2-3-600x600.jpg 600w, https:\/\/masfm.com\/emisora\/wp-content\/uploads\/2018\/04\/2-3-190x190.jpg 190w, https:\/\/masfm.com\/emisora\/wp-content\/uploads\/2018\/04\/2-3-70x70.jpg 70w, https:\/\/masfm.com\/emisora\/wp-content\/uploads\/2018\/04\/2-3-60x60.jpg 60w, https:\/\/masfm.com\/emisora\/wp-content\/uploads\/2018\/04\/2-3-560x560.jpg 560w\" sizes=\"auto, (max-width: 1080px) 100vw, 1080px\" \/><\/figure>\n\n\n\n<figure class=\"wp-block-image size-large\"><img loading=\"lazy\" decoding=\"async\" width=\"1080\" height=\"1080\" data-id=\"5698\" src=\"https:\/\/masfm.com\/emisora\/wp-content\/uploads\/2018\/04\/3-3.jpg\" alt=\"Nuestro cami\u00f3n de exteriores en el Segundo Festival Santafesino de Reggae. \" class=\"wp-image-5698\" title=\"Nuestro cami\u00f3n de exteriores en el Segundo Festival Santafesino de Reggae. \" srcset=\"https:\/\/masfm.com\/emisora\/wp-content\/uploads\/2018\/04\/3-3.jpg 1080w, https:\/\/masfm.com\/emisora\/wp-content\/uploads\/2018\/04\/3-3-330x330.jpg 330w, https:\/\/masfm.com\/emisora\/wp-content\/uploads\/2018\/04\/3-3-600x600.jpg 600w, https:\/\/masfm.com\/emisora\/wp-content\/uploads\/2018\/04\/3-3-190x190.jpg 190w, https:\/\/masfm.com\/emisora\/wp-content\/uploads\/2018\/04\/3-3-70x70.jpg 70w, https:\/\/masfm.com\/emisora\/wp-content\/uploads\/2018\/04\/3-3-60x60.jpg 60w, https:\/\/masfm.com\/emisora\/wp-content\/uploads\/2018\/04\/3-3-560x560.jpg 560w\" sizes=\"auto, (max-width: 1080px) 100vw, 1080px\" \/><\/figure>\n\n\n\n<figure class=\"wp-block-image size-large\"><img loading=\"lazy\" decoding=\"async\" width=\"1080\" height=\"1080\" data-id=\"5693\" src=\"https:\/\/masfm.com\/emisora\/wp-content\/uploads\/2018\/04\/12.jpg\" alt=\"Nuestro cami\u00f3n de exteriores en el Segundo Festival Santafesino de Reggae. \" class=\"wp-image-5693\" title=\"Nuestro cami\u00f3n de exteriores en el Segundo Festival Santafesino de Reggae. \" srcset=\"https:\/\/masfm.com\/emisora\/wp-content\/uploads\/2018\/04\/12.jpg 1080w, https:\/\/masfm.com\/emisora\/wp-content\/uploads\/2018\/04\/12-330x330.jpg 330w, https:\/\/masfm.com\/emisora\/wp-content\/uploads\/2018\/04\/12-600x600.jpg 600w, https:\/\/masfm.com\/emisora\/wp-content\/uploads\/2018\/04\/12-190x190.jpg 190w, https:\/\/masfm.com\/emisora\/wp-content\/uploads\/2018\/04\/12-70x70.jpg 70w, https:\/\/masfm.com\/emisora\/wp-content\/uploads\/2018\/04\/12-60x60.jpg 60w, https:\/\/masfm.com\/emisora\/wp-content\/uploads\/2018\/04\/12-560x560.jpg 560w\" sizes=\"auto, (max-width: 1080px) 100vw, 1080px\" \/><\/figure>\n\n\n\n<figure class=\"wp-block-image size-large\"><img loading=\"lazy\" decoding=\"async\" width=\"1080\" height=\"1080\" data-id=\"5692\" src=\"https:\/\/masfm.com\/emisora\/wp-content\/uploads\/2018\/04\/11-1.jpg\" alt=\"Nuestro cami\u00f3n de exteriores en el Segundo Festival Santafesino de Reggae. \" class=\"wp-image-5692\" title=\"Nuestro cami\u00f3n de exteriores en el Segundo Festival Santafesino de Reggae. \" srcset=\"https:\/\/masfm.com\/emisora\/wp-content\/uploads\/2018\/04\/11-1.jpg 1080w, https:\/\/masfm.com\/emisora\/wp-content\/uploads\/2018\/04\/11-1-330x330.jpg 330w, https:\/\/masfm.com\/emisora\/wp-content\/uploads\/2018\/04\/11-1-600x600.jpg 600w, https:\/\/masfm.com\/emisora\/wp-content\/uploads\/2018\/04\/11-1-190x190.jpg 190w, https:\/\/masfm.com\/emisora\/wp-content\/uploads\/2018\/04\/11-1-70x70.jpg 70w, https:\/\/masfm.com\/emisora\/wp-content\/uploads\/2018\/04\/11-1-60x60.jpg 60w, https:\/\/masfm.com\/emisora\/wp-content\/uploads\/2018\/04\/11-1-560x560.jpg 560w\" sizes=\"auto, (max-width: 1080px) 100vw, 1080px\" \/><\/figure>\n\n\n\n<figure class=\"wp-block-image size-large\"><img loading=\"lazy\" decoding=\"async\" width=\"1080\" height=\"1080\" data-id=\"5691\" src=\"https:\/\/masfm.com\/emisora\/wp-content\/uploads\/2018\/04\/10-1.jpg\" alt=\"Nuestro cami\u00f3n de exteriores en el Segundo Festival Santafesino de Reggae. \" class=\"wp-image-5691\" title=\"Nuestro cami\u00f3n de exteriores en el Segundo Festival Santafesino de Reggae. \" srcset=\"https:\/\/masfm.com\/emisora\/wp-content\/uploads\/2018\/04\/10-1.jpg 1080w, https:\/\/masfm.com\/emisora\/wp-content\/uploads\/2018\/04\/10-1-330x330.jpg 330w, https:\/\/masfm.com\/emisora\/wp-content\/uploads\/2018\/04\/10-1-600x600.jpg 600w, https:\/\/masfm.com\/emisora\/wp-content\/uploads\/2018\/04\/10-1-190x190.jpg 190w, https:\/\/masfm.com\/emisora\/wp-content\/uploads\/2018\/04\/10-1-70x70.jpg 70w, https:\/\/masfm.com\/emisora\/wp-content\/uploads\/2018\/04\/10-1-60x60.jpg 60w, https:\/\/masfm.com\/emisora\/wp-content\/uploads\/2018\/04\/10-1-560x560.jpg 560w\" sizes=\"auto, (max-width: 1080px) 100vw, 1080px\" \/><\/figure>\n\n\n\n<figure class=\"wp-block-image size-large\"><img loading=\"lazy\" decoding=\"async\" width=\"1080\" height=\"1080\" data-id=\"5690\" src=\"https:\/\/masfm.com\/emisora\/wp-content\/uploads\/2018\/04\/9-1.jpg\" alt=\"Nuestro cami\u00f3n de exteriores en el Segundo Festival Santafesino de Reggae. \" class=\"wp-image-5690\" title=\"Nuestro cami\u00f3n de exteriores en el Segundo Festival Santafesino de Reggae. \" srcset=\"https:\/\/masfm.com\/emisora\/wp-content\/uploads\/2018\/04\/9-1.jpg 1080w, https:\/\/masfm.com\/emisora\/wp-content\/uploads\/2018\/04\/9-1-330x330.jpg 330w, https:\/\/masfm.com\/emisora\/wp-content\/uploads\/2018\/04\/9-1-600x600.jpg 600w, https:\/\/masfm.com\/emisora\/wp-content\/uploads\/2018\/04\/9-1-190x190.jpg 190w, https:\/\/masfm.com\/emisora\/wp-content\/uploads\/2018\/04\/9-1-70x70.jpg 70w, https:\/\/masfm.com\/emisora\/wp-content\/uploads\/2018\/04\/9-1-60x60.jpg 60w, https:\/\/masfm.com\/emisora\/wp-content\/uploads\/2018\/04\/9-1-560x560.jpg 560w\" sizes=\"auto, (max-width: 1080px) 100vw, 1080px\" \/><\/figure>\n\n\n\n<figure class=\"wp-block-image size-large\"><img loading=\"lazy\" decoding=\"async\" width=\"1080\" height=\"1080\" data-id=\"5689\" src=\"https:\/\/masfm.com\/emisora\/wp-content\/uploads\/2018\/04\/8-1.jpg\" alt=\"Nuestro cami\u00f3n de exteriores en el Segundo Festival Santafesino de Reggae. \" class=\"wp-image-5689\" title=\"Nuestro cami\u00f3n de exteriores en el Segundo Festival Santafesino de Reggae. \" srcset=\"https:\/\/masfm.com\/emisora\/wp-content\/uploads\/2018\/04\/8-1.jpg 1080w, https:\/\/masfm.com\/emisora\/wp-content\/uploads\/2018\/04\/8-1-330x330.jpg 330w, https:\/\/masfm.com\/emisora\/wp-content\/uploads\/2018\/04\/8-1-600x600.jpg 600w, https:\/\/masfm.com\/emisora\/wp-content\/uploads\/2018\/04\/8-1-190x190.jpg 190w, https:\/\/masfm.com\/emisora\/wp-content\/uploads\/2018\/04\/8-1-70x70.jpg 70w, https:\/\/masfm.com\/emisora\/wp-content\/uploads\/2018\/04\/8-1-60x60.jpg 60w, https:\/\/masfm.com\/emisora\/wp-content\/uploads\/2018\/04\/8-1-560x560.jpg 560w\" sizes=\"auto, (max-width: 1080px) 100vw, 1080px\" \/><\/figure>\n\n\n\n<figure class=\"wp-block-image size-large\"><img loading=\"lazy\" decoding=\"async\" width=\"1080\" height=\"1080\" data-id=\"5684\" src=\"https:\/\/masfm.com\/emisora\/wp-content\/uploads\/2018\/04\/3-2.jpg\" alt=\"Nuestro cami\u00f3n de exteriores en el Segundo Festival Santafesino de Reggae. \" class=\"wp-image-5684\" title=\"Nuestro cami\u00f3n de exteriores en el Segundo Festival Santafesino de Reggae. \" srcset=\"https:\/\/masfm.com\/emisora\/wp-content\/uploads\/2018\/04\/3-2.jpg 1080w, https:\/\/masfm.com\/emisora\/wp-content\/uploads\/2018\/04\/3-2-330x330.jpg 330w, https:\/\/masfm.com\/emisora\/wp-content\/uploads\/2018\/04\/3-2-600x600.jpg 600w, https:\/\/masfm.com\/emisora\/wp-content\/uploads\/2018\/04\/3-2-190x190.jpg 190w, https:\/\/masfm.com\/emisora\/wp-content\/uploads\/2018\/04\/3-2-70x70.jpg 70w, https:\/\/masfm.com\/emisora\/wp-content\/uploads\/2018\/04\/3-2-60x60.jpg 60w, https:\/\/masfm.com\/emisora\/wp-content\/uploads\/2018\/04\/3-2-560x560.jpg 560w\" sizes=\"auto, (max-width: 1080px) 100vw, 1080px\" \/><\/figure>\n\n\n\n<figure class=\"wp-block-image size-large\"><img loading=\"lazy\" decoding=\"async\" width=\"1080\" height=\"1080\" data-id=\"5685\" src=\"https:\/\/masfm.com\/emisora\/wp-content\/uploads\/2018\/04\/4-2.jpg\" alt=\"Nuestro cami\u00f3n de exteriores en el Segundo Festival Santafesino de Reggae. \" class=\"wp-image-5685\" title=\"Nuestro cami\u00f3n de exteriores en el Segundo Festival Santafesino de Reggae. \" srcset=\"https:\/\/masfm.com\/emisora\/wp-content\/uploads\/2018\/04\/4-2.jpg 1080w, https:\/\/masfm.com\/emisora\/wp-content\/uploads\/2018\/04\/4-2-330x330.jpg 330w, https:\/\/masfm.com\/emisora\/wp-content\/uploads\/2018\/04\/4-2-600x600.jpg 600w, https:\/\/masfm.com\/emisora\/wp-content\/uploads\/2018\/04\/4-2-190x190.jpg 190w, https:\/\/masfm.com\/emisora\/wp-content\/uploads\/2018\/04\/4-2-70x70.jpg 70w, https:\/\/masfm.com\/emisora\/wp-content\/uploads\/2018\/04\/4-2-60x60.jpg 60w, https:\/\/masfm.com\/emisora\/wp-content\/uploads\/2018\/04\/4-2-560x560.jpg 560w\" sizes=\"auto, (max-width: 1080px) 100vw, 1080px\" \/><\/figure>\n\n\n\n<figure class=\"wp-block-image size-large\"><img loading=\"lazy\" decoding=\"async\" width=\"1080\" height=\"1080\" data-id=\"5686\" src=\"https:\/\/masfm.com\/emisora\/wp-content\/uploads\/2018\/04\/5-2.jpg\" alt=\"Nuestro cami\u00f3n de exteriores en el Segundo Festival Santafesino de Reggae. \" class=\"wp-image-5686\" title=\"Nuestro cami\u00f3n de exteriores en el Segundo Festival Santafesino de Reggae. \" srcset=\"https:\/\/masfm.com\/emisora\/wp-content\/uploads\/2018\/04\/5-2.jpg 1080w, https:\/\/masfm.com\/emisora\/wp-content\/uploads\/2018\/04\/5-2-330x330.jpg 330w, https:\/\/masfm.com\/emisora\/wp-content\/uploads\/2018\/04\/5-2-600x600.jpg 600w, https:\/\/masfm.com\/emisora\/wp-content\/uploads\/2018\/04\/5-2-190x190.jpg 190w, https:\/\/masfm.com\/emisora\/wp-content\/uploads\/2018\/04\/5-2-70x70.jpg 70w, https:\/\/masfm.com\/emisora\/wp-content\/uploads\/2018\/04\/5-2-60x60.jpg 60w, https:\/\/masfm.com\/emisora\/wp-content\/uploads\/2018\/04\/5-2-560x560.jpg 560w\" sizes=\"auto, (max-width: 1080px) 100vw, 1080px\" \/><\/figure>\n\n\n\n<figure class=\"wp-block-image size-large\"><img loading=\"lazy\" decoding=\"async\" width=\"1080\" height=\"1080\" data-id=\"5687\" src=\"https:\/\/masfm.com\/emisora\/wp-content\/uploads\/2018\/04\/6-2.jpg\" alt=\"Nuestro cami\u00f3n de exteriores en el Segundo Festival Santafesino de Reggae. \" class=\"wp-image-5687\" title=\"Nuestro cami\u00f3n de exteriores en el Segundo Festival Santafesino de Reggae. \" srcset=\"https:\/\/masfm.com\/emisora\/wp-content\/uploads\/2018\/04\/6-2.jpg 1080w, https:\/\/masfm.com\/emisora\/wp-content\/uploads\/2018\/04\/6-2-330x330.jpg 330w, https:\/\/masfm.com\/emisora\/wp-content\/uploads\/2018\/04\/6-2-600x600.jpg 600w, https:\/\/masfm.com\/emisora\/wp-content\/uploads\/2018\/04\/6-2-190x190.jpg 190w, https:\/\/masfm.com\/emisora\/wp-content\/uploads\/2018\/04\/6-2-70x70.jpg 70w, https:\/\/masfm.com\/emisora\/wp-content\/uploads\/2018\/04\/6-2-60x60.jpg 60w, https:\/\/masfm.com\/emisora\/wp-content\/uploads\/2018\/04\/6-2-560x560.jpg 560w\" sizes=\"auto, (max-width: 1080px) 100vw, 1080px\" \/><\/figure>\n\n\n\n<figure class=\"wp-block-image size-large\"><img loading=\"lazy\" decoding=\"async\" width=\"1080\" height=\"1080\" data-id=\"5688\" src=\"https:\/\/masfm.com\/emisora\/wp-content\/uploads\/2018\/04\/7-1.jpg\" alt=\"Nuestro cami\u00f3n de exteriores en el Segundo Festival Santafesino de Reggae. \" class=\"wp-image-5688\" title=\"Nuestro cami\u00f3n de exteriores en el Segundo Festival Santafesino de Reggae. \" srcset=\"https:\/\/masfm.com\/emisora\/wp-content\/uploads\/2018\/04\/7-1.jpg 1080w, https:\/\/masfm.com\/emisora\/wp-content\/uploads\/2018\/04\/7-1-330x330.jpg 330w, https:\/\/masfm.com\/emisora\/wp-content\/uploads\/2018\/04\/7-1-600x600.jpg 600w, https:\/\/masfm.com\/emisora\/wp-content\/uploads\/2018\/04\/7-1-190x190.jpg 190w, https:\/\/masfm.com\/emisora\/wp-content\/uploads\/2018\/04\/7-1-70x70.jpg 70w, https:\/\/masfm.com\/emisora\/wp-content\/uploads\/2018\/04\/7-1-60x60.jpg 60w, https:\/\/masfm.com\/emisora\/wp-content\/uploads\/2018\/04\/7-1-560x560.jpg 560w\" sizes=\"auto, (max-width: 1080px) 100vw, 1080px\" \/><\/figure>\n\n\n\n<figure class=\"wp-block-image size-large\"><img loading=\"lazy\" decoding=\"async\" width=\"1080\" height=\"1080\" data-id=\"5683\" src=\"https:\/\/masfm.com\/emisora\/wp-content\/uploads\/2018\/04\/2-2.jpg\" alt=\"Nuestro cami\u00f3n de exteriores en el Segundo Festival Santafesino de Reggae. \" class=\"wp-image-5683\" title=\"Nuestro cami\u00f3n de exteriores en el Segundo Festival Santafesino de Reggae. \" srcset=\"https:\/\/masfm.com\/emisora\/wp-content\/uploads\/2018\/04\/2-2.jpg 1080w, https:\/\/masfm.com\/emisora\/wp-content\/uploads\/2018\/04\/2-2-330x330.jpg 330w, https:\/\/masfm.com\/emisora\/wp-content\/uploads\/2018\/04\/2-2-600x600.jpg 600w, https:\/\/masfm.com\/emisora\/wp-content\/uploads\/2018\/04\/2-2-190x190.jpg 190w, https:\/\/masfm.com\/emisora\/wp-content\/uploads\/2018\/04\/2-2-70x70.jpg 70w, https:\/\/masfm.com\/emisora\/wp-content\/uploads\/2018\/04\/2-2-60x60.jpg 60w, https:\/\/masfm.com\/emisora\/wp-content\/uploads\/2018\/04\/2-2-560x560.jpg 560w\" sizes=\"auto, (max-width: 1080px) 100vw, 1080px\" \/><\/figure>\n\n\n\n<figure class=\"wp-block-image size-large\"><img loading=\"lazy\" decoding=\"async\" width=\"1080\" height=\"1080\" data-id=\"5682\" src=\"https:\/\/masfm.com\/emisora\/wp-content\/uploads\/2018\/04\/1-2.jpg\" alt=\"Nuestro cami\u00f3n de exteriores en el Segundo Festival Santafesino de Reggae. \" class=\"wp-image-5682\" title=\"Nuestro cami\u00f3n de exteriores en el Segundo Festival Santafesino de Reggae. \" srcset=\"https:\/\/masfm.com\/emisora\/wp-content\/uploads\/2018\/04\/1-2.jpg 1080w, https:\/\/masfm.com\/emisora\/wp-content\/uploads\/2018\/04\/1-2-330x330.jpg 330w, https:\/\/masfm.com\/emisora\/wp-content\/uploads\/2018\/04\/1-2-600x600.jpg 600w, https:\/\/masfm.com\/emisora\/wp-content\/uploads\/2018\/04\/1-2-190x190.jpg 190w, https:\/\/masfm.com\/emisora\/wp-content\/uploads\/2018\/04\/1-2-70x70.jpg 70w, https:\/\/masfm.com\/emisora\/wp-content\/uploads\/2018\/04\/1-2-60x60.jpg 60w, https:\/\/masfm.com\/emisora\/wp-content\/uploads\/2018\/04\/1-2-560x560.jpg 560w\" sizes=\"auto, (max-width: 1080px) 100vw, 1080px\" \/><\/figure>\n\n\n\n<figure class=\"wp-block-image size-large\"><img loading=\"lazy\" decoding=\"async\" width=\"1080\" height=\"1080\" data-id=\"5681\" src=\"https:\/\/masfm.com\/emisora\/wp-content\/uploads\/2018\/04\/11.jpg\" alt=\"Nuestro cami\u00f3n de exteriores en el Segundo Festival Santafesino de Reggae. \" class=\"wp-image-5681\" title=\"Nuestro cami\u00f3n de exteriores en el Segundo Festival Santafesino de Reggae. \" srcset=\"https:\/\/masfm.com\/emisora\/wp-content\/uploads\/2018\/04\/11.jpg 1080w, https:\/\/masfm.com\/emisora\/wp-content\/uploads\/2018\/04\/11-330x330.jpg 330w, https:\/\/masfm.com\/emisora\/wp-content\/uploads\/2018\/04\/11-600x600.jpg 600w, https:\/\/masfm.com\/emisora\/wp-content\/uploads\/2018\/04\/11-190x190.jpg 190w, https:\/\/masfm.com\/emisora\/wp-content\/uploads\/2018\/04\/11-70x70.jpg 70w, https:\/\/masfm.com\/emisora\/wp-content\/uploads\/2018\/04\/11-60x60.jpg 60w, https:\/\/masfm.com\/emisora\/wp-content\/uploads\/2018\/04\/11-560x560.jpg 560w\" sizes=\"auto, (max-width: 1080px) 100vw, 1080px\" \/><\/figure>\n\n\n\n<figure class=\"wp-block-image size-large\"><img loading=\"lazy\" decoding=\"async\" width=\"1080\" height=\"1080\" data-id=\"5680\" src=\"https:\/\/masfm.com\/emisora\/wp-content\/uploads\/2018\/04\/10.jpg\" alt=\"Nuestro cami\u00f3n de exteriores en el Segundo Festival Santafesino de Reggae. \" class=\"wp-image-5680\" title=\"Nuestro cami\u00f3n de exteriores en el Segundo Festival Santafesino de Reggae. \" srcset=\"https:\/\/masfm.com\/emisora\/wp-content\/uploads\/2018\/04\/10.jpg 1080w, https:\/\/masfm.com\/emisora\/wp-content\/uploads\/2018\/04\/10-330x330.jpg 330w, https:\/\/masfm.com\/emisora\/wp-content\/uploads\/2018\/04\/10-600x600.jpg 600w, https:\/\/masfm.com\/emisora\/wp-content\/uploads\/2018\/04\/10-190x190.jpg 190w, https:\/\/masfm.com\/emisora\/wp-content\/uploads\/2018\/04\/10-70x70.jpg 70w, https:\/\/masfm.com\/emisora\/wp-content\/uploads\/2018\/04\/10-60x60.jpg 60w, https:\/\/masfm.com\/emisora\/wp-content\/uploads\/2018\/04\/10-560x560.jpg 560w\" sizes=\"auto, (max-width: 1080px) 100vw, 1080px\" \/><\/figure>\n\n\n\n<figure class=\"wp-block-image size-large\"><img loading=\"lazy\" decoding=\"async\" width=\"1080\" height=\"1080\" data-id=\"5679\" src=\"https:\/\/masfm.com\/emisora\/wp-content\/uploads\/2018\/04\/9.jpg\" alt=\"Nuestro cami\u00f3n de exteriores en el Segundo Festival Santafesino de Reggae. \" class=\"wp-image-5679\" title=\"Nuestro cami\u00f3n de exteriores en el Segundo Festival Santafesino de Reggae. \" srcset=\"https:\/\/masfm.com\/emisora\/wp-content\/uploads\/2018\/04\/9.jpg 1080w, https:\/\/masfm.com\/emisora\/wp-content\/uploads\/2018\/04\/9-330x330.jpg 330w, https:\/\/masfm.com\/emisora\/wp-content\/uploads\/2018\/04\/9-600x600.jpg 600w, https:\/\/masfm.com\/emisora\/wp-content\/uploads\/2018\/04\/9-190x190.jpg 190w, https:\/\/masfm.com\/emisora\/wp-content\/uploads\/2018\/04\/9-70x70.jpg 70w, https:\/\/masfm.com\/emisora\/wp-content\/uploads\/2018\/04\/9-60x60.jpg 60w, https:\/\/masfm.com\/emisora\/wp-content\/uploads\/2018\/04\/9-560x560.jpg 560w\" sizes=\"auto, (max-width: 1080px) 100vw, 1080px\" \/><\/figure>\n\n\n\n<figure class=\"wp-block-image size-large\"><img loading=\"lazy\" decoding=\"async\" width=\"1080\" height=\"1080\" data-id=\"5674\" src=\"https:\/\/masfm.com\/emisora\/wp-content\/uploads\/2018\/04\/4-1.jpg\" alt=\"Nuestro cami\u00f3n de exteriores en el Segundo Festival Santafesino de Reggae. \" class=\"wp-image-5674\" title=\"Nuestro cami\u00f3n de exteriores en el Segundo Festival Santafesino de Reggae. \" srcset=\"https:\/\/masfm.com\/emisora\/wp-content\/uploads\/2018\/04\/4-1.jpg 1080w, https:\/\/masfm.com\/emisora\/wp-content\/uploads\/2018\/04\/4-1-330x330.jpg 330w, https:\/\/masfm.com\/emisora\/wp-content\/uploads\/2018\/04\/4-1-600x600.jpg 600w, https:\/\/masfm.com\/emisora\/wp-content\/uploads\/2018\/04\/4-1-190x190.jpg 190w, https:\/\/masfm.com\/emisora\/wp-content\/uploads\/2018\/04\/4-1-70x70.jpg 70w, https:\/\/masfm.com\/emisora\/wp-content\/uploads\/2018\/04\/4-1-60x60.jpg 60w, https:\/\/masfm.com\/emisora\/wp-content\/uploads\/2018\/04\/4-1-560x560.jpg 560w\" sizes=\"auto, (max-width: 1080px) 100vw, 1080px\" \/><\/figure>\n\n\n\n<figure class=\"wp-block-image size-large\"><img loading=\"lazy\" decoding=\"async\" width=\"1080\" height=\"1080\" data-id=\"5675\" src=\"https:\/\/masfm.com\/emisora\/wp-content\/uploads\/2018\/04\/5-1.jpg\" alt=\"Nuestro cami\u00f3n de exteriores en el Segundo Festival Santafesino de Reggae. \" class=\"wp-image-5675\" title=\"Nuestro cami\u00f3n de exteriores en el Segundo Festival Santafesino de Reggae. \" srcset=\"https:\/\/masfm.com\/emisora\/wp-content\/uploads\/2018\/04\/5-1.jpg 1080w, https:\/\/masfm.com\/emisora\/wp-content\/uploads\/2018\/04\/5-1-330x330.jpg 330w, https:\/\/masfm.com\/emisora\/wp-content\/uploads\/2018\/04\/5-1-600x600.jpg 600w, https:\/\/masfm.com\/emisora\/wp-content\/uploads\/2018\/04\/5-1-190x190.jpg 190w, https:\/\/masfm.com\/emisora\/wp-content\/uploads\/2018\/04\/5-1-70x70.jpg 70w, https:\/\/masfm.com\/emisora\/wp-content\/uploads\/2018\/04\/5-1-60x60.jpg 60w, https:\/\/masfm.com\/emisora\/wp-content\/uploads\/2018\/04\/5-1-560x560.jpg 560w\" sizes=\"auto, (max-width: 1080px) 100vw, 1080px\" \/><\/figure>\n\n\n\n<figure class=\"wp-block-image size-large\"><img loading=\"lazy\" decoding=\"async\" width=\"1080\" height=\"1080\" data-id=\"5676\" src=\"https:\/\/masfm.com\/emisora\/wp-content\/uploads\/2018\/04\/6-1.jpg\" alt=\"Nuestro cami\u00f3n de exteriores en el Segundo Festival Santafesino de Reggae. \" class=\"wp-image-5676\" title=\"Nuestro cami\u00f3n de exteriores en el Segundo Festival Santafesino de Reggae. \" srcset=\"https:\/\/masfm.com\/emisora\/wp-content\/uploads\/2018\/04\/6-1.jpg 1080w, https:\/\/masfm.com\/emisora\/wp-content\/uploads\/2018\/04\/6-1-330x330.jpg 330w, https:\/\/masfm.com\/emisora\/wp-content\/uploads\/2018\/04\/6-1-600x600.jpg 600w, https:\/\/masfm.com\/emisora\/wp-content\/uploads\/2018\/04\/6-1-190x190.jpg 190w, https:\/\/masfm.com\/emisora\/wp-content\/uploads\/2018\/04\/6-1-70x70.jpg 70w, https:\/\/masfm.com\/emisora\/wp-content\/uploads\/2018\/04\/6-1-60x60.jpg 60w, https:\/\/masfm.com\/emisora\/wp-content\/uploads\/2018\/04\/6-1-560x560.jpg 560w\" sizes=\"auto, (max-width: 1080px) 100vw, 1080px\" \/><\/figure>\n\n\n\n<figure class=\"wp-block-image size-large\"><img loading=\"lazy\" decoding=\"async\" width=\"1080\" height=\"1080\" data-id=\"5677\" src=\"https:\/\/masfm.com\/emisora\/wp-content\/uploads\/2018\/04\/7.jpg\" alt=\"Nuestro cami\u00f3n de exteriores en el Segundo Festival Santafesino de Reggae. \" class=\"wp-image-5677\" title=\"Nuestro cami\u00f3n de exteriores en el Segundo Festival Santafesino de Reggae. \" srcset=\"https:\/\/masfm.com\/emisora\/wp-content\/uploads\/2018\/04\/7.jpg 1080w, https:\/\/masfm.com\/emisora\/wp-content\/uploads\/2018\/04\/7-330x330.jpg 330w, https:\/\/masfm.com\/emisora\/wp-content\/uploads\/2018\/04\/7-600x600.jpg 600w, https:\/\/masfm.com\/emisora\/wp-content\/uploads\/2018\/04\/7-190x190.jpg 190w, https:\/\/masfm.com\/emisora\/wp-content\/uploads\/2018\/04\/7-70x70.jpg 70w, https:\/\/masfm.com\/emisora\/wp-content\/uploads\/2018\/04\/7-60x60.jpg 60w, https:\/\/masfm.com\/emisora\/wp-content\/uploads\/2018\/04\/7-560x560.jpg 560w\" sizes=\"auto, (max-width: 1080px) 100vw, 1080px\" \/><\/figure>\n\n\n\n<figure class=\"wp-block-image size-large\"><img loading=\"lazy\" decoding=\"async\" width=\"1080\" height=\"1080\" data-id=\"5678\" src=\"https:\/\/masfm.com\/emisora\/wp-content\/uploads\/2018\/04\/8.jpg\" alt=\"Nuestro cami\u00f3n de exteriores en el Segundo Festival Santafesino de Reggae. \" class=\"wp-image-5678\" title=\"Nuestro cami\u00f3n de exteriores en el Segundo Festival Santafesino de Reggae. \" srcset=\"https:\/\/masfm.com\/emisora\/wp-content\/uploads\/2018\/04\/8.jpg 1080w, https:\/\/masfm.com\/emisora\/wp-content\/uploads\/2018\/04\/8-330x330.jpg 330w, https:\/\/masfm.com\/emisora\/wp-content\/uploads\/2018\/04\/8-600x600.jpg 600w, https:\/\/masfm.com\/emisora\/wp-content\/uploads\/2018\/04\/8-190x190.jpg 190w, https:\/\/masfm.com\/emisora\/wp-content\/uploads\/2018\/04\/8-70x70.jpg 70w, https:\/\/masfm.com\/emisora\/wp-content\/uploads\/2018\/04\/8-60x60.jpg 60w, https:\/\/masfm.com\/emisora\/wp-content\/uploads\/2018\/04\/8-560x560.jpg 560w\" sizes=\"auto, (max-width: 1080px) 100vw, 1080px\" \/><\/figure>\n\n\n\n<figure class=\"wp-block-image size-large\"><img loading=\"lazy\" decoding=\"async\" width=\"1080\" height=\"1080\" data-id=\"5673\" src=\"https:\/\/masfm.com\/emisora\/wp-content\/uploads\/2018\/04\/3-1.jpg\" alt=\"Nuestro cami\u00f3n de exteriores en el Segundo Festival Santafesino de Reggae. \" class=\"wp-image-5673\" title=\"Nuestro cami\u00f3n de exteriores en el Segundo Festival Santafesino de Reggae. \" srcset=\"https:\/\/masfm.com\/emisora\/wp-content\/uploads\/2018\/04\/3-1.jpg 1080w, https:\/\/masfm.com\/emisora\/wp-content\/uploads\/2018\/04\/3-1-330x330.jpg 330w, https:\/\/masfm.com\/emisora\/wp-content\/uploads\/2018\/04\/3-1-600x600.jpg 600w, https:\/\/masfm.com\/emisora\/wp-content\/uploads\/2018\/04\/3-1-190x190.jpg 190w, https:\/\/masfm.com\/emisora\/wp-content\/uploads\/2018\/04\/3-1-70x70.jpg 70w, https:\/\/masfm.com\/emisora\/wp-content\/uploads\/2018\/04\/3-1-60x60.jpg 60w, https:\/\/masfm.com\/emisora\/wp-content\/uploads\/2018\/04\/3-1-560x560.jpg 560w\" sizes=\"auto, (max-width: 1080px) 100vw, 1080px\" \/><\/figure>\n\n\n\n<figure class=\"wp-block-image size-large\"><img loading=\"lazy\" decoding=\"async\" width=\"1080\" height=\"1080\" data-id=\"5672\" src=\"https:\/\/masfm.com\/emisora\/wp-content\/uploads\/2018\/04\/2-1.jpg\" alt=\"Nuestro cami\u00f3n de exteriores en el Segundo Festival Santafesino de Reggae. \" class=\"wp-image-5672\" title=\"Nuestro cami\u00f3n de exteriores en el Segundo Festival Santafesino de Reggae. \" srcset=\"https:\/\/masfm.com\/emisora\/wp-content\/uploads\/2018\/04\/2-1.jpg 1080w, https:\/\/masfm.com\/emisora\/wp-content\/uploads\/2018\/04\/2-1-330x330.jpg 330w, https:\/\/masfm.com\/emisora\/wp-content\/uploads\/2018\/04\/2-1-600x600.jpg 600w, https:\/\/masfm.com\/emisora\/wp-content\/uploads\/2018\/04\/2-1-190x190.jpg 190w, https:\/\/masfm.com\/emisora\/wp-content\/uploads\/2018\/04\/2-1-70x70.jpg 70w, https:\/\/masfm.com\/emisora\/wp-content\/uploads\/2018\/04\/2-1-60x60.jpg 60w, https:\/\/masfm.com\/emisora\/wp-content\/uploads\/2018\/04\/2-1-560x560.jpg 560w\" sizes=\"auto, (max-width: 1080px) 100vw, 1080px\" \/><\/figure>\n\n\n\n<figure class=\"wp-block-image size-large\"><img loading=\"lazy\" decoding=\"async\" width=\"1080\" height=\"1080\" data-id=\"5671\" src=\"https:\/\/masfm.com\/emisora\/wp-content\/uploads\/2018\/04\/1-1.jpg\" alt=\"Nuestro cami\u00f3n de exteriores en el Segundo Festival Santafesino de Reggae. \" class=\"wp-image-5671\" title=\"Nuestro cami\u00f3n de exteriores en el Segundo Festival Santafesino de Reggae. \" srcset=\"https:\/\/masfm.com\/emisora\/wp-content\/uploads\/2018\/04\/1-1.jpg 1080w, https:\/\/masfm.com\/emisora\/wp-content\/uploads\/2018\/04\/1-1-330x330.jpg 330w, https:\/\/masfm.com\/emisora\/wp-content\/uploads\/2018\/04\/1-1-600x600.jpg 600w, https:\/\/masfm.com\/emisora\/wp-content\/uploads\/2018\/04\/1-1-190x190.jpg 190w, https:\/\/masfm.com\/emisora\/wp-content\/uploads\/2018\/04\/1-1-70x70.jpg 70w, https:\/\/masfm.com\/emisora\/wp-content\/uploads\/2018\/04\/1-1-60x60.jpg 60w, https:\/\/masfm.com\/emisora\/wp-content\/uploads\/2018\/04\/1-1-560x560.jpg 560w\" sizes=\"auto, (max-width: 1080px) 100vw, 1080px\" \/><\/figure>\n\n\n\n<figure class=\"wp-block-image size-large\"><img loading=\"lazy\" decoding=\"async\" width=\"1080\" height=\"1080\" data-id=\"5670\" src=\"https:\/\/masfm.com\/emisora\/wp-content\/uploads\/2018\/04\/6.jpg\" alt=\"Nuestro cami\u00f3n de exteriores en el Segundo Festival Santafesino de Reggae. \" class=\"wp-image-5670\" title=\"Nuestro cami\u00f3n de exteriores en el Segundo Festival Santafesino de Reggae. \" srcset=\"https:\/\/masfm.com\/emisora\/wp-content\/uploads\/2018\/04\/6.jpg 1080w, https:\/\/masfm.com\/emisora\/wp-content\/uploads\/2018\/04\/6-330x330.jpg 330w, https:\/\/masfm.com\/emisora\/wp-content\/uploads\/2018\/04\/6-600x600.jpg 600w, https:\/\/masfm.com\/emisora\/wp-content\/uploads\/2018\/04\/6-190x190.jpg 190w, https:\/\/masfm.com\/emisora\/wp-content\/uploads\/2018\/04\/6-70x70.jpg 70w, https:\/\/masfm.com\/emisora\/wp-content\/uploads\/2018\/04\/6-60x60.jpg 60w, https:\/\/masfm.com\/emisora\/wp-content\/uploads\/2018\/04\/6-560x560.jpg 560w\" sizes=\"auto, (max-width: 1080px) 100vw, 1080px\" \/><\/figure>\n\n\n\n<figure class=\"wp-block-image size-large\"><img loading=\"lazy\" decoding=\"async\" width=\"1080\" height=\"1080\" data-id=\"5669\" src=\"https:\/\/masfm.com\/emisora\/wp-content\/uploads\/2018\/04\/5.jpg\" alt=\"Nuestro cami\u00f3n de exteriores en el Segundo Festival Santafesino de Reggae. \" class=\"wp-image-5669\" title=\"Nuestro cami\u00f3n de exteriores en el Segundo Festival Santafesino de Reggae. \" srcset=\"https:\/\/masfm.com\/emisora\/wp-content\/uploads\/2018\/04\/5.jpg 1080w, https:\/\/masfm.com\/emisora\/wp-content\/uploads\/2018\/04\/5-330x330.jpg 330w, https:\/\/masfm.com\/emisora\/wp-content\/uploads\/2018\/04\/5-600x600.jpg 600w, https:\/\/masfm.com\/emisora\/wp-content\/uploads\/2018\/04\/5-190x190.jpg 190w, https:\/\/masfm.com\/emisora\/wp-content\/uploads\/2018\/04\/5-70x70.jpg 70w, https:\/\/masfm.com\/emisora\/wp-content\/uploads\/2018\/04\/5-60x60.jpg 60w, https:\/\/masfm.com\/emisora\/wp-content\/uploads\/2018\/04\/5-560x560.jpg 560w\" sizes=\"auto, (max-width: 1080px) 100vw, 1080px\" \/><\/figure>\n\n\n\n<figure class=\"wp-block-image size-large\"><img loading=\"lazy\" decoding=\"async\" width=\"1080\" height=\"1080\" data-id=\"5665\" src=\"https:\/\/masfm.com\/emisora\/wp-content\/uploads\/2018\/04\/1.jpg\" alt=\"Nuestro cami\u00f3n de exteriores en el Segundo Festival Santafesino de Reggae. \" class=\"wp-image-5665\" title=\"Nuestro cami\u00f3n de exteriores en el Segundo Festival Santafesino de Reggae. \" srcset=\"https:\/\/masfm.com\/emisora\/wp-content\/uploads\/2018\/04\/1.jpg 1080w, https:\/\/masfm.com\/emisora\/wp-content\/uploads\/2018\/04\/1-330x330.jpg 330w, https:\/\/masfm.com\/emisora\/wp-content\/uploads\/2018\/04\/1-600x600.jpg 600w, https:\/\/masfm.com\/emisora\/wp-content\/uploads\/2018\/04\/1-190x190.jpg 190w, https:\/\/masfm.com\/emisora\/wp-content\/uploads\/2018\/04\/1-70x70.jpg 70w, https:\/\/masfm.com\/emisora\/wp-content\/uploads\/2018\/04\/1-60x60.jpg 60w, https:\/\/masfm.com\/emisora\/wp-content\/uploads\/2018\/04\/1-560x560.jpg 560w\" sizes=\"auto, (max-width: 1080px) 100vw, 1080px\" \/><\/figure>\n\n\n\n<figure class=\"wp-block-image size-large\"><img loading=\"lazy\" decoding=\"async\" width=\"1080\" height=\"1080\" data-id=\"5666\" src=\"https:\/\/masfm.com\/emisora\/wp-content\/uploads\/2018\/04\/2.jpg\" alt=\"Nuestro cami\u00f3n de exteriores en el Segundo Festival Santafesino de Reggae. \" class=\"wp-image-5666\" title=\"Nuestro cami\u00f3n de exteriores en el Segundo Festival Santafesino de Reggae. \" srcset=\"https:\/\/masfm.com\/emisora\/wp-content\/uploads\/2018\/04\/2.jpg 1080w, https:\/\/masfm.com\/emisora\/wp-content\/uploads\/2018\/04\/2-330x330.jpg 330w, https:\/\/masfm.com\/emisora\/wp-content\/uploads\/2018\/04\/2-600x600.jpg 600w, https:\/\/masfm.com\/emisora\/wp-content\/uploads\/2018\/04\/2-190x190.jpg 190w, https:\/\/masfm.com\/emisora\/wp-content\/uploads\/2018\/04\/2-70x70.jpg 70w, https:\/\/masfm.com\/emisora\/wp-content\/uploads\/2018\/04\/2-60x60.jpg 60w, https:\/\/masfm.com\/emisora\/wp-content\/uploads\/2018\/04\/2-560x560.jpg 560w\" sizes=\"auto, (max-width: 1080px) 100vw, 1080px\" \/><\/figure>\n\n\n\n<figure class=\"wp-block-image size-large\"><img loading=\"lazy\" decoding=\"async\" width=\"1080\" height=\"1080\" data-id=\"5667\" src=\"https:\/\/masfm.com\/emisora\/wp-content\/uploads\/2018\/04\/3.jpg\" alt=\"Nuestro cami\u00f3n de exteriores en el Segundo Festival Santafesino de Reggae. \" class=\"wp-image-5667\" title=\"Nuestro cami\u00f3n de exteriores en el Segundo Festival Santafesino de Reggae. \" srcset=\"https:\/\/masfm.com\/emisora\/wp-content\/uploads\/2018\/04\/3.jpg 1080w, https:\/\/masfm.com\/emisora\/wp-content\/uploads\/2018\/04\/3-330x330.jpg 330w, https:\/\/masfm.com\/emisora\/wp-content\/uploads\/2018\/04\/3-600x600.jpg 600w, https:\/\/masfm.com\/emisora\/wp-content\/uploads\/2018\/04\/3-190x190.jpg 190w, https:\/\/masfm.com\/emisora\/wp-content\/uploads\/2018\/04\/3-70x70.jpg 70w, https:\/\/masfm.com\/emisora\/wp-content\/uploads\/2018\/04\/3-60x60.jpg 60w, https:\/\/masfm.com\/emisora\/wp-content\/uploads\/2018\/04\/3-560x560.jpg 560w\" sizes=\"auto, (max-width: 1080px) 100vw, 1080px\" \/><\/figure>\n\n\n\n<figure class=\"wp-block-image size-large\"><img loading=\"lazy\" decoding=\"async\" width=\"1080\" height=\"1080\" data-id=\"5668\" src=\"https:\/\/masfm.com\/emisora\/wp-content\/uploads\/2018\/04\/4.jpg\" alt=\"Nuestro cami\u00f3n de exteriores en el Segundo Festival Santafesino de Reggae. \" class=\"wp-image-5668\" title=\"Nuestro cami\u00f3n de exteriores en el Segundo Festival Santafesino de Reggae. \" srcset=\"https:\/\/masfm.com\/emisora\/wp-content\/uploads\/2018\/04\/4.jpg 1080w, https:\/\/masfm.com\/emisora\/wp-content\/uploads\/2018\/04\/4-330x330.jpg 330w, https:\/\/masfm.com\/emisora\/wp-content\/uploads\/2018\/04\/4-600x600.jpg 600w, https:\/\/masfm.com\/emisora\/wp-content\/uploads\/2018\/04\/4-190x190.jpg 190w, https:\/\/masfm.com\/emisora\/wp-content\/uploads\/2018\/04\/4-70x70.jpg 70w, https:\/\/masfm.com\/emisora\/wp-content\/uploads\/2018\/04\/4-60x60.jpg 60w, https:\/\/masfm.com\/emisora\/wp-content\/uploads\/2018\/04\/4-560x560.jpg 560w\" sizes=\"auto, (max-width: 1080px) 100vw, 1080px\" \/><\/figure>\n<\/figure>\n\n\n\n<h2 class=\"wp-block-heading\" id=\"ya-lo-sumamos\">\u00a1Un cami\u00f3n lleno de videos!<\/h2>\n\n\n\n<p>Los mejores videos ya forman parte de nuestra programaci\u00f3n, la cual desde hace M\u00e1s de dos d\u00e9cadas, la disfrut\u00e1s 100 % con im\u00e1genes.<\/p>\n\n\n\n<p>Acordate, pod\u00e9s mirarnos desde tu compu, tablet, notebook o Smart TV con s\u00f3lo&nbsp;<a href=\"https:\/\/masfm.com\/emisora\/#section-custom-content-2\" target=\"_blank\" rel=\"noreferrer noopener\">entrar ac\u00e1<\/a>.<\/p>\n\n\n\n<p>Si prefer\u00eds que la experiencia sea por medio de tu celular, bajate la App gratuitamente&nbsp;<a href=\"https:\/\/masfm.pryx.com.ar\/install\/\" target=\"_blank\" rel=\"noreferrer noopener\">desde ac\u00e1<\/a>&nbsp;y miranos desde cualquier parte del mundo, a la hora que quieras!<\/p>\n\n\n\n<p>Estamos las 24 horas con la mejor m\u00fasica y sus clips.<\/p>\n\n\n\n<h2 class=\"wp-block-heading\" id=\"registrate-a-mas-fm-95-9\">\u00a1Registrate a M\u00e1s FM 95 9!<\/h2>\n\n\n  \n  \n  <div class=\"\n    mailpoet_form_popup_overlay\n      \"><\/div>\n  <div\n    id=\"mailpoet_form_3\"\n    class=\"\n      mailpoet_form\n      mailpoet_form_html\n      mailpoet_form_position_\n      mailpoet_form_animation_\n    \"\n      >\n\n    <style type=\"text\/css\">\n     #mailpoet_form_3 .mailpoet_form {  }\n#mailpoet_form_3 .mailpoet_column_with_background { padding: 10px; }\n#mailpoet_form_3 .mailpoet_form_column:not(:first-child) { margin-left: 20px; }\n#mailpoet_form_3 .mailpoet_paragraph { line-height: 20px; margin-bottom: 20px; }\n#mailpoet_form_3 .mailpoet_segment_label, #mailpoet_form_3 .mailpoet_text_label, #mailpoet_form_3 .mailpoet_textarea_label, #mailpoet_form_3 .mailpoet_select_label, #mailpoet_form_3 .mailpoet_radio_label, #mailpoet_form_3 .mailpoet_checkbox_label, #mailpoet_form_3 .mailpoet_list_label, #mailpoet_form_3 .mailpoet_date_label { display: block; font-weight: normal; }\n#mailpoet_form_3 .mailpoet_text, #mailpoet_form_3 .mailpoet_textarea, #mailpoet_form_3 .mailpoet_select, #mailpoet_form_3 .mailpoet_date_month, #mailpoet_form_3 .mailpoet_date_day, #mailpoet_form_3 .mailpoet_date_year, #mailpoet_form_3 .mailpoet_date { display: block; }\n#mailpoet_form_3 .mailpoet_text, #mailpoet_form_3 .mailpoet_textarea { width: 200px; }\n#mailpoet_form_3 .mailpoet_checkbox {  }\n#mailpoet_form_3 .mailpoet_submit {  }\n#mailpoet_form_3 .mailpoet_divider {  }\n#mailpoet_form_3 .mailpoet_message {  }\n#mailpoet_form_3 .mailpoet_form_loading { width: 30px; text-align: center; line-height: normal; }\n#mailpoet_form_3 .mailpoet_form_loading > span { width: 5px; height: 5px; background-color: #5b5b5b; }#mailpoet_form_3{border-radius: 0px;text-align: left;}#mailpoet_form_3 form.mailpoet_form {padding: 20px;}#mailpoet_form_3{width: 100%;}#mailpoet_form_3 .mailpoet_message {margin: 0; padding: 0 20px;}#mailpoet_form_3 .mailpoet_paragraph.last {margin-bottom: 0} @media (max-width: 500px) {#mailpoet_form_3 {background-image: none;}} @media (min-width: 500px) {#mailpoet_form_3 .last .mailpoet_paragraph:last-child {margin-bottom: 0}}  @media (max-width: 500px) {#mailpoet_form_3 .mailpoet_form_column:last-child .mailpoet_paragraph:last-child {margin-bottom: 0}} \n    <\/style>\n\n    <form\n      target=\"_self\"\n      method=\"post\"\n      action=\"https:\/\/masfm.com\/emisora\/wp-admin\/admin-post.php?action=mailpoet_subscription_form\"\n      class=\"mailpoet_form mailpoet_form_form mailpoet_form_html\"\n      novalidate\n      data-delay=\"\"\n      data-exit-intent-enabled=\"\"\n      data-trigger-mode=\"\"\n      data-click-trigger-selector=\"\"\n      data-font-family=\"\"\n      data-cookie-expiration-time=\"\"\n    >\n      <input type=\"hidden\" name=\"data[form_id]\" value=\"3\" \/>\n      <input type=\"hidden\" name=\"token\" value=\"15609c62e5\" \/>\n      <input type=\"hidden\" name=\"api_version\" value=\"v1\" \/>\n      <input type=\"hidden\" name=\"endpoint\" value=\"subscribers\" \/>\n      <input type=\"hidden\" name=\"mailpoet_method\" value=\"subscribe\" \/>\n\n      <label class=\"mailpoet_hp_email_label\" style=\"display: none !important;\">Please leave this field empty<input type=\"email\" name=\"data[email]\"\/><\/label><div class='mailpoet_form_columns_container'><div class=\"mailpoet_form_columns mailpoet_paragraph mailpoet_stack_on_mobile\"><div class=\"mailpoet_form_column\"><div class=\"mailpoet_paragraph \"><input type=\"text\" autocomplete=\"given-name\" class=\"mailpoet_text\" id=\"form_first_name_3\" name=\"data[form_field_Mjg5ZDFmYWM5ZDQ5X2ZpcnN0X25hbWU=]\" title=\"Nombre\" value=\"\" style=\"width:100%;box-sizing:border-box;padding:5px;margin: 0 auto 0 0;\" data-automation-id=\"form_first_name\"  placeholder=\"Nombre\" aria-label=\"Nombre\" data-parsley-errors-container=\".mailpoet_error_2u9yo\" data-parsley-names='[&quot;Please specify a valid name.&quot;,&quot;Addresses in names are not permitted, please add your name instead.&quot;]'\/><span class=\"mailpoet_error_2u9yo\"><\/span><\/div>\n<\/div>\n<div class=\"mailpoet_form_column\"><div class=\"mailpoet_paragraph \"><input type=\"email\" autocomplete=\"email\" class=\"mailpoet_text\" id=\"form_email_3\" name=\"data[form_field_OGY2ODJhNTQxZjUxX2VtYWls]\" title=\"TU MAIL:\" value=\"\" style=\"width:100%;box-sizing:border-box;padding:5px;margin: 0 auto 0 0;\" data-automation-id=\"form_email\"  placeholder=\"TU MAIL: *\" aria-label=\"TU MAIL: *\" data-parsley-errors-container=\".mailpoet_error_j3vfm\" data-parsley-required=\"true\" required aria-required=\"true\" data-parsley-minlength=\"6\" data-parsley-maxlength=\"150\" data-parsley-type-message=\"This value should be a valid email.\" data-parsley-required-message=\"This field is required.\"\/><span class=\"mailpoet_error_j3vfm\"><\/span><\/div>\n<\/div>\n<div class=\"mailpoet_form_column\"><div class=\"mailpoet_paragraph \"><input type=\"submit\" class=\"mailpoet_submit\" value=\"SUMATE YA!\" data-automation-id=\"subscribe-submit-button\" style=\"width:100%;box-sizing:border-box;padding:5px;margin: 0 auto 0 0;border-color:transparent;\" \/><span class=\"mailpoet_form_loading\"><span class=\"mailpoet_bounce1\"><\/span><span class=\"mailpoet_bounce2\"><\/span><span class=\"mailpoet_bounce3\"><\/span><\/span><\/div>\n<\/div>\n<\/div><\/div>\n<div class='mailpoet_form_columns_container'><div class=\"mailpoet_form_columns mailpoet_paragraph mailpoet_stack_on_mobile\"><div class=\"mailpoet_form_column\"><\/div>\n<div class=\"mailpoet_form_column\"><\/div>\n<\/div><\/div>\n\n      <div class=\"mailpoet_message\">\n        <p class=\"mailpoet_validate_success\"\n                style=\"display:none;\"\n                >Revisa tu bandeja de entrada o la carpeta de spam para confirmar tu suscripci\u00f3n.\n        <\/p>\n        <p class=\"mailpoet_validate_error\"\n                style=\"display:none;\"\n                >        <\/p>\n      <\/div>\n    <\/form>\n\n      <\/div>\n\n  \n\n\n<figure class=\"wp-block-image size-full\"><img loading=\"lazy\" decoding=\"async\" width=\"690\" height=\"330\" src=\"https:\/\/masfm.com\/emisora\/wp-content\/uploads\/2018\/04\/noticias-camion.jpg\" alt=\"Sabemos que la noticia M\u00e1s importante es el evento al que fue nuestro cami\u00f3n y no que haya estado ah\u00ed, pero es uno de nuestros juguetes exclusivos y nos alegra cuando hace, una vez M\u00e1s, algo diferente al resto.\n\nEl viernes, M\u00e1s all\u00e1 del d\u00eda poco jamaiquino que vivimos los santafesinos, estuvimos presentes en las instalaciones del Complejo ZYX, cito en la nueva zona de boliches en la ruta 168.\" class=\"wp-image-5713\" title=\"Sabemos que la noticia M\u00e1s importante es el evento al que fue nuestro cami\u00f3n y no que haya estado ah\u00ed, pero es uno de nuestros juguetes exclusivos y nos alegra cuando hace, una vez M\u00e1s, algo diferente al resto.  El viernes, M\u00e1s all\u00e1 del d\u00eda poco jamaiquino que vivimos los santafesinos, estuvimos presentes en las instalaciones del Complejo ZYX, cito en la nueva zona de boliches en la ruta 168.\" srcset=\"https:\/\/masfm.com\/emisora\/wp-content\/uploads\/2018\/04\/noticias-camion.jpg 690w, https:\/\/masfm.com\/emisora\/wp-content\/uploads\/2018\/04\/noticias-camion-345x165.jpg 345w, https:\/\/masfm.com\/emisora\/wp-content\/uploads\/2018\/04\/noticias-camion-600x287.jpg 600w, https:\/\/masfm.com\/emisora\/wp-content\/uploads\/2018\/04\/noticias-camion-560x268.jpg 560w\" sizes=\"auto, (max-width: 690px) 100vw, 690px\" \/><\/figure>\n","protected":false},"excerpt":{"rendered":"<p>Sabemos que la noticia M\u00e1s importante es el evento al que fue nuestro cami\u00f3n y no que haya estado ah\u00ed, pero es uno de nuestros juguetes exclusivos y nos alegra cuando hace, una vez M\u00e1s, algo diferente al resto. El viernes, M\u00e1s all\u00e1 del d\u00eda poco jamaiquino que vivimos los santafesinos, estuvimos presentes en las&hellip;<\/p>\n","protected":false},"author":4,"featured_media":5713,"comment_status":"closed","ping_status":"open","sticky":false,"template":"","format":"video","meta":{"footnotes":""},"categories":[2],"tags":[48,47,46,13,14,24],"class_list":["post-5664","post","type-post","status-publish","format-video","has-post-thumbnail","hentry","category-noticias","tag-esporaca","tag-laradioqueseve","tag-masfm959","tag-musica","tag-noticias","tag-videos","post_format-post-format-video"],"amp_enabled":true,"_links":{"self":[{"href":"https:\/\/masfm.com\/emisora\/wp-json\/wp\/v2\/posts\/5664","targetHints":{"allow":["GET"]}}],"collection":[{"href":"https:\/\/masfm.com\/emisora\/wp-json\/wp\/v2\/posts"}],"about":[{"href":"https:\/\/masfm.com\/emisora\/wp-json\/wp\/v2\/types\/post"}],"author":[{"embeddable":true,"href":"https:\/\/masfm.com\/emisora\/wp-json\/wp\/v2\/users\/4"}],"replies":[{"embeddable":true,"href":"https:\/\/masfm.com\/emisora\/wp-json\/wp\/v2\/comments?post=5664"}],"version-history":[{"count":0,"href":"https:\/\/masfm.com\/emisora\/wp-json\/wp\/v2\/posts\/5664\/revisions"}],"wp:featuredmedia":[{"embeddable":true,"href":"https:\/\/masfm.com\/emisora\/wp-json\/wp\/v2\/media\/5713"}],"wp:attachment":[{"href":"https:\/\/masfm.com\/emisora\/wp-json\/wp\/v2\/media?parent=5664"}],"wp:term":[{"taxonomy":"category","embeddable":true,"href":"https:\/\/masfm.com\/emisora\/wp-json\/wp\/v2\/categories?post=5664"},{"taxonomy":"post_tag","embeddable":true,"href":"https:\/\/masfm.com\/emisora\/wp-json\/wp\/v2\/tags?post=5664"}],"curies":[{"name":"wp","href":"https:\/\/api.w.org\/{rel}","templated":true}]}}