{"id":5768,"date":"2018-04-23T19:06:53","date_gmt":"2018-04-23T22:06:53","guid":{"rendered":"http:\/\/www.masfm.com.ar\/emisora\/?p=5768"},"modified":"2018-04-23T20:34:54","modified_gmt":"2018-04-23T23:34:54","slug":"vanthra-anuncia-vinilo","status":"publish","type":"post","link":"https:\/\/masfm.com\/emisora\/vanthra-anuncia-vinilo\/","title":{"rendered":"Vanthra anuncia vinilo."},"content":{"rendered":"<p>Despu\u00e9s de llevar sus primeras once canciones de gira por M\u00e9xico en el mes de marzo, Vanthra anuncia el lanzamiento de su \u00e1lbum debut en vinilo. El material estar\u00e1 disponible para la compra a partir del pr\u00f3ximo viernes 27 de abril. Luego, el proyecto de Fernando Ruiz D\u00edaz har\u00e1 un show de presentaci\u00f3n en La Trastienda Samsung, el pr\u00f3ximo 8 de junio.<\/p>\n<p>A la par del lanzamiento del vinilo, Vanthra editar\u00e1 el EP Cap\u00edtulo I, que incluye cinco nuevas canciones y estar\u00e1 disponible \u00fanicamente en plataformas digitales. Adem\u00e1s, desde el 18 de abril se lanz\u00f3 una preventa promocional que incluye el vinilo + entrada + poster (disponible hasta el 2 de mayo). Pod\u00e9s acceder a esta preventa haciendo click ac\u00e1.<\/p>\n<p>Las entradas para el show en La Trastienda del 8 de junio se pueden conseguir en TuEntrada.com, desde $ 350.<\/p>\n<p>Si todav\u00eda no te bajaste la App, hacelo desde <a href=\"http:\/\/www.masfm.com\/app\">www.masfm.com\/app<\/a> y recib\u00ed todas las noticias, videos estrenos, concursos y m\u00e1s en tu celu. Lo mejor? No ocupan espacio de la memoria de tu celular!!!<\/p>\n<p><img loading=\"lazy\" decoding=\"async\" class=\"alignnone size-full wp-image-5024\" src=\"http:\/\/www.masfm.com.ar\/emisora\/wp-content\/uploads\/2018\/01\/noticias-vanthra-5.jpg\" alt=\"\" width=\"690\" height=\"330\" title=\"\" srcset=\"https:\/\/masfm.com\/emisora\/wp-content\/uploads\/2018\/01\/noticias-vanthra-5.jpg 690w, https:\/\/masfm.com\/emisora\/wp-content\/uploads\/2018\/01\/noticias-vanthra-5-345x165.jpg 345w, https:\/\/masfm.com\/emisora\/wp-content\/uploads\/2018\/01\/noticias-vanthra-5-600x287.jpg 600w, https:\/\/masfm.com\/emisora\/wp-content\/uploads\/2018\/01\/noticias-vanthra-5-560x268.jpg 560w\" sizes=\"auto, (max-width: 690px) 100vw, 690px\" \/><\/p>\n","protected":false},"excerpt":{"rendered":"<p>Despu\u00e9s de llevar sus primeras once canciones de gira por M\u00e9xico en el mes de marzo, Vanthra anuncia el lanzamiento de su \u00e1lbum debut en vinilo. El material estar\u00e1 disponible para la compra a partir del pr\u00f3ximo viernes 27 de abril. Luego, el proyecto de Fernando Ruiz D\u00edaz har\u00e1 un show de presentaci\u00f3n en La&hellip;<\/p>\n","protected":false},"author":4,"featured_media":4161,"comment_status":"closed","ping_status":"open","sticky":false,"template":"","format":"video","meta":{"footnotes":""},"categories":[2],"tags":[48,47,46,13,14],"class_list":["post-5768","post","type-post","status-publish","format-video","has-post-thumbnail","hentry","category-noticias","tag-esporaca","tag-laradioqueseve","tag-masfm959","tag-musica","tag-noticias","post_format-post-format-video"],"amp_enabled":true,"_links":{"self":[{"href":"https:\/\/masfm.com\/emisora\/wp-json\/wp\/v2\/posts\/5768","targetHints":{"allow":["GET"]}}],"collection":[{"href":"https:\/\/masfm.com\/emisora\/wp-json\/wp\/v2\/posts"}],"about":[{"href":"https:\/\/masfm.com\/emisora\/wp-json\/wp\/v2\/types\/post"}],"author":[{"embeddable":true,"href":"https:\/\/masfm.com\/emisora\/wp-json\/wp\/v2\/users\/4"}],"replies":[{"embeddable":true,"href":"https:\/\/masfm.com\/emisora\/wp-json\/wp\/v2\/comments?post=5768"}],"version-history":[{"count":0,"href":"https:\/\/masfm.com\/emisora\/wp-json\/wp\/v2\/posts\/5768\/revisions"}],"wp:featuredmedia":[{"embeddable":true,"href":"https:\/\/masfm.com\/emisora\/wp-json\/wp\/v2\/media\/4161"}],"wp:attachment":[{"href":"https:\/\/masfm.com\/emisora\/wp-json\/wp\/v2\/media?parent=5768"}],"wp:term":[{"taxonomy":"category","embeddable":true,"href":"https:\/\/masfm.com\/emisora\/wp-json\/wp\/v2\/categories?post=5768"},{"taxonomy":"post_tag","embeddable":true,"href":"https:\/\/masfm.com\/emisora\/wp-json\/wp\/v2\/tags?post=5768"}],"curies":[{"name":"wp","href":"https:\/\/api.w.org\/{rel}","templated":true}]}}