{"id":5891,"date":"2018-04-26T16:09:30","date_gmt":"2018-04-26T19:09:30","guid":{"rendered":"http:\/\/www.masfm.com.ar\/emisora\/?p=5891"},"modified":"2018-04-27T08:31:18","modified_gmt":"2018-04-27T11:31:18","slug":"basta-de-matarnos","status":"publish","type":"post","link":"https:\/\/masfm.com\/emisora\/basta-de-matarnos\/","title":{"rendered":"Paren de Matarnos!!!"},"content":{"rendered":"<p>La cantante estren\u00f3 el video de su tema &#8220;Paren de Matarnos&#8221;, canci\u00f3n de protesta que hizo para acompa\u00f1ar al movimiento Ni Una Menos.<\/p>\n<p>Lali Esp\u00f3sito, Sof\u00eda Gala, Calu Rivero, Celeste Cid, Nancy Dupla\u00e1, Dolores Fonzi, Mim\u00ed Maura, Erica Rivas, Maril\u00fa Marini, Sandra Mihanovich, Teresa Parodi, Hilda Lizarazu, Liliana Herrero, Mariana Baraj, Las Taradas, Lisa Kerner y Carla Morales, entre otras, aparecen en el video cantando la letra de esta canci\u00f3n que se convirti\u00f3 en un verdadero himno.<\/p>\n<p>&#8220;Paren de Matarnos&#8221; forma parte &#8220;Pantera&#8221;, \u00faltimo \u00e1lbum de Miss Bolivia.<\/p>\n<p>Si todav\u00eda no te bajaste la App, hacelo desde <a href=\"http:\/\/www.masfm.com\/app\">www.masfm.com\/app<\/a> y recib\u00ed todas las noticias, videos estrenos, concursos y m\u00e1s en tu celu. Lo mejor? Nada de lo que te mandamos ocupa espacio de la memoria de tu celular!!!<\/p>\n<p><img loading=\"lazy\" decoding=\"async\" class=\"alignnone size-full wp-image-5898\" src=\"http:\/\/www.masfm.com.ar\/emisora\/wp-content\/uploads\/2018\/04\/noticias-miss-bolivia-2.jpg\" alt=\"\" width=\"690\" height=\"330\" title=\"\" srcset=\"https:\/\/masfm.com\/emisora\/wp-content\/uploads\/2018\/04\/noticias-miss-bolivia-2.jpg 690w, https:\/\/masfm.com\/emisora\/wp-content\/uploads\/2018\/04\/noticias-miss-bolivia-2-345x165.jpg 345w, https:\/\/masfm.com\/emisora\/wp-content\/uploads\/2018\/04\/noticias-miss-bolivia-2-600x287.jpg 600w, https:\/\/masfm.com\/emisora\/wp-content\/uploads\/2018\/04\/noticias-miss-bolivia-2-560x268.jpg 560w\" sizes=\"auto, (max-width: 690px) 100vw, 690px\" \/><\/p>\n","protected":false},"excerpt":{"rendered":"<p>La cantante estren\u00f3 el video de su tema &#8220;Paren de Matarnos&#8221;, canci\u00f3n de protesta que hizo para acompa\u00f1ar al movimiento Ni Una Menos. Lali Esp\u00f3sito, Sof\u00eda Gala, Calu Rivero, Celeste Cid, Nancy Dupla\u00e1, Dolores Fonzi, Mim\u00ed Maura, Erica Rivas, Maril\u00fa Marini, Sandra Mihanovich, Teresa Parodi, Hilda Lizarazu, Liliana Herrero, Mariana Baraj, Las Taradas, Lisa Kerner&hellip;<\/p>\n","protected":false},"author":4,"featured_media":5899,"comment_status":"closed","ping_status":"open","sticky":false,"template":"","format":"video","meta":{"footnotes":""},"categories":[2],"tags":[48,47,46,13,14,23],"class_list":["post-5891","post","type-post","status-publish","format-video","has-post-thumbnail","hentry","category-noticias","tag-esporaca","tag-laradioqueseve","tag-masfm959","tag-musica","tag-noticias","tag-video","post_format-post-format-video"],"amp_enabled":true,"_links":{"self":[{"href":"https:\/\/masfm.com\/emisora\/wp-json\/wp\/v2\/posts\/5891","targetHints":{"allow":["GET"]}}],"collection":[{"href":"https:\/\/masfm.com\/emisora\/wp-json\/wp\/v2\/posts"}],"about":[{"href":"https:\/\/masfm.com\/emisora\/wp-json\/wp\/v2\/types\/post"}],"author":[{"embeddable":true,"href":"https:\/\/masfm.com\/emisora\/wp-json\/wp\/v2\/users\/4"}],"replies":[{"embeddable":true,"href":"https:\/\/masfm.com\/emisora\/wp-json\/wp\/v2\/comments?post=5891"}],"version-history":[{"count":0,"href":"https:\/\/masfm.com\/emisora\/wp-json\/wp\/v2\/posts\/5891\/revisions"}],"wp:featuredmedia":[{"embeddable":true,"href":"https:\/\/masfm.com\/emisora\/wp-json\/wp\/v2\/media\/5899"}],"wp:attachment":[{"href":"https:\/\/masfm.com\/emisora\/wp-json\/wp\/v2\/media?parent=5891"}],"wp:term":[{"taxonomy":"category","embeddable":true,"href":"https:\/\/masfm.com\/emisora\/wp-json\/wp\/v2\/categories?post=5891"},{"taxonomy":"post_tag","embeddable":true,"href":"https:\/\/masfm.com\/emisora\/wp-json\/wp\/v2\/tags?post=5891"}],"curies":[{"name":"wp","href":"https:\/\/api.w.org\/{rel}","templated":true}]}}