{"id":5893,"date":"2018-04-26T15:58:46","date_gmt":"2018-04-26T18:58:46","guid":{"rendered":"http:\/\/www.masfm.com.ar\/emisora\/?p=5893"},"modified":"2018-04-27T08:31:48","modified_gmt":"2018-04-27T11:31:48","slug":"charly-en-el-gran-rex","status":"publish","type":"post","link":"https:\/\/masfm.com\/emisora\/charly-en-el-gran-rex\/","title":{"rendered":"Charly en el Gran Rex."},"content":{"rendered":"<p>El \u00edcono del rock argento se presentar\u00e1 el pr\u00f3ximo lunes 30 de abril desde las 20:30, en el porte\u00f1o Teatro Gran Rex (Av. Corrientes 857).<\/p>\n<p>Seg\u00fan se anunci\u00f3, las entradas estar\u00e1n a la venta desde el viernes 27 de abril en la boleter\u00eda del teatro y por Ticketek, a partir de las 10 de la ma\u00f1ana y por orden de llegada.<\/p>\n<p>En la presentaci\u00f3n del lunes, el hist\u00f3rico m\u00fasico argentino estar\u00e1 acompa\u00f1ado por &#8220;El Zorrito&#8221; Fabi\u00e1n Von Quintero en teclados, Kiuje Hayashida en guitarras, To\u00f1o Silva en bater\u00eda, Carlos Gonz\u00e1lez en bajo y Rosario Ortega en voz.<\/p>\n<p>En febrero, Garc\u00eda ofreci\u00f3 un concierto denominado &#8220;La Torre de Tesla&#8221; en el Teatro Coliseo. En aquella oportunidad, las entradas se agotaron en tan solo media hora.<\/p>\n<p>Hace unos d\u00edas, Charly se reuni\u00f3 con el ingeniero de sonido de The Beatles, Geoff Emerick, y con Alejandro Lener, para grabar un tema in\u00e9dito de \u00e9ste \u00faltimo.<\/p>\n<p>El \u00faltimo disco de Garc\u00eda, &#8220;Random&#8221;, fue publicado hace poco m\u00e1s de un a\u00f1o y consigui\u00f3 siete nominaciones para los Premios Gardel.<\/p>\n<p>Si todav\u00eda no te bajaste la App, hacelo desde <a href=\"http:\/\/www.masfm.com\/app\">www.masfm.com\/app<\/a> y recib\u00ed todas las noticias, videos estrenos, concursos y m\u00e1s en tu celu. Lo mejor? Nada de lo que te mandamos ocupa espacio de la memoria de tu celular!!!<\/p>\n<p><img loading=\"lazy\" decoding=\"async\" class=\"alignnone size-full wp-image-5518\" src=\"http:\/\/www.masfm.com.ar\/emisora\/wp-content\/uploads\/2018\/03\/noticias-charly-garcia-4.jpg\" alt=\"\" width=\"690\" height=\"330\" title=\"\" srcset=\"https:\/\/masfm.com\/emisora\/wp-content\/uploads\/2018\/03\/noticias-charly-garcia-4.jpg 690w, https:\/\/masfm.com\/emisora\/wp-content\/uploads\/2018\/03\/noticias-charly-garcia-4-345x165.jpg 345w, https:\/\/masfm.com\/emisora\/wp-content\/uploads\/2018\/03\/noticias-charly-garcia-4-600x287.jpg 600w, https:\/\/masfm.com\/emisora\/wp-content\/uploads\/2018\/03\/noticias-charly-garcia-4-560x268.jpg 560w\" sizes=\"auto, (max-width: 690px) 100vw, 690px\" \/><\/p>\n","protected":false},"excerpt":{"rendered":"<p>El \u00edcono del rock argento se presentar\u00e1 el pr\u00f3ximo lunes 30 de abril desde las 20:30, en el porte\u00f1o Teatro Gran Rex (Av. Corrientes 857). Seg\u00fan se anunci\u00f3, las entradas estar\u00e1n a la venta desde el viernes 27 de abril en la boleter\u00eda del teatro y por Ticketek, a partir de las 10 de la&hellip;<\/p>\n","protected":false},"author":4,"featured_media":4146,"comment_status":"closed","ping_status":"open","sticky":false,"template":"","format":"video","meta":{"footnotes":""},"categories":[2],"tags":[48,47,46,13,14,45],"class_list":["post-5893","post","type-post","status-publish","format-video","has-post-thumbnail","hentry","category-noticias","tag-esporaca","tag-laradioqueseve","tag-masfm959","tag-musica","tag-noticias","tag-shows","post_format-post-format-video"],"amp_enabled":true,"_links":{"self":[{"href":"https:\/\/masfm.com\/emisora\/wp-json\/wp\/v2\/posts\/5893","targetHints":{"allow":["GET"]}}],"collection":[{"href":"https:\/\/masfm.com\/emisora\/wp-json\/wp\/v2\/posts"}],"about":[{"href":"https:\/\/masfm.com\/emisora\/wp-json\/wp\/v2\/types\/post"}],"author":[{"embeddable":true,"href":"https:\/\/masfm.com\/emisora\/wp-json\/wp\/v2\/users\/4"}],"replies":[{"embeddable":true,"href":"https:\/\/masfm.com\/emisora\/wp-json\/wp\/v2\/comments?post=5893"}],"version-history":[{"count":0,"href":"https:\/\/masfm.com\/emisora\/wp-json\/wp\/v2\/posts\/5893\/revisions"}],"wp:featuredmedia":[{"embeddable":true,"href":"https:\/\/masfm.com\/emisora\/wp-json\/wp\/v2\/media\/4146"}],"wp:attachment":[{"href":"https:\/\/masfm.com\/emisora\/wp-json\/wp\/v2\/media?parent=5893"}],"wp:term":[{"taxonomy":"category","embeddable":true,"href":"https:\/\/masfm.com\/emisora\/wp-json\/wp\/v2\/categories?post=5893"},{"taxonomy":"post_tag","embeddable":true,"href":"https:\/\/masfm.com\/emisora\/wp-json\/wp\/v2\/tags?post=5893"}],"curies":[{"name":"wp","href":"https:\/\/api.w.org\/{rel}","templated":true}]}}