{"id":6020,"date":"2018-05-14T19:53:59","date_gmt":"2018-05-14T22:53:59","guid":{"rendered":"http:\/\/www.masfm.com.ar\/emisora\/?p=6020"},"modified":"2018-05-14T20:28:04","modified_gmt":"2018-05-14T23:28:04","slug":"30-anos-de-rata-blanca","status":"publish","type":"post","link":"https:\/\/masfm.com\/emisora\/30-anos-de-rata-blanca\/","title":{"rendered":"30 a\u00f1os de Rata Blanca."},"content":{"rendered":"<p>La banda liderada por Walter Giardino cumple 30 a\u00f1os sobre los escenarios y lo festeja en el m\u00edtico Estadio Luna Park el pr\u00f3ximo 9 de agosto a las 21 hs.<\/p>\n<p>Para el show de los 30 a\u00f1os, Rata Blanca har\u00e1 un repaso por sus hits musicales, que tendr\u00e1n ingredientes llenos de matices de arreglos orquestales, adem\u00e1s de tocar canciones de su \u00faltima producci\u00f3n discogr\u00e1fica: &#8220;Tormenta El\u00e9ctrica&#8221;.<\/p>\n<p>Si todav\u00eda no te bajaste la App, hacelo desde <a href=\"http:\/\/www.masfm.com\/app\">www.masfm.com\/app<\/a> y recib\u00ed todas las noticias, videos estrenos, concursos y m\u00e1s en tu celu. Lo mejor? Nada de lo que te mandamos ocupa espacio de la memoria de tu celular!!!<\/p>\n<p><img loading=\"lazy\" decoding=\"async\" class=\"alignnone size-full wp-image-6114\" src=\"http:\/\/www.masfm.com.ar\/emisora\/wp-content\/uploads\/2018\/05\/noticias-rata-banca-1.jpg\" alt=\"\" width=\"690\" height=\"330\" title=\"\" srcset=\"https:\/\/masfm.com\/emisora\/wp-content\/uploads\/2018\/05\/noticias-rata-banca-1.jpg 690w, https:\/\/masfm.com\/emisora\/wp-content\/uploads\/2018\/05\/noticias-rata-banca-1-345x165.jpg 345w, https:\/\/masfm.com\/emisora\/wp-content\/uploads\/2018\/05\/noticias-rata-banca-1-600x287.jpg 600w, https:\/\/masfm.com\/emisora\/wp-content\/uploads\/2018\/05\/noticias-rata-banca-1-560x268.jpg 560w\" sizes=\"auto, (max-width: 690px) 100vw, 690px\" \/><\/p>\n","protected":false},"excerpt":{"rendered":"<p>La banda liderada por Walter Giardino cumple 30 a\u00f1os sobre los escenarios y lo festeja en el m\u00edtico Estadio Luna Park el pr\u00f3ximo 9 de agosto a las 21 hs. Para el show de los 30 a\u00f1os, Rata Blanca har\u00e1 un repaso por sus hits musicales, que tendr\u00e1n ingredientes llenos de matices de arreglos orquestales,&hellip;<\/p>\n","protected":false},"author":4,"featured_media":6113,"comment_status":"closed","ping_status":"open","sticky":false,"template":"","format":"video","meta":{"footnotes":""},"categories":[2],"tags":[48,47,46,13,14,24],"class_list":["post-6020","post","type-post","status-publish","format-video","has-post-thumbnail","hentry","category-noticias","tag-esporaca","tag-laradioqueseve","tag-masfm959","tag-musica","tag-noticias","tag-videos","post_format-post-format-video"],"amp_enabled":true,"_links":{"self":[{"href":"https:\/\/masfm.com\/emisora\/wp-json\/wp\/v2\/posts\/6020","targetHints":{"allow":["GET"]}}],"collection":[{"href":"https:\/\/masfm.com\/emisora\/wp-json\/wp\/v2\/posts"}],"about":[{"href":"https:\/\/masfm.com\/emisora\/wp-json\/wp\/v2\/types\/post"}],"author":[{"embeddable":true,"href":"https:\/\/masfm.com\/emisora\/wp-json\/wp\/v2\/users\/4"}],"replies":[{"embeddable":true,"href":"https:\/\/masfm.com\/emisora\/wp-json\/wp\/v2\/comments?post=6020"}],"version-history":[{"count":0,"href":"https:\/\/masfm.com\/emisora\/wp-json\/wp\/v2\/posts\/6020\/revisions"}],"wp:featuredmedia":[{"embeddable":true,"href":"https:\/\/masfm.com\/emisora\/wp-json\/wp\/v2\/media\/6113"}],"wp:attachment":[{"href":"https:\/\/masfm.com\/emisora\/wp-json\/wp\/v2\/media?parent=6020"}],"wp:term":[{"taxonomy":"category","embeddable":true,"href":"https:\/\/masfm.com\/emisora\/wp-json\/wp\/v2\/categories?post=6020"},{"taxonomy":"post_tag","embeddable":true,"href":"https:\/\/masfm.com\/emisora\/wp-json\/wp\/v2\/tags?post=6020"}],"curies":[{"name":"wp","href":"https:\/\/api.w.org\/{rel}","templated":true}]}}