{"id":6314,"date":"2018-06-03T18:28:59","date_gmt":"2018-06-03T21:28:59","guid":{"rendered":"http:\/\/www.masfm.com.ar\/emisora\/?p=6314"},"modified":"2018-06-03T18:28:59","modified_gmt":"2018-06-03T21:28:59","slug":"nuevo-video-de-juanes","status":"publish","type":"post","link":"https:\/\/masfm.com\/emisora\/nuevo-video-de-juanes\/","title":{"rendered":"Nuevo video de Juanes."},"content":{"rendered":"<p>El cantautor colombiano rompe los esquemas con su nuevo sencillo y video musical &#8220;Pa Dentro&#8221;, el cual resalta la inclusi\u00f3n, la diversidad, y el empoderamiento femenino.<\/p>\n<p>Filmado en exuberantes y representativas locaciones de su natal Medell\u00edn, Colombia, que incluyen el Museo de Arte Moderno (MAMM), la Comuna 13 y el Parqueadero de la Antigua Cl\u00ednica Saludcoop, por mencionar s\u00f3lo algunas.<\/p>\n<p>El video destaca la belleza diversa que existe en Latinoam\u00e9rica, donde las j\u00f3venes colombianas que participan en este clip representan los m\u00faltiples colores, formas, y tama\u00f1os en los que la belleza existe en todo el continente.<\/p>\n<p>\u201cLa inspiraci\u00f3n de &#8220;Pa Dentro&#8221; nace con el folclor del caribe colombiano, de la ra\u00edz y la contemplaci\u00f3n del sonido contempor\u00e1neo, una mezcla de \u00c1frica con ind\u00edgena marcando as\u00ed el comienzo de una nueva etapa en la m\u00fasica de Juanes\u201d, afirm\u00f3 el cantautor colombiano acerca de este proyecto.<\/p>\n<p>Si todav\u00eda no te bajaste la App, hacelo desde <a href=\"http:\/\/www.masfm.com\">www.masfm.com\/app<\/a> y recib\u00ed todas las noticias, videos estrenos, concursos y m\u00e1s en tu celu. Lo mejor? Nada de lo que te mandamos ocupa espacio de la memoria de tu celular!!!<\/p>\n<p><img loading=\"lazy\" decoding=\"async\" class=\"alignnone size-full wp-image-5305\" src=\"http:\/\/www.masfm.com.ar\/emisora\/wp-content\/uploads\/2018\/02\/noticias-juanes-4.jpg\" alt=\"\" width=\"690\" height=\"330\" title=\"\" srcset=\"https:\/\/masfm.com\/emisora\/wp-content\/uploads\/2018\/02\/noticias-juanes-4.jpg 690w, https:\/\/masfm.com\/emisora\/wp-content\/uploads\/2018\/02\/noticias-juanes-4-345x165.jpg 345w, https:\/\/masfm.com\/emisora\/wp-content\/uploads\/2018\/02\/noticias-juanes-4-600x287.jpg 600w, https:\/\/masfm.com\/emisora\/wp-content\/uploads\/2018\/02\/noticias-juanes-4-560x268.jpg 560w\" sizes=\"auto, (max-width: 690px) 100vw, 690px\" \/><\/p>\n","protected":false},"excerpt":{"rendered":"<p>El cantautor colombiano rompe los esquemas con su nuevo sencillo y video musical &#8220;Pa Dentro&#8221;, el cual resalta la inclusi\u00f3n, la diversidad, y el empoderamiento femenino. Filmado en exuberantes y representativas locaciones de su natal Medell\u00edn, Colombia, que incluyen el Museo de Arte Moderno (MAMM), la Comuna 13 y el Parqueadero de la Antigua Cl\u00ednica&hellip;<\/p>\n","protected":false},"author":4,"featured_media":2134,"comment_status":"closed","ping_status":"open","sticky":false,"template":"","format":"video","meta":{"footnotes":""},"categories":[2],"tags":[48,47,46,13,14,23],"class_list":["post-6314","post","type-post","status-publish","format-video","has-post-thumbnail","hentry","category-noticias","tag-esporaca","tag-laradioqueseve","tag-masfm959","tag-musica","tag-noticias","tag-video","post_format-post-format-video"],"amp_enabled":true,"_links":{"self":[{"href":"https:\/\/masfm.com\/emisora\/wp-json\/wp\/v2\/posts\/6314","targetHints":{"allow":["GET"]}}],"collection":[{"href":"https:\/\/masfm.com\/emisora\/wp-json\/wp\/v2\/posts"}],"about":[{"href":"https:\/\/masfm.com\/emisora\/wp-json\/wp\/v2\/types\/post"}],"author":[{"embeddable":true,"href":"https:\/\/masfm.com\/emisora\/wp-json\/wp\/v2\/users\/4"}],"replies":[{"embeddable":true,"href":"https:\/\/masfm.com\/emisora\/wp-json\/wp\/v2\/comments?post=6314"}],"version-history":[{"count":0,"href":"https:\/\/masfm.com\/emisora\/wp-json\/wp\/v2\/posts\/6314\/revisions"}],"wp:featuredmedia":[{"embeddable":true,"href":"https:\/\/masfm.com\/emisora\/wp-json\/wp\/v2\/media\/2134"}],"wp:attachment":[{"href":"https:\/\/masfm.com\/emisora\/wp-json\/wp\/v2\/media?parent=6314"}],"wp:term":[{"taxonomy":"category","embeddable":true,"href":"https:\/\/masfm.com\/emisora\/wp-json\/wp\/v2\/categories?post=6314"},{"taxonomy":"post_tag","embeddable":true,"href":"https:\/\/masfm.com\/emisora\/wp-json\/wp\/v2\/tags?post=6314"}],"curies":[{"name":"wp","href":"https:\/\/api.w.org\/{rel}","templated":true}]}}