{"id":6744,"date":"2018-07-10T19:17:46","date_gmt":"2018-07-10T22:17:46","guid":{"rendered":"http:\/\/www.masfm.com.ar\/emisora\/?p=6744"},"modified":"2018-07-10T20:21:14","modified_gmt":"2018-07-10T23:21:14","slug":"no-sera-mucho","status":"publish","type":"post","link":"https:\/\/masfm.com\/emisora\/no-sera-mucho\/","title":{"rendered":"No ser\u00e1 mucho?"},"content":{"rendered":"<p>Es sabido que hay m\u00fasicos con egos demasiado complicados y Marilyn Manson entra en ese par\u00e1metro. Esto qued\u00f3 demostrado durante el Download Festival, en Madrid, cuando invit\u00f3 a subir al escenario a un grupo de fans. Uno de ellos ten\u00eda la remera de Avengen Sevenfold, quienes eran cabeza de cartel de la grilla del festival. Este fan peruano quiso darle un abrazo que Manson esquiv\u00f3 para decirle: \u201cDeber\u00edas quitarte la remera\u201d.<\/p>\n<p>\u201cEsa no es mi banda\u201d, agreg\u00f3 dijo Manson al fan. \u201cEs una banda diferente. Puedes usar esa bandera en lugar de esa camiseta\u201d, al referirse a la insignia peruano que llevaba el seguidor en sus hombros. El joven finalmente accedi\u00f3, quit\u00e1ndose la remera mientras se cubr\u00eda con la bandera peruana. La actitud de Manson se debe a que durante la primera hora de su set, el m\u00fasico fue abucheado por gran parte del p\u00fablico que solo se encontraba para ver a Avenged Sevenfold.<\/p>\n<p>Si todav\u00eda no te bajaste la App, hacelo desde <a href=\"http:\/\/www.masfm.com\/app\">www.masfm.com\/app<\/a> y recib\u00ed todas las noticias, videos estrenos, concursos y m\u00e1s en tu celu. Lo mejor? Nada de lo que te mandamos ocupa espacio de la memoria de tu celular!!!<\/p>\n<p><img loading=\"lazy\" decoding=\"async\" class=\"alignnone size-full wp-image-6752\" src=\"http:\/\/www.masfm.com.ar\/emisora\/wp-content\/uploads\/2018\/07\/noticias-marylin-manson-2.jpg\" alt=\"\" width=\"690\" height=\"330\" title=\"\" srcset=\"https:\/\/masfm.com\/emisora\/wp-content\/uploads\/2018\/07\/noticias-marylin-manson-2.jpg 690w, https:\/\/masfm.com\/emisora\/wp-content\/uploads\/2018\/07\/noticias-marylin-manson-2-345x165.jpg 345w, https:\/\/masfm.com\/emisora\/wp-content\/uploads\/2018\/07\/noticias-marylin-manson-2-600x287.jpg 600w, https:\/\/masfm.com\/emisora\/wp-content\/uploads\/2018\/07\/noticias-marylin-manson-2-560x268.jpg 560w\" sizes=\"auto, (max-width: 690px) 100vw, 690px\" \/><\/p>\n","protected":false},"excerpt":{"rendered":"<p>Es sabido que hay m\u00fasicos con egos demasiado complicados y Marilyn Manson entra en ese par\u00e1metro. Esto qued\u00f3 demostrado durante el Download Festival, en Madrid, cuando invit\u00f3 a subir al escenario a un grupo de fans. Uno de ellos ten\u00eda la remera de Avengen Sevenfold, quienes eran cabeza de cartel de la grilla del festival.&hellip;<\/p>\n","protected":false},"author":4,"featured_media":6753,"comment_status":"closed","ping_status":"open","sticky":false,"template":"","format":"video","meta":{"footnotes":""},"categories":[2],"tags":[48,11,47,46,14],"class_list":["post-6744","post","type-post","status-publish","format-video","has-post-thumbnail","hentry","category-noticias","tag-esporaca","tag-interes-gral","tag-laradioqueseve","tag-masfm959","tag-noticias","post_format-post-format-video"],"amp_enabled":true,"_links":{"self":[{"href":"https:\/\/masfm.com\/emisora\/wp-json\/wp\/v2\/posts\/6744","targetHints":{"allow":["GET"]}}],"collection":[{"href":"https:\/\/masfm.com\/emisora\/wp-json\/wp\/v2\/posts"}],"about":[{"href":"https:\/\/masfm.com\/emisora\/wp-json\/wp\/v2\/types\/post"}],"author":[{"embeddable":true,"href":"https:\/\/masfm.com\/emisora\/wp-json\/wp\/v2\/users\/4"}],"replies":[{"embeddable":true,"href":"https:\/\/masfm.com\/emisora\/wp-json\/wp\/v2\/comments?post=6744"}],"version-history":[{"count":0,"href":"https:\/\/masfm.com\/emisora\/wp-json\/wp\/v2\/posts\/6744\/revisions"}],"wp:featuredmedia":[{"embeddable":true,"href":"https:\/\/masfm.com\/emisora\/wp-json\/wp\/v2\/media\/6753"}],"wp:attachment":[{"href":"https:\/\/masfm.com\/emisora\/wp-json\/wp\/v2\/media?parent=6744"}],"wp:term":[{"taxonomy":"category","embeddable":true,"href":"https:\/\/masfm.com\/emisora\/wp-json\/wp\/v2\/categories?post=6744"},{"taxonomy":"post_tag","embeddable":true,"href":"https:\/\/masfm.com\/emisora\/wp-json\/wp\/v2\/tags?post=6744"}],"curies":[{"name":"wp","href":"https:\/\/api.w.org\/{rel}","templated":true}]}}