{"id":7455,"date":"2018-09-18T19:29:32","date_gmt":"2018-09-18T22:29:32","guid":{"rendered":"https:\/\/www.masfm.com\/emisora\/?p=7455"},"modified":"2018-09-18T19:45:11","modified_gmt":"2018-09-18T22:45:11","slug":"pa-la-calle","status":"publish","type":"post","link":"https:\/\/masfm.com\/emisora\/pa-la-calle\/","title":{"rendered":"Pa\u00b4 la calle."},"content":{"rendered":"<p>El cantante latino de moda, el puertorrique\u00f1o Luis Fonsi, contin\u00faa cosechando \u00e9xitos con sus temas. Sin embargo, el \u00faltimo sencillo en el que ha participado Fonsi podr\u00eda ser a\u00fan m\u00e1s especial para el artista, pues en este se ha unido por primera vez a una persona muy cercana a \u00e9l, su hermano menor, Jean Rodr\u00edguez.<\/p>\n<p>Si este verano todas las discotecas y bares animaban a sus clientes con los ritmos &#8216;Calypso&#8217; &#8211;el tema de Fonsi con Stefllon Don&#8211; y cerraban el verano con &#8216;Sigamos Bailando&#8217; &#8211;del puertorrique\u00f1o con Gianluca Vacchi y Yandel&#8211;, el nuevo curso comienza con otra canci\u00f3n: &#8216;Pa La calle&#8217;.<\/p>\n<p><iframe loading=\"lazy\" src=\"https:\/\/www.youtube.com\/embed\/wgJEar2JU44\" width=\"560\" height=\"315\" frameborder=\"0\" allowfullscreen=\"allowfullscreen\"><\/iframe><\/p>\n<p>Con una melod\u00eda que mezcla m\u00fasica caribe\u00f1a y sonidos urbanos, &#8216;Pa La Calle&#8217; est\u00e1 interpretada por los hermanos Rodr\u00edguez L\u00f3pez-Cepero, el menor de ellos perteneciente al grupo puertorrique\u00f1o &#8216;CoastCity, proyecto musical en el que trabaja junto a Danny Flores.<\/p>\n<p>La alianza entre los tres artistas, todos ellos productores, compositores y cantautores, dista de los temas latinos habituales, no solo por la mezcla entre el ingl\u00e9s y el espa\u00f1ol en su letra, sino por su cercan\u00eda al soul y a los sonidos urbanos.<\/p>\n<p>Se trata de una influencia procedente del estilo de Jean Rodr\u00edguez, quien en una entrevista a &#8216;Telemundo&#8217; indicaba que se encontraba &#8220;en un mundo h\u00edbrido, tiene que ser lo suficientemente latino pero a la vez lo suficiente R&amp;B y soul tambi\u00e9n&#8221;.<\/p>\n<p><img loading=\"lazy\" decoding=\"async\" class=\"alignnone size-full wp-image-7457\" src=\"https:\/\/www.masfm.com\/emisora\/wp-content\/uploads\/2018\/09\/noticias-coastcity-luis-fonsi-1.jpg\" alt=\"\" width=\"690\" height=\"330\" title=\"\" srcset=\"https:\/\/masfm.com\/emisora\/wp-content\/uploads\/2018\/09\/noticias-coastcity-luis-fonsi-1.jpg 690w, https:\/\/masfm.com\/emisora\/wp-content\/uploads\/2018\/09\/noticias-coastcity-luis-fonsi-1-345x165.jpg 345w, https:\/\/masfm.com\/emisora\/wp-content\/uploads\/2018\/09\/noticias-coastcity-luis-fonsi-1-600x287.jpg 600w, https:\/\/masfm.com\/emisora\/wp-content\/uploads\/2018\/09\/noticias-coastcity-luis-fonsi-1-560x268.jpg 560w\" sizes=\"auto, (max-width: 690px) 100vw, 690px\" \/><\/p>\n","protected":false},"excerpt":{"rendered":"<p>El cantante latino de moda, el puertorrique\u00f1o Luis Fonsi, contin\u00faa cosechando \u00e9xitos con sus temas. Sin embargo, el \u00faltimo sencillo en el que ha participado Fonsi podr\u00eda ser a\u00fan m\u00e1s especial para el artista, pues en este se ha unido por primera vez a una persona muy cercana a \u00e9l, su hermano menor, Jean Rodr\u00edguez.&hellip;<\/p>\n","protected":false},"author":4,"featured_media":7456,"comment_status":"closed","ping_status":"open","sticky":false,"template":"","format":"video","meta":{"footnotes":""},"categories":[2],"tags":[48,47,46,13,14,23],"class_list":["post-7455","post","type-post","status-publish","format-video","has-post-thumbnail","hentry","category-noticias","tag-esporaca","tag-laradioqueseve","tag-masfm959","tag-musica","tag-noticias","tag-video","post_format-post-format-video"],"amp_enabled":true,"_links":{"self":[{"href":"https:\/\/masfm.com\/emisora\/wp-json\/wp\/v2\/posts\/7455","targetHints":{"allow":["GET"]}}],"collection":[{"href":"https:\/\/masfm.com\/emisora\/wp-json\/wp\/v2\/posts"}],"about":[{"href":"https:\/\/masfm.com\/emisora\/wp-json\/wp\/v2\/types\/post"}],"author":[{"embeddable":true,"href":"https:\/\/masfm.com\/emisora\/wp-json\/wp\/v2\/users\/4"}],"replies":[{"embeddable":true,"href":"https:\/\/masfm.com\/emisora\/wp-json\/wp\/v2\/comments?post=7455"}],"version-history":[{"count":0,"href":"https:\/\/masfm.com\/emisora\/wp-json\/wp\/v2\/posts\/7455\/revisions"}],"wp:featuredmedia":[{"embeddable":true,"href":"https:\/\/masfm.com\/emisora\/wp-json\/wp\/v2\/media\/7456"}],"wp:attachment":[{"href":"https:\/\/masfm.com\/emisora\/wp-json\/wp\/v2\/media?parent=7455"}],"wp:term":[{"taxonomy":"category","embeddable":true,"href":"https:\/\/masfm.com\/emisora\/wp-json\/wp\/v2\/categories?post=7455"},{"taxonomy":"post_tag","embeddable":true,"href":"https:\/\/masfm.com\/emisora\/wp-json\/wp\/v2\/tags?post=7455"}],"curies":[{"name":"wp","href":"https:\/\/api.w.org\/{rel}","templated":true}]}}